{"id":30105,"date":"2025-10-24T13:32:12","date_gmt":"2025-10-24T13:32:12","guid":{"rendered":"https:\/\/www.europesays.com\/lv\/30105\/"},"modified":"2025-10-24T13:32:12","modified_gmt":"2025-10-24T13:32:12","slug":"latvijas-telpu-futbolisti-ec-spekosies-ar-lidz-sim-sveso-franciju-futbols-sportacentrs-com","status":"publish","type":"post","link":"https:\/\/www.europesays.com\/lv\/30105\/","title":{"rendered":"Latvijas telpu futbolisti E\u010c sp\u0113kosies ar l\u012bdz \u0161im sve\u0161o Franciju \u2013 Futbols \u2013 Sportacentrs.com"},"content":{"rendered":"<p>Latvijai A apak\u0161grup\u0101 pievienoj\u0101s Francija, Horv\u0101tija un Gruzija. Francija ir vien\u012bg\u0101 fin\u0101lturn\u012bra izlase, ar ko Latvijas telpu futbolisti nekad v\u0113l nav tiku\u0161ies.<\/p>\n<p>Izlozes grozi<\/p>\n<p>Pirmais grozs: Portug\u0101le, Francija, Ukraina, Sp\u0101nija.<br \/>Otrais grozs: Horv\u0101tija, Slov\u0113nija, It\u0101lija, \u010cehija.<br \/>Tre\u0161ais grozs: Arm\u0113nija, Gruzija, Baltkrievija, Polija<br \/>Ceturtais grozs: Latvija, Lietuva, Be\u013c\u0123ija un Ung\u0101rija<\/p>\n<p>S\u0101kotn\u0113ji bija paredz\u0113ts, ka Eiropas \u010dempion\u0101tu uz\u0146ems Latvija un Lietuva, bet, \u0146emot v\u0113r\u0101 Baltkrievijas iek\u013c\u016b\u0161anu fin\u0101lturn\u012br\u0101, UEFA bija j\u0101mekl\u0113 v\u0113l cits risin\u0101jums. T\u0101 rezult\u0101t\u0101 pie r\u012bko\u0161anas ties\u012bb\u0101m tika Slov\u0113nija, kas uz\u0146ems gan divas grupas, gan pusfin\u0101lus un fin\u0101lu.<\/p>\n<p>Pirms izlozes ar\u012b bija skaidrs, ka Baltkrievijas izlase nenon\u0101ks vien\u0101 apak\u0161grup\u0101 ar Latviju, Ukrainu un Lietuvu.<\/p>\n<p>Telpu futbola Eiropas \u010dempion\u0101ta grupas<\/p>\n<tr>A grupaB grupaC grupaD grupa<\/tr>\n<tr class=\"even\">\n<td>Latvija<\/td>\n<td>Lietuva<\/td>\n<td>Slov\u0113nija<\/td>\n<td>Portug\u0101le<\/td>\n<\/tr>\n<tr class=\"odd\">\n<td>Francija<\/td>\n<td>Ukraina<\/td>\n<td>Sp\u0101nija<\/td>\n<td>It\u0101lija<\/td>\n<\/tr>\n<tr class=\"even\">\n<td>Horv\u0101tija<\/td>\n<td>\u010cehija<\/td>\n<td>Baltkrievija<\/td>\n<td>Polija<\/td>\n<\/tr>\n<tr class=\"odd\">\n<td>Gruzija<\/td>\n<td>Arm\u0113nija<\/td>\n<td>Be\u013c\u0123ija<\/td>\n<td>Ung\u0101rija<\/td>\n<\/tr>\n<p>\u0160aj\u0101 fin\u0101lturn\u012br\u0101 laukum\u0101 dosies tr\u012bs debitantes \u2013 Latvija, Lietuva un Arm\u0113nija.<\/p>\n<p>J\u0101atz\u012bm\u0113, ka turn\u012bra ceturtda\u013cfin\u0101l\u0101 A grupas divas lab\u0101k\u0101s komandas sp\u0113kosies ar izlas\u0113m, kuras izk\u013c\u016bs no B apak\u0161grupas.<\/p>\n<p>Eiropas \u010dempion\u0101ts telpu futbol\u0101 norisin\u0101sies n\u0101kam\u0101 gada s\u0101kum\u0101 no 21. janv\u0101ra l\u012bdz 7. febru\u0101rim.<\/p>\n","protected":false},"excerpt":{"rendered":"Latvijai A apak\u0161grup\u0101 pievienoj\u0101s Francija, Horv\u0101tija un Gruzija. Francija ir vien\u012bg\u0101 fin\u0101lturn\u012bra izlase, ar ko Latvijas telpu futbolisti&hellip;\n","protected":false},"author":2,"featured_media":30106,"comment_status":"","ping_status":"","sticky":false,"template":"","format":"standard","meta":{"footnotes":""},"categories":[17],"tags":[676,35,39,38,36,37,34,40,67],"class_list":{"0":"post-30105","1":"post","2":"type-post","3":"status-publish","4":"format-standard","5":"has-post-thumbnail","7":"category-sports","8":"tag-futbols","9":"tag-latvia","10":"tag-latvian","11":"tag-latviesu","12":"tag-latviesu-valoda","13":"tag-latviesuvaloda","14":"tag-latvija","15":"tag-lv","16":"tag-sports"},"share_on_mastodon":{"url":"https:\/\/pubeurope.com\/@lv\/115429398465574001","error":""},"_links":{"self":[{"href":"https:\/\/www.europesays.com\/lv\/wp-json\/wp\/v2\/posts\/30105","targetHints":{"allow":["GET"]}}],"collection":[{"href":"https:\/\/www.europesays.com\/lv\/wp-json\/wp\/v2\/posts"}],"about":[{"href":"https:\/\/www.europesays.com\/lv\/wp-json\/wp\/v2\/types\/post"}],"author":[{"embeddable":true,"href":"https:\/\/www.europesays.com\/lv\/wp-json\/wp\/v2\/users\/2"}],"replies":[{"embeddable":true,"href":"https:\/\/www.europesays.com\/lv\/wp-json\/wp\/v2\/comments?post=30105"}],"version-history":[{"count":0,"href":"https:\/\/www.europesays.com\/lv\/wp-json\/wp\/v2\/posts\/30105\/revisions"}],"wp:featuredmedia":[{"embeddable":true,"href":"https:\/\/www.europesays.com\/lv\/wp-json\/wp\/v2\/media\/30106"}],"wp:attachment":[{"href":"https:\/\/www.europesays.com\/lv\/wp-json\/wp\/v2\/media?parent=30105"}],"wp:term":[{"taxonomy":"category","embeddable":true,"href":"https:\/\/www.europesays.com\/lv\/wp-json\/wp\/v2\/categories?post=30105"},{"taxonomy":"post_tag","embeddable":true,"href":"https:\/\/www.europesays.com\/lv\/wp-json\/wp\/v2\/tags?post=30105"}],"curies":[{"name":"wp","href":"https:\/\/api.w.org\/{rel}","templated":true}]}}