{"id":30111,"date":"2025-10-24T13:48:08","date_gmt":"2025-10-24T13:48:08","guid":{"rendered":"https:\/\/www.europesays.com\/lv\/30111\/"},"modified":"2025-10-24T13:48:08","modified_gmt":"2025-10-24T13:48:08","slug":"vasiljevam-kinas-grand-prix-posma-ierindojas-11-pozicija-isaja-programma","status":"publish","type":"post","link":"https:\/\/www.europesays.com\/lv\/30111\/","title":{"rendered":"Vasi\u013cjevam \u0136\u012bnas \u201cGrand Prix\u201d posm\u0101 ierindojas 11. poz\u012bcij\u0101 \u012bsaj\u0101 programm\u0101"},"content":{"rendered":"<p>Izv\u0113les programm\u0101 sportisti sacent\u012bsies sestdien, plkst. 13.40 p\u0113c Latvijas laika, tie\u0161raid\u0113 sacens\u012bbas transl\u0113jot \u201cYouTube\u201d kan\u0101lam \u201cSkating ISU\u201d.<\/p>\n<p>Iepriek\u0161\u0113j\u0101 ned\u0113\u013c\u0101 jau tika zi\u0146ots, ka Vasi\u013cjevs neturpin\u0101s tren\u0113ties 2006. gada olimpisk\u0101 vice\u010dempiona \u0161veicie\u0161a Stefana Lambj\u0113la vad\u012btaj\u0101 dai\u013cslido\u0161anas skol\u0101 \u0160amper\u012b, kur 26 gadus vecais dai\u013cslidot\u0101js pavad\u012bja iepriek\u0161\u0113jos devi\u0146us gadus.<\/p>\n<p>Vasi\u013cjevs \u0161osezon pl\u0101no start\u0113t Mil\u0101nas \u2013 Kort\u012bnas d\u2019Ampeco olimpiskaj\u0101s sp\u0113l\u0113s, pasaules un Eiropas \u010dempion\u0101tos, \u201cGrand Prix\u201d sacens\u012bb\u0101s \u0136\u012bn\u0101 un novembra beig\u0101s Somij\u0101, k\u0101 ar\u012b \u201cGolden Spin\u201d sacens\u012bb\u0101s Horv\u0101tij\u0101.<\/p>\n<p>\u0160\u012b gada pasaules \u010dempion\u0101t\u0101 vi\u0146\u0161 nodro\u0161in\u0101ja Latvijai divas kvotas 2026. gada olimpiskaj\u0101s sp\u0113l\u0113s.<\/p>\n<p>ISU \u201cGrand Prix\u201d fin\u0101ls Jap\u0101nas pils\u0113t\u0101 Nagoj\u0101 notiks decembra s\u0101kum\u0101, un tam kvalific\u0113sies se\u0161i lab\u0101kie dai\u013cslidot\u0101ji. Katrs sportists piedal\u0101s divos posmos.<\/p>\n<p class=\"tv3-fw-500\">Zi\u0146o par k\u013c\u016bdu rakst\u0101<\/p>\n<p class=\"d-md-block d-none\">Iez\u012bm\u0113 k\u013c\u016bdaino tekstu un spied Ctrl+Enter.<\/p>\n<p class=\"d-md-none d-block\">Iez\u012bm\u0113 k\u013c\u016bdaino tekstu un zi\u0146o par to!<\/p>\n","protected":false},"excerpt":{"rendered":"Izv\u0113les programm\u0101 sportisti sacent\u012bsies sestdien, plkst. 13.40 p\u0113c Latvijas laika, tie\u0161raid\u0113 sacens\u012bbas transl\u0113jot \u201cYouTube\u201d kan\u0101lam \u201cSkating ISU\u201d. Iepriek\u0161\u0113j\u0101&hellip;\n","protected":false},"author":2,"featured_media":30112,"comment_status":"","ping_status":"","sticky":false,"template":"","format":"standard","meta":{"footnotes":""},"categories":[5],"tags":[23,28,29,7910,32,33,22,30,31,35,39,38,36,37,34,40,20,26,27,24,25,21],"class_list":{"0":"post-30111","1":"post","2":"type-post","3":"status-publish","4":"format-standard","5":"has-post-thumbnail","7":"category-aktualitates","8":"tag-aktualitates","9":"tag-breaking-news","10":"tag-breakingnews","11":"tag-dailslidosanadeniss-vasiljevsziemas-sports","12":"tag-featured-news","13":"tag-featurednews","14":"tag-headlines","15":"tag-latest-news","16":"tag-latestnews","17":"tag-latvia","18":"tag-latvian","19":"tag-latviesu","20":"tag-latviesu-valoda","21":"tag-latviesuvaloda","22":"tag-latvija","23":"tag-lv","24":"tag-news","25":"tag-popularakas-zinas","26":"tag-popularakaszinas","27":"tag-top-stories","28":"tag-topstories","29":"tag-zinas"},"share_on_mastodon":{"url":"https:\/\/pubeurope.com\/@lv\/115429461351059467","error":""},"_links":{"self":[{"href":"https:\/\/www.europesays.com\/lv\/wp-json\/wp\/v2\/posts\/30111","targetHints":{"allow":["GET"]}}],"collection":[{"href":"https:\/\/www.europesays.com\/lv\/wp-json\/wp\/v2\/posts"}],"about":[{"href":"https:\/\/www.europesays.com\/lv\/wp-json\/wp\/v2\/types\/post"}],"author":[{"embeddable":true,"href":"https:\/\/www.europesays.com\/lv\/wp-json\/wp\/v2\/users\/2"}],"replies":[{"embeddable":true,"href":"https:\/\/www.europesays.com\/lv\/wp-json\/wp\/v2\/comments?post=30111"}],"version-history":[{"count":0,"href":"https:\/\/www.europesays.com\/lv\/wp-json\/wp\/v2\/posts\/30111\/revisions"}],"wp:featuredmedia":[{"embeddable":true,"href":"https:\/\/www.europesays.com\/lv\/wp-json\/wp\/v2\/media\/30112"}],"wp:attachment":[{"href":"https:\/\/www.europesays.com\/lv\/wp-json\/wp\/v2\/media?parent=30111"}],"wp:term":[{"taxonomy":"category","embeddable":true,"href":"https:\/\/www.europesays.com\/lv\/wp-json\/wp\/v2\/categories?post=30111"},{"taxonomy":"post_tag","embeddable":true,"href":"https:\/\/www.europesays.com\/lv\/wp-json\/wp\/v2\/tags?post=30111"}],"curies":[{"name":"wp","href":"https:\/\/api.w.org\/{rel}","templated":true}]}}