{"id":30115,"date":"2025-10-24T14:00:14","date_gmt":"2025-10-24T14:00:14","guid":{"rendered":"https:\/\/www.europesays.com\/lv\/30115\/"},"modified":"2025-10-24T14:00:14","modified_gmt":"2025-10-24T14:00:14","slug":"prokuratura-atklaj-precizakus-divu-zenu-naves-apstaklus-plavniekos","status":"publish","type":"post","link":"https:\/\/www.europesays.com\/lv\/30115\/","title":{"rendered":"Prokurat\u016bra atkl\u0101j prec\u012bz\u0101kus divu z\u0113nu n\u0101ves apst\u0101k\u013cus P\u013cavniekos"},"content":{"rendered":"<p>\u0160ogad febru\u0101r\u012b notiku\u0161aj\u0101 tra\u0123\u0113dij\u0101 P\u013cavniekos viens no puik\u0101m ar t\u0113va Pilson\u012bbas un migr\u0101cijas lietu p\u0101rvaldes (<a rel=\"noopener nofollow\" target=\"_blank\" href=\"https:\/\/www.delfi.lv\/temas\/42058048\/pmlp\" tag-id=\"42058048\">PMLP<\/a>) darbinieka ieroci nejau\u0161i no\u0161\u0101vis otru un p\u0113c tam ie\u0161\u0101vis sev galv\u0101.<\/p>\n<p>L\u012bdz \u0161im ties\u012bbsarg\u0101jo\u0161\u0101s iest\u0101des nebija prec\u012bzi atkl\u0101ju\u0161as z\u0113nu n\u0101ves apst\u0101k\u013cus.<\/p>\n<p>Tagad prokurat\u016br\u0101 past\u0101st\u012bja, ka personai aps\u016bdz\u012bba celta p\u0113c diviem Krimin\u0101llikuma pantiem, proti, par \u0161aujamiero\u010da, \u0161aujamiero\u010da b\u016btisko sast\u0101vda\u013cu, \u0161aujamiero\u010da mun\u012bcijas glab\u0101\u0161anu, p\u0101rk\u0101pjot normat\u012bvos aktus, ja tas izrais\u012bjis smagas sekas, un par \u0161aujamiero\u010da mun\u012bcijas glab\u0101\u0161anu bez attiec\u012bgas at\u013caujas.<\/p>\n<p>Aps\u016bdz\u012bba aps\u016bdz\u0113tajam izsniegta \u0161oned\u0113\u013c, un, k\u0101 nor\u0101d\u012bja prokurat\u016br\u0101, personai bija nepiecie\u0161am\u0101 at\u013cauja gan iero\u010da, gan mun\u012bcijas glab\u0101\u0161anai, ta\u010du tika atrastas ar\u012b divas citiem iero\u010diem paredz\u0113tas patronas, kuru glab\u0101\u0161anai nebija at\u013caujas.<\/p>\n<p>Aps\u016bdz\u0113tais, zinot, ka vi\u0146am izsniegt\u0101 \u0161aujamiero\u010da glab\u0101\u0161anas at\u013cauja nosaka un uzliek pien\u0101kumus iev\u0113rot valsts noteikt\u0101s dro\u0161\u012bbas pras\u012bbas \u0161aujamiero\u010da, \u0161aujamiero\u010da b\u016btisko sast\u0101vda\u013cu un \u0161aujamiero\u010du mun\u012bcijas glab\u0101\u0161an\u0101, p\u0101rk\u0101pa Iero\u010du aprites likuma normu un Ministru kabineta noteikumu par iero\u010du un mun\u012bcijas apriti normu, uzskata prokurat\u016bra.<\/p>\n<p>Aps\u016bdz\u0113tais atst\u0101ja dz\u012bvokl\u012b izmekl\u0113\u0161anas laik\u0101 prec\u012bzi nenoskaidrot\u0101 viet\u0101 atsl\u0113gas no seifa, l\u012bdz ar to nenodro\u0161inot, ka citas personas nevar piek\u013c\u016bt seifam. T\u0101d\u0101 veid\u0101 seifa atsl\u0113gas k\u013cuva pieejamas mazgad\u012bg\u0101m person\u0101m \u2013 aps\u016bdz\u0113t\u0101 d\u0113lam un vi\u0146a klasesbiedram \u2013, kuras piek\u013cuva taj\u0101 glab\u0101tajai mun\u012bcijai un \u0161aujamierocim, kas tika pa\u0146emts un aiztikts, nor\u0101da prokurat\u016bra.<\/p>\n<p>Pirmstiesas izmekl\u0113\u0161anas laik\u0101 tika noskaidrots, ka mazgad\u012bgais, nev\u0113r\u012bgi un neuzman\u012bgi r\u012bkojoties ar \u0161aujamieroci, izdar\u012bja \u0161\u0101vienu klasesbiedra virzien\u0101, p\u0113c k\u0101 virz\u012bja \u0161aujamieroci ar stobru pret savu pieri un izdar\u012bja \u0161\u0101vienu, k\u0101 rezult\u0101t\u0101 iest\u0101j\u0101s abu b\u0113rnu n\u0101ve, past\u0101st\u012bja prokurat\u016br\u0101.<\/p>\n<p>Lasiet ar\u012b<\/p>\n<p><a href=\"https:\/\/www.delfi.lv\/161\/criminal\/120089592\/divu-zenu-nave-plavniekos-rosina-sakt-kriminalvajasanu-pret-pmlp-darbinieku\" class=\"headline__image-link\" itemprop=\"url\" rel=\"nofollow noopener\" target=\"_blank\"><img decoding=\"async\" loading=\"lazy\" itemprop=\"image\" src=\"https:\/\/www.europesays.com\/lv\/wp-content\/uploads\/2025\/10\/4da39bcc-13d9-4bba-adbd-bd8702ddd808.jpg\" alt=\"Divu z\u0113nu n\u0101ve P\u013cavniekos: rosina s\u0101kt krimin\u0101lvaj\u0101\u0161anu pret PMLP darbinieku\" title=\"Divu z\u0113nu n\u0101ve P\u013cavniekos: rosina s\u0101kt krimin\u0101lvaj\u0101\u0161anu pret PMLP darbinieku\" class=\"headline__image img-fluid w-100\"\/><\/a><\/p>\n<p>Jau zi\u0146ots, ka lietu pirms nodo\u0161anas prokurat\u016br\u0101 izmekl\u0113ja <a rel=\"noopener nofollow\" target=\"_blank\" href=\"https:\/\/www.delfi.lv\/temas\/52493981\/ieksejas-drosibas-birojs\" tag-id=\"52493981\">Iek\u0161\u0113j\u0101s dro\u0161\u012bbas birojs<\/a> (IDB).<\/p>\n<p>IDB iepriek\u0161 pazi\u0146ojum\u0101 medijiem v\u0113st\u012bja, ka IDB liet\u0101 sadarb\u012bb\u0101 ar uzraugo\u0161o prokuroru veicis &#8220;apjom\u012bgu izmekl\u0113\u0161anu, pier\u0101d\u012bjumu ieg\u016b\u0161anu un p\u0101rbaudi notiku\u0161\u0101 faktisko apst\u0101k\u013cu noskaidro\u0161anai&#8221;. Biju\u0161as noteiktas vair\u0101kas &#8220;sare\u017e\u0123\u012btas un izpildes zi\u0146\u0101 laikietilp\u012bgas ekspert\u012bzes&#8221;. Izmekl\u0113t\u0101jiem s\u0101kotn\u0113ji nav biju\u0161i skaidri notikuma faktiskie apst\u0101k\u013ci, bet izmekl\u0113\u0161anas laik\u0101 rekonstru\u0113tas b\u0113rnu dienas gaitas un n\u0101ves iest\u0101\u0161an\u0101s apst\u0101k\u013ci.<\/p>\n<p>Pabeidzot \u0161o izmekl\u0113\u0161anu, pie\u0146emts l\u0113mums par krimin\u0101lprocesa izbeig\u0161anu da\u013c\u0101 par non\u0101v\u0113\u0161anu, jo &#8220;konstat\u0113ti krimin\u0101lprocesu nepie\u013caujo\u0161i apst\u0101k\u013ci&#8221;. Krimin\u0101lprocesa likum\u0101 uzskat\u012bti vair\u0101ki \u0161\u0101di apst\u0101k\u013ci, piem\u0113ram, ja persona, kura saucama pie krimin\u0101latbild\u012bbas, ir mirusi.<\/p>\n<p>2025. gada 7. febru\u0101r\u012b R\u012bg\u0101, k\u0101d\u0101 P\u013cavnieku daudzdz\u012bvok\u013cu nama dz\u012bvokl\u012b, tika atrasti divi 2012. gad\u0101 dzimu\u0161u z\u0113nu l\u012b\u0137i ar \u0161aut\u0101m br\u016bc\u0113m.<\/p>\n<p class=\"m-0\">Seko &#8220;Delfi&#8221; ar\u012b  <a target=\"_blank\" href=\"https:\/\/www.instagram.com\/delfi.lv\/\" rel=\"nofollow noopener\">Instagram<\/a>  un <a target=\"_blank\" href=\"https:\/\/www.youtube.com\/channel\/UCw5foWtcJvAbUm64rv7jwUQ\" rel=\"nofollow noopener\">YouTube<\/a>  profil\u0101 \u2013 pievienojies, lai uzzin\u0101tu svar\u012bg\u0101ko un interesant\u0101ko pirmais!<\/p>\n<p>Publik\u0101cijas saturs vai t\u0101s jebk\u0101da apjoma da\u013ca ir aizsarg\u0101ts autorties\u012bbu objekts Autorties\u012bbu likuma izpratn\u0113, un t\u0101 izmanto\u0161ana bez izdev\u0113ja at\u013caujas ir aizliegta. Vair\u0101k lasi  <a target=\"_blank\" href=\"https:\/\/www.delfi.lv\/noteikumi#autortiesibas\" rel=\"nofollow noopener\">\u0161eit<\/a><script async src=\"\/\/www.instagram.com\/embed.js\"><\/script><\/p>\n","protected":false},"excerpt":{"rendered":"\u0160ogad febru\u0101r\u012b notiku\u0161aj\u0101 tra\u0123\u0113dij\u0101 P\u013cavniekos viens no puik\u0101m ar t\u0113va Pilson\u012bbas un migr\u0101cijas lietu p\u0101rvaldes (PMLP) darbinieka ieroci&hellip;\n","protected":false},"author":2,"featured_media":30116,"comment_status":"","ping_status":"","sticky":false,"template":"","format":"standard","meta":{"footnotes":""},"categories":[5],"tags":[23,28,29,32,33,22,9169,30,31,35,39,38,36,37,34,40,20,161,26,27,24,25,21],"class_list":{"0":"post-30115","1":"post","2":"type-post","3":"status-publish","4":"format-standard","5":"has-post-thumbnail","7":"category-aktualitates","8":"tag-aktualitates","9":"tag-breaking-news","10":"tag-breakingnews","11":"tag-featured-news","12":"tag-featurednews","13":"tag-headlines","14":"tag-ieksejas-drosibas-birojs","15":"tag-latest-news","16":"tag-latestnews","17":"tag-latvia","18":"tag-latvian","19":"tag-latviesu","20":"tag-latviesu-valoda","21":"tag-latviesuvaloda","22":"tag-latvija","23":"tag-lv","24":"tag-news","25":"tag-pmlp","26":"tag-popularakas-zinas","27":"tag-popularakaszinas","28":"tag-top-stories","29":"tag-topstories","30":"tag-zinas"},"share_on_mastodon":{"url":"https:\/\/pubeurope.com\/@lv\/115429508567260165","error":""},"_links":{"self":[{"href":"https:\/\/www.europesays.com\/lv\/wp-json\/wp\/v2\/posts\/30115","targetHints":{"allow":["GET"]}}],"collection":[{"href":"https:\/\/www.europesays.com\/lv\/wp-json\/wp\/v2\/posts"}],"about":[{"href":"https:\/\/www.europesays.com\/lv\/wp-json\/wp\/v2\/types\/post"}],"author":[{"embeddable":true,"href":"https:\/\/www.europesays.com\/lv\/wp-json\/wp\/v2\/users\/2"}],"replies":[{"embeddable":true,"href":"https:\/\/www.europesays.com\/lv\/wp-json\/wp\/v2\/comments?post=30115"}],"version-history":[{"count":0,"href":"https:\/\/www.europesays.com\/lv\/wp-json\/wp\/v2\/posts\/30115\/revisions"}],"wp:featuredmedia":[{"embeddable":true,"href":"https:\/\/www.europesays.com\/lv\/wp-json\/wp\/v2\/media\/30116"}],"wp:attachment":[{"href":"https:\/\/www.europesays.com\/lv\/wp-json\/wp\/v2\/media?parent=30115"}],"wp:term":[{"taxonomy":"category","embeddable":true,"href":"https:\/\/www.europesays.com\/lv\/wp-json\/wp\/v2\/categories?post=30115"},{"taxonomy":"post_tag","embeddable":true,"href":"https:\/\/www.europesays.com\/lv\/wp-json\/wp\/v2\/tags?post=30115"}],"curies":[{"name":"wp","href":"https:\/\/api.w.org\/{rel}","templated":true}]}}