{"id":30117,"date":"2025-10-24T14:06:09","date_gmt":"2025-10-24T14:06:09","guid":{"rendered":"https:\/\/www.europesays.com\/lv\/30117\/"},"modified":"2025-10-24T14:06:09","modified_gmt":"2025-10-24T14:06:09","slug":"vasiljevam-pieticigs-rezultats-isaja-programma-kinas-grand-prix-posma","status":"publish","type":"post","link":"https:\/\/www.europesays.com\/lv\/30117\/","title":{"rendered":"Vasi\u013cjevam pietic\u012bgs rezult\u0101ts \u012bsaj\u0101 programm\u0101 \u0136\u012bnas &#8220;Grand Prix&#8221; posm\u0101"},"content":{"rendered":"<p>\u012asaj\u0101 programm\u0101 Vasi\u013cjevs sakr\u0101ja 66,54 punktus, ie\u0146emot 11. vietu 12 sportistu sacens\u012bb\u0101s.<\/p>\n<p>Lab\u0101ko rezult\u0101tu 94,13 punkti sasniedza jap\u0101nis \u0160uns Sato, otrais ar 90,42 punktiem bija It\u0101lijas sportists Daniels Grasls, bet tre\u0161ais ar 88,33 punktiem &#8211; Kazahst\u0101nas p\u0101rst\u0101vis Mihails \u0160aidorovs.<\/p>\n<p>Izv\u0113les programm\u0101 sportisti sacent\u012bsies sestdien, plkst. 13.40 p\u0113c Latvijas laika, tie\u0161raid\u0113 sacens\u012bbas transl\u0113jot &#8220;YouTube&#8221; kan\u0101lam &#8220;Skating ISU&#8221;.<\/p>\n<p>Iepriek\u0161\u0113j\u0101 ned\u0113\u013c\u0101 jau tika zi\u0146ots, ka Vasi\u013cjevs neturpin\u0101s tren\u0113ties 2006. gada olimpisk\u0101 vice\u010dempiona \u0161veicie\u0161a Stefana Lambj\u0113la vad\u012btaj\u0101 dai\u013cslido\u0161anas skol\u0101 \u0160amper\u012b, kur 26 gadus vecais dai\u013cslidot\u0101js pavad\u012bja iepriek\u0161\u0113jos devi\u0146us gadus.<\/p>\n<p>Vasi\u013cjevs \u0161osezon pl\u0101no start\u0113t Mil\u0101nas &#8211; Kort\u012bnas d&#8217;Ampeco olimpiskaj\u0101s sp\u0113l\u0113s, pasaules un Eiropas \u010dempion\u0101tos, &#8220;Grand Prix&#8221; sacens\u012bb\u0101s \u0136\u012bn\u0101 un novembra beig\u0101s Somij\u0101, k\u0101 ar\u012b &#8220;Golden Spin&#8221; sacens\u012bb\u0101s Horv\u0101tij\u0101. \u0160\u012b gada pasaules \u010dempion\u0101t\u0101 vi\u0146\u0161 nodro\u0161in\u0101ja Latvijai divas kvotas 2026. gada olimpiskaj\u0101s sp\u0113l\u0113s.<\/p>\n<p>ISU &#8220;Grand Prix&#8221; fin\u0101ls Jap\u0101nas pils\u0113t\u0101 Nagoj\u0101 notiks decembra s\u0101kum\u0101, un tam kvalific\u0113sies se\u0161i lab\u0101kie dai\u013cslidot\u0101ji. Katrs sportists piedal\u0101s divos posmos.<\/p>\n","protected":false},"excerpt":{"rendered":"\u012asaj\u0101 programm\u0101 Vasi\u013cjevs sakr\u0101ja 66,54 punktus, ie\u0146emot 11. vietu 12 sportistu sacens\u012bb\u0101s. Lab\u0101ko rezult\u0101tu 94,13 punkti sasniedza jap\u0101nis&hellip;\n","protected":false},"author":2,"featured_media":25361,"comment_status":"","ping_status":"","sticky":false,"template":"","format":"standard","meta":{"footnotes":""},"categories":[5],"tags":[23,28,29,1295,1294,32,33,22,30,31,35,39,38,36,37,34,40,20,26,27,24,25,21],"class_list":{"0":"post-30117","1":"post","2":"type-post","3":"status-publish","4":"format-standard","5":"has-post-thumbnail","7":"category-aktualitates","8":"tag-aktualitates","9":"tag-breaking-news","10":"tag-breakingnews","11":"tag-dailslidosana","12":"tag-deniss-vasiljevs","13":"tag-featured-news","14":"tag-featurednews","15":"tag-headlines","16":"tag-latest-news","17":"tag-latestnews","18":"tag-latvia","19":"tag-latvian","20":"tag-latviesu","21":"tag-latviesu-valoda","22":"tag-latviesuvaloda","23":"tag-latvija","24":"tag-lv","25":"tag-news","26":"tag-popularakas-zinas","27":"tag-popularakaszinas","28":"tag-top-stories","29":"tag-topstories","30":"tag-zinas"},"share_on_mastodon":{"url":"https:\/\/pubeurope.com\/@lv\/115429532259559315","error":""},"_links":{"self":[{"href":"https:\/\/www.europesays.com\/lv\/wp-json\/wp\/v2\/posts\/30117","targetHints":{"allow":["GET"]}}],"collection":[{"href":"https:\/\/www.europesays.com\/lv\/wp-json\/wp\/v2\/posts"}],"about":[{"href":"https:\/\/www.europesays.com\/lv\/wp-json\/wp\/v2\/types\/post"}],"author":[{"embeddable":true,"href":"https:\/\/www.europesays.com\/lv\/wp-json\/wp\/v2\/users\/2"}],"replies":[{"embeddable":true,"href":"https:\/\/www.europesays.com\/lv\/wp-json\/wp\/v2\/comments?post=30117"}],"version-history":[{"count":0,"href":"https:\/\/www.europesays.com\/lv\/wp-json\/wp\/v2\/posts\/30117\/revisions"}],"wp:featuredmedia":[{"embeddable":true,"href":"https:\/\/www.europesays.com\/lv\/wp-json\/wp\/v2\/media\/25361"}],"wp:attachment":[{"href":"https:\/\/www.europesays.com\/lv\/wp-json\/wp\/v2\/media?parent=30117"}],"wp:term":[{"taxonomy":"category","embeddable":true,"href":"https:\/\/www.europesays.com\/lv\/wp-json\/wp\/v2\/categories?post=30117"},{"taxonomy":"post_tag","embeddable":true,"href":"https:\/\/www.europesays.com\/lv\/wp-json\/wp\/v2\/tags?post=30117"}],"curies":[{"name":"wp","href":"https:\/\/api.w.org\/{rel}","templated":true}]}}