{"id":30120,"date":"2025-10-24T14:12:10","date_gmt":"2025-10-24T14:12:10","guid":{"rendered":"https:\/\/www.europesays.com\/lv\/30120\/"},"modified":"2025-10-24T14:12:10","modified_gmt":"2025-10-24T14:12:10","slug":"petijuma-riga-apzina-lidz-tukstotim-bezpajumtnieku-visbiezak-stasta-par-paradiem-un-veselibas-problemam-raksts","status":"publish","type":"post","link":"https:\/\/www.europesays.com\/lv\/30120\/","title":{"rendered":"P\u0113t\u012bjum\u0101 R\u012bg\u0101 apzina l\u012bdz t\u016bkstotim bezpajumtnieku, visbie\u017e\u0101k st\u0101sta par par\u0101diem un vesel\u012bbas probl\u0113m\u0101m \/ Raksts"},"content":{"rendered":"<p>R\u012bg\u0101 apzin\u0101ti l\u012bdz t\u016bkstotim bezpajumtnieku, t\u0101 par \u0161oned\u0113\u013c notiku\u0161\u0101 p\u0113t\u012bjum\u0101 provizoriski uzzin\u0101to Latvijas Radio raid\u012bjum\u0101 &#8220;Labr\u012bt&#8221; past\u0101st\u012bja Latvijas Universit\u0101tes Ekonomikas un soci\u0101lo zin\u0101t\u0146u fakult\u0101tes antropolo\u0123ijas lektors, p\u0113tnieks K\u0101rlis Lak\u0161evics. \u0160oned\u0113\u013c R\u012bg\u0101, l\u012bdz\u012bgi k\u0101 cit\u0101s Eiropas valst\u012bs, skait\u012bja bez pajumtes paliku\u0161os.\u00a0<\/p>\n<p>P\u0113t\u012bjums noticis p\u0113c Eiropas Komisijas iniciat\u012bvas. T\u0101 atg\u0101din\u0101jusi m\u0113r\u0137i par Eiropu bez bezpajumtniekiem 2030. gad\u0101. T\u0101p\u0113c p\u0113t\u012bjuma galvenais nol\u016bks bijis nevis saskait\u012bt cilv\u0113kus bez pajumtes, bet izzin\u0101t iemeslus, k\u0101 vi\u0146i non\u0101ku\u0161i \u0161\u0101d\u0101 situ\u0101cij\u0101.\u00a0<\/p>\n<p>St\u0101stot par aptauj\u0101s ar cilv\u0113kiem bez pajumtes dzird\u0113to, Lak\u0161evics uzsv\u0113ra, ka visbie\u017e\u0101k par iemesliem non\u0101k\u0161anai bezpajumtnieka status\u0101 cilv\u0113ki min\u0113ju\u0161i par\u0101dsaist\u012bbas, k\u0101 ar\u012b vesel\u012bbas probl\u0113mas, kas k\u0101d\u0101 br\u012bd\u012b liegu\u0161as turpin\u0101t darbu.\u00a0<\/p>\n<blockquote>\n<p>Tas ir m\u012bts, ka bezpajumtniec\u012bba ar dz\u012bvi uz ielas, naktspatversm\u0113, mazd\u0101rzi\u0146u teritorij\u0101 vai citviet pils\u0113tvid\u0113 b\u016btu cilv\u0113ka br\u012bva izv\u0113le, pauda p\u0113tnieks.\u00a0<\/p>\n<\/blockquote>\n<p>&#8220;Visbie\u017e\u0101k ir bijis k\u0101ds kritisks moments dz\u012bv\u0113 pirms m\u0101jok\u013ca zaud\u0113\u0161anas. Piem\u0113ram, sare\u017e\u0123\u012bti dz\u0113\u0161amas par\u0101dsaist\u012bbas. (..)\u00a0Liel\u0101k\u0101 da\u013ca \u0161o cilv\u0113ku, kad jaut\u0101, kas visvair\u0101k vajadz\u012bgs, atbild\u0113ja,\u00a0lai ir k\u0101da istabi\u0146a, kur dz\u012bvot,&#8221; sac\u012bja Lak\u0161evics.\u00a0<\/p>\n<p>Par iesp\u0113jamiem pa\u0161vald\u012bbu un valsts risin\u0101jumiem bezpajumtnieku probl\u0113mai v\u0113rt\u0113ti ar\u012b aspekti par to, cik izmaks\u0101 neatliekam\u0101s pal\u012bdz\u012bbas brig\u0101\u017eu, pa\u0161vald\u012bbas policijas iesaiste un patversmju uztur\u0113\u0161ana, un vai l\u0113t\u0101k neb\u016btu \u0161iem cilv\u0113kiem nodro\u0161in\u0101t past\u0101v\u012bgu dz\u012bvesvietu. Pie \u0161\u0101diem secin\u0101jumiem non\u0101kusi, piem\u0113ram, Somija.\u00a0<\/p>\n<p>R\u012bg\u0101 notiku\u0161\u0101 p\u0113t\u012bjuma prec\u012bzus datus un pla\u0161\u0101kus secin\u0101jumus v\u0113l apkopos.<\/p>\n<p>                    Valodas k\u013c\u016bda rakst\u0101?<\/p>\n<p class=\"d-none d-md-block\">Iez\u012bm\u0113jiet tekstu un spiediet Ctrl+Enter, lai nos\u016bt\u012btu labojamo teksta fragmentu redaktoram! Par faktu k\u013c\u016bd\u0101m l\u016bdzam zi\u0146ot e-past\u0101 <a href=\"https:\/\/www.lsm.lv\/cdn-cgi\/l\/email-protection\" class=\"__cf_email__\" data-cfemail=\"d6a4b3b2b7bdb5bfbcb796baa5bbf8baa0\" rel=\"nofollow noopener\" target=\"_blank\">[email\u00a0protected]<\/a>.<\/p>\n<p class=\"d-md-none\">Iez\u012bm\u0113jiet tekstu un spiediet uz Zi\u0146ot par k\u013c\u016bdu pogas, lai nos\u016bt\u012btu labojamo teksta fragmentu redaktoram!<\/p>\n<p>\n                    Zi\u0146ot par k\u013c\u016bdu\n                <\/p>\n","protected":false},"excerpt":{"rendered":"R\u012bg\u0101 apzin\u0101ti l\u012bdz t\u016bkstotim bezpajumtnieku, t\u0101 par \u0161oned\u0113\u013c notiku\u0161\u0101 p\u0113t\u012bjum\u0101 provizoriski uzzin\u0101to Latvijas Radio raid\u012bjum\u0101 &#8220;Labr\u012bt&#8221; past\u0101st\u012bja Latvijas&hellip;\n","protected":false},"author":2,"featured_media":30121,"comment_status":"","ping_status":"","sticky":false,"template":"","format":"standard","meta":{"footnotes":""},"categories":[5],"tags":[23,28,29,32,33,22,30,31,35,39,38,36,37,34,40,20,26,27,24,25,21],"class_list":{"0":"post-30120","1":"post","2":"type-post","3":"status-publish","4":"format-standard","5":"has-post-thumbnail","7":"category-aktualitates","8":"tag-aktualitates","9":"tag-breaking-news","10":"tag-breakingnews","11":"tag-featured-news","12":"tag-featurednews","13":"tag-headlines","14":"tag-latest-news","15":"tag-latestnews","16":"tag-latvia","17":"tag-latvian","18":"tag-latviesu","19":"tag-latviesu-valoda","20":"tag-latviesuvaloda","21":"tag-latvija","22":"tag-lv","23":"tag-news","24":"tag-popularakas-zinas","25":"tag-popularakaszinas","26":"tag-top-stories","27":"tag-topstories","28":"tag-zinas"},"share_on_mastodon":{"url":"https:\/\/pubeurope.com\/@lv\/115429555932266798","error":""},"_links":{"self":[{"href":"https:\/\/www.europesays.com\/lv\/wp-json\/wp\/v2\/posts\/30120","targetHints":{"allow":["GET"]}}],"collection":[{"href":"https:\/\/www.europesays.com\/lv\/wp-json\/wp\/v2\/posts"}],"about":[{"href":"https:\/\/www.europesays.com\/lv\/wp-json\/wp\/v2\/types\/post"}],"author":[{"embeddable":true,"href":"https:\/\/www.europesays.com\/lv\/wp-json\/wp\/v2\/users\/2"}],"replies":[{"embeddable":true,"href":"https:\/\/www.europesays.com\/lv\/wp-json\/wp\/v2\/comments?post=30120"}],"version-history":[{"count":0,"href":"https:\/\/www.europesays.com\/lv\/wp-json\/wp\/v2\/posts\/30120\/revisions"}],"wp:featuredmedia":[{"embeddable":true,"href":"https:\/\/www.europesays.com\/lv\/wp-json\/wp\/v2\/media\/30121"}],"wp:attachment":[{"href":"https:\/\/www.europesays.com\/lv\/wp-json\/wp\/v2\/media?parent=30120"}],"wp:term":[{"taxonomy":"category","embeddable":true,"href":"https:\/\/www.europesays.com\/lv\/wp-json\/wp\/v2\/categories?post=30120"},{"taxonomy":"post_tag","embeddable":true,"href":"https:\/\/www.europesays.com\/lv\/wp-json\/wp\/v2\/tags?post=30120"}],"curies":[{"name":"wp","href":"https:\/\/api.w.org\/{rel}","templated":true}]}}