{"id":30142,"date":"2025-10-24T14:48:08","date_gmt":"2025-10-24T14:48:08","guid":{"rendered":"https:\/\/www.europesays.com\/lv\/30142\/"},"modified":"2025-10-24T14:48:08","modified_gmt":"2025-10-24T14:48:08","slug":"putina-sutnis-steidzami-lido-uz-asv-ko-prezidenti-no-mums-slepj","status":"publish","type":"post","link":"https:\/\/www.europesays.com\/lv\/30142\/","title":{"rendered":"Putina s\u016btnis steidzami lido uz ASV: ko prezidenti no mums sl\u0113pj?"},"content":{"rendered":"<p>    <img decoding=\"async\" src=\"https:\/\/www.europesays.com\/lv\/wp-content\/uploads\/2025\/10\/1761317288_558_20250213_aaa_s197_001-1-800x534.jpg\" alt=\"&#10;Krievijas prezidents Vladimirs Putins (foto \u2013 no kreis\u0101s) un ASV prezidents Donalds Tramps.&#10;\"\/><\/p>\n<p>Krievijas prezidents Vladimirs Putins (foto \u2013 no kreis\u0101s) un ASV prezidents Donalds Tramps.<\/p>\n<p>Foto: ZUMAPRESS.com\/SCANPIX\n<\/p>\n<p>Krievijas diktatora Vladimira Putina \u012bpa\u0161ais s\u016btnis un Krievijas Tie\u0161o invest\u012bciju fonda vad\u012bt\u0101js Kirils Dmitrijevs ieradies ASV uz ofici\u0101l\u0101m sarun\u0101m, v\u0113sta telekan\u0101ls CNN, atsaucoties uz inform\u0113tiem avotiem.<\/p>\n<p>        Las\u012bt\u0101kie<br \/>\n        <a data-imagesrc=\"{&quot;300&quot;:&quot;https:\\\/\\\/lastatic.ams3.cdn.digitaloceanspaces.com\\\/2025\\\/10\\\/Untitled-1500-x-1000-px-2025-10-24T074550.415-300x200.jpg&quot;,&quot;1024&quot;:&quot;https:\\\/\\\/lastatic.ams3.cdn.digitaloceanspaces.com\\\/2025\\\/10\\\/Untitled-1500-x-1000-px-2025-10-24T074550.415-1024x683.jpg&quot;,&quot;500&quot;:&quot;https:\\\/\\\/lastatic.ams3.cdn.digitaloceanspaces.com\\\/2025\\\/10\\\/Untitled-1500-x-1000-px-2025-10-24T074550.415-500x333.jpg&quot;,&quot;800&quot;:&quot;https:\\\/\\\/lastatic.ams3.cdn.digitaloceanspaces.com\\\/2025\\\/10\\\/Untitled-1500-x-1000-px-2025-10-24T074550.415-800x533.jpg&quot;,&quot;1500&quot;:&quot;https:\\\/\\\/lastatic.ams3.cdn.digitaloceanspaces.com\\\/2025\\\/10\\\/Untitled-1500-x-1000-px-2025-10-24T074550.415.jpg&quot;}\" data-focuspoint=\"&quot;&quot;\" data-p=\"2455084\" href=\"https:\/\/www.la.lv\/krievi-atbild-par-ielidosanu-lietuvas-gaisa-telpa-mums-ir-objektivi-pieradijumi\" class=\"content-item lazy-load\" wp_automatic_readability=\"26\" rel=\"nofollow noopener\" target=\"_blank\"><\/p>\n<p>                                <img decoding=\"async\" src=\"\" alt=\"\" style=\"\" data-imageid=\"\"\/><\/p>\n<p>\n                                                Krievi atbild par ielido\u0161anu Lietuvas gaisa telp\u0101: \u201cMums ir objekt\u012bvi pier\u0101d\u012bjumi!\u201d\n                            <\/p>\n<p><\/a><a data-imagesrc=\"{&quot;300&quot;:&quot;https:\\\/\\\/lastatic.ams3.cdn.digitaloceanspaces.com\\\/2025\\\/10\\\/oul-2-300x200.png&quot;,&quot;1024&quot;:&quot;https:\\\/\\\/lastatic.ams3.cdn.digitaloceanspaces.com\\\/2025\\\/10\\\/oul-2-1024x683.png&quot;,&quot;1536&quot;:&quot;https:\\\/\\\/lastatic.ams3.cdn.digitaloceanspaces.com\\\/2025\\\/10\\\/oul-2-1536x1024.png&quot;,&quot;500&quot;:&quot;https:\\\/\\\/lastatic.ams3.cdn.digitaloceanspaces.com\\\/2025\\\/10\\\/oul-2-500x333.png&quot;,&quot;800&quot;:&quot;https:\\\/\\\/lastatic.ams3.cdn.digitaloceanspaces.com\\\/2025\\\/10\\\/oul-2-800x533.png&quot;,&quot;1800&quot;:&quot;https:\\\/\\\/lastatic.ams3.cdn.digitaloceanspaces.com\\\/2025\\\/10\\\/oul-2.png&quot;}\" data-focuspoint=\"&quot;&quot;\" data-p=\"2445017\" href=\"https:\/\/www.la.lv\/tu-pati-sev-pieliec-klat-gadus-8-ieradumi-kas-liek-sievietem-novecot-atrak\" class=\"content-item lazy-load\" wp_automatic_readability=\"26.5\" rel=\"nofollow noopener\" target=\"_blank\"><\/p>\n<p>                                <img decoding=\"async\" src=\"\" alt=\"\" style=\"\" data-imageid=\"\"\/><\/p>\n<p>\n                                                Tu pati sev pieliec kl\u0101t gadus! 8 ieradumi, kas liek sieviet\u0113m novecot \u0101tr\u0101k<\/p>\n<p><\/a><a data-imagesrc=\"{&quot;300&quot;:&quot;https:\\\/\\\/lastatic.ams3.cdn.digitaloceanspaces.com\\\/2025\\\/03\\\/20250311_zaf_x99_169-1-300x200.jpg&quot;,&quot;768&quot;:&quot;https:\\\/\\\/lastatic.ams3.cdn.digitaloceanspaces.com\\\/2025\\\/03\\\/20250311_zaf_x99_169-1-768x512.jpg&quot;,&quot;200&quot;:&quot;https:\\\/\\\/lastatic.ams3.cdn.digitaloceanspaces.com\\\/2025\\\/03\\\/20250311_zaf_x99_169-1-200x133.jpg&quot;,&quot;400&quot;:&quot;https:\\\/\\\/lastatic.ams3.cdn.digitaloceanspaces.com\\\/2025\\\/03\\\/20250311_zaf_x99_169-1-400x267.jpg&quot;,&quot;500&quot;:&quot;https:\\\/\\\/lastatic.ams3.cdn.digitaloceanspaces.com\\\/2025\\\/03\\\/20250311_zaf_x99_169-1-500x334.jpg&quot;,&quot;800&quot;:&quot;https:\\\/\\\/lastatic.ams3.cdn.digitaloceanspaces.com\\\/2025\\\/03\\\/20250311_zaf_x99_169-1-800x534.jpg&quot;,&quot;1000&quot;:&quot;https:\\\/\\\/lastatic.ams3.cdn.digitaloceanspaces.com\\\/2025\\\/03\\\/20250311_zaf_x99_169-1.jpg&quot;}\" data-focuspoint=\"&quot;&quot;\" data-p=\"2454685\" href=\"https:\/\/www.la.lv\/ukraini-sauj-pa-maskavu-krievija-zino-ka-piedzivojusi-lielako-uzbrukumu-kops-kara-sakuma-pret-ukrainu\" class=\"content-item lazy-load\" wp_automatic_readability=\"27\" rel=\"nofollow noopener\" target=\"_blank\"><\/p>\n<p>                                <img decoding=\"async\" src=\"\" alt=\"\" style=\"\" data-imageid=\"\"\/><\/p>\n<p>                                TV24<\/p>\n<p>                                            Ukrai\u0146i \u0161auj pa Maskavu! Krievija zi\u0146o, ka piedz\u012bvojusi liel\u0101ko uzbrukumu kop\u0161 kara s\u0101kuma pret Ukrainu\n                            <\/p>\n<p><\/a><br \/>\n        <a class=\"read-more\" href=\"https:\/\/www.la.lv\/top\" rel=\"nofollow noopener\" target=\"_blank\">Las\u012bt citas zi\u0146as<\/a><\/p>\n<p>Dmitrijevam pl\u0101nots tikties ar ASV prezidenta Donalda Trampa administr\u0101cijas amatperson\u0101m, lai \u201cturpin\u0101tu apspriest attiec\u012bbas starp ASV un Krieviju\u201d. Izdevums \u201cAxios\u201d v\u0113sta, ka vi\u0146am ned\u0113\u013cas nogal\u0113 Maiami paredz\u0113ts tikties ar Trampa s\u016btni St\u012bvu Vitkofu.<\/p>\n<p>Viz\u012bte notiek laik\u0101, kad ASV pieaug neapmierin\u0101t\u012bba ar Krem\u013ca atteik\u0161anos izbeigt karu Ukrain\u0101 un neilgi p\u0113c Trampa pazi\u0146ojuma, ka vi\u0146\u0161 atce\u013c pl\u0101noto samitu ar Putinu.<\/p>\n<p>    CITI \u0160OBR\u012aD LASA<\/p>\n<p>Trampa administr\u0101cija tre\u0161dien noteica sankcijas diviem liel\u0101kajiem Krievijas naftas uz\u0146\u0113mumiem \u201cRos\u0146eftj\u201d un \u201cLukoil\u201d, \u0161\u0101di v\u0113r\u0161ot papildu spiedienu uz Maskavu centienos pan\u0101kt, ka t\u0101 piekr\u012bt pamieram kar\u0101 ar Ukrainu.<\/p>\n<p>P\u0113c Krievijas pilna m\u0113roga iebrukuma Ukrain\u0101 2022. gada febru\u0101r\u012b ASV Finan\u0161u ministrija noteica sankcijas Dmitrijevam, raksturojot vi\u0146u k\u0101 \u201ctuvu Putina l\u012bdzgaitnieku\u201d.<\/p>\n<p>Apr\u012bl\u012b Dmitrijevs k\u013cuva par pirmo Krievijas amatpersonu, kas apmekl\u0113 Va\u0161ingtonu kop\u0161 Krievijas 2022. gada iebrukuma Ukrain\u0101.<\/p>\n<p>Viz\u012btes gait\u0101 vi\u0146\u0161 tik\u0101s ar Vitkofu, un t\u0101 tika uzskat\u012bta par svar\u012bgu soli Krem\u013ca un Balt\u0101 nama attiec\u012bbu uzlabo\u0161anas virzien\u0101.<\/p>\n<p>Apr\u012bl\u012b avots CNN atkl\u0101ja, ka ASV vald\u012bba uz laiku atc\u0113lusi Dmitrijevam noteikt\u0101s sankcijas, lai Valsts departaments var\u0113tu izsniegt vi\u0146am v\u012bzu iece\u013co\u0161anai ASV.<\/p>\n<p>T\u0113mas<\/p>\n<p>    SAIST\u012aTIE RAKSTI<\/p>\n","protected":false},"excerpt":{"rendered":"Krievijas prezidents Vladimirs Putins (foto \u2013 no kreis\u0101s) un ASV prezidents Donalds Tramps. Foto: ZUMAPRESS.com\/SCANPIX Krievijas diktatora Vladimira&hellip;\n","protected":false},"author":2,"featured_media":19110,"comment_status":"","ping_status":"","sticky":false,"template":"","format":"standard","meta":{"footnotes":""},"categories":[5],"tags":[23,28,29,32,33,22,30,31,35,39,38,36,37,34,40,20,26,27,24,25,21],"class_list":{"0":"post-30142","1":"post","2":"type-post","3":"status-publish","4":"format-standard","5":"has-post-thumbnail","7":"category-aktualitates","8":"tag-aktualitates","9":"tag-breaking-news","10":"tag-breakingnews","11":"tag-featured-news","12":"tag-featurednews","13":"tag-headlines","14":"tag-latest-news","15":"tag-latestnews","16":"tag-latvia","17":"tag-latvian","18":"tag-latviesu","19":"tag-latviesu-valoda","20":"tag-latviesuvaloda","21":"tag-latvija","22":"tag-lv","23":"tag-news","24":"tag-popularakas-zinas","25":"tag-popularakaszinas","26":"tag-top-stories","27":"tag-topstories","28":"tag-zinas"},"share_on_mastodon":{"url":"https:\/\/pubeurope.com\/@lv\/115429697424973978","error":""},"_links":{"self":[{"href":"https:\/\/www.europesays.com\/lv\/wp-json\/wp\/v2\/posts\/30142","targetHints":{"allow":["GET"]}}],"collection":[{"href":"https:\/\/www.europesays.com\/lv\/wp-json\/wp\/v2\/posts"}],"about":[{"href":"https:\/\/www.europesays.com\/lv\/wp-json\/wp\/v2\/types\/post"}],"author":[{"embeddable":true,"href":"https:\/\/www.europesays.com\/lv\/wp-json\/wp\/v2\/users\/2"}],"replies":[{"embeddable":true,"href":"https:\/\/www.europesays.com\/lv\/wp-json\/wp\/v2\/comments?post=30142"}],"version-history":[{"count":0,"href":"https:\/\/www.europesays.com\/lv\/wp-json\/wp\/v2\/posts\/30142\/revisions"}],"wp:featuredmedia":[{"embeddable":true,"href":"https:\/\/www.europesays.com\/lv\/wp-json\/wp\/v2\/media\/19110"}],"wp:attachment":[{"href":"https:\/\/www.europesays.com\/lv\/wp-json\/wp\/v2\/media?parent=30142"}],"wp:term":[{"taxonomy":"category","embeddable":true,"href":"https:\/\/www.europesays.com\/lv\/wp-json\/wp\/v2\/categories?post=30142"},{"taxonomy":"post_tag","embeddable":true,"href":"https:\/\/www.europesays.com\/lv\/wp-json\/wp\/v2\/tags?post=30142"}],"curies":[{"name":"wp","href":"https:\/\/api.w.org\/{rel}","templated":true}]}}