{"id":30183,"date":"2025-10-24T15:55:08","date_gmt":"2025-10-24T15:55:08","guid":{"rendered":"https:\/\/www.europesays.com\/lv\/30183\/"},"modified":"2025-10-24T15:55:08","modified_gmt":"2025-10-24T15:55:08","slug":"latvijas-labaka-tenisiste-alona-ostapenko-tenisa-kortu-nomaina-pret-brutalaku-sporta-veidu-video","status":"publish","type":"post","link":"https:\/\/www.europesays.com\/lv\/30183\/","title":{"rendered":"Latvijas lab\u0101k\u0101 tenisiste A\u013cona Ostapenko tenisa kortu nomaina pret brut\u0101l\u0101ku sporta veidu. VIDEO"},"content":{"rendered":"<p>Ostapenko gatavojas presti\u017eajam turn\u012bram &#8220;WTA Finals&#8221;, kas no 1. l\u012bdz 8. novembrim notiks Sa\u016bda Ar\u0101bijas galvaspils\u0113t\u0101 Rij\u0101d\u0101. Vi\u0146a sp\u0113l\u0113s dubultsp\u0113\u013cu turn\u012br\u0101 ar taiv\u0101nieti Suveju Sji. Jaun\u0101kaj\u0101 Sievie\u0161u tenisa asoci\u0101cijas (WTA) viensp\u0113\u013cu rang\u0101 Ostapenko par vienu poz\u012bciju pak\u0101pusies uz 24. vietu, bet\u00a0dubultsp\u0113\u013cu rang\u0101 saglab\u0101jusi sept\u012bto poz\u012bciju.<\/p>\n","protected":false},"excerpt":{"rendered":"Ostapenko gatavojas presti\u017eajam turn\u012bram &#8220;WTA Finals&#8221;, kas no 1. l\u012bdz 8. novembrim notiks Sa\u016bda Ar\u0101bijas galvaspils\u0113t\u0101 Rij\u0101d\u0101. Vi\u0146a&hellip;\n","protected":false},"author":2,"featured_media":30184,"comment_status":"","ping_status":"","sticky":false,"template":"","format":"standard","meta":{"footnotes":""},"categories":[17],"tags":[35,39,38,36,37,34,40,67],"class_list":{"0":"post-30183","1":"post","2":"type-post","3":"status-publish","4":"format-standard","5":"has-post-thumbnail","7":"category-sports","8":"tag-latvia","9":"tag-latvian","10":"tag-latviesu","11":"tag-latviesu-valoda","12":"tag-latviesuvaloda","13":"tag-latvija","14":"tag-lv","15":"tag-sports"},"share_on_mastodon":{"url":"https:\/\/pubeurope.com\/@lv\/115429960748741687","error":""},"_links":{"self":[{"href":"https:\/\/www.europesays.com\/lv\/wp-json\/wp\/v2\/posts\/30183","targetHints":{"allow":["GET"]}}],"collection":[{"href":"https:\/\/www.europesays.com\/lv\/wp-json\/wp\/v2\/posts"}],"about":[{"href":"https:\/\/www.europesays.com\/lv\/wp-json\/wp\/v2\/types\/post"}],"author":[{"embeddable":true,"href":"https:\/\/www.europesays.com\/lv\/wp-json\/wp\/v2\/users\/2"}],"replies":[{"embeddable":true,"href":"https:\/\/www.europesays.com\/lv\/wp-json\/wp\/v2\/comments?post=30183"}],"version-history":[{"count":0,"href":"https:\/\/www.europesays.com\/lv\/wp-json\/wp\/v2\/posts\/30183\/revisions"}],"wp:featuredmedia":[{"embeddable":true,"href":"https:\/\/www.europesays.com\/lv\/wp-json\/wp\/v2\/media\/30184"}],"wp:attachment":[{"href":"https:\/\/www.europesays.com\/lv\/wp-json\/wp\/v2\/media?parent=30183"}],"wp:term":[{"taxonomy":"category","embeddable":true,"href":"https:\/\/www.europesays.com\/lv\/wp-json\/wp\/v2\/categories?post=30183"},{"taxonomy":"post_tag","embeddable":true,"href":"https:\/\/www.europesays.com\/lv\/wp-json\/wp\/v2\/tags?post=30183"}],"curies":[{"name":"wp","href":"https:\/\/api.w.org\/{rel}","templated":true}]}}