{"id":30187,"date":"2025-10-24T16:03:10","date_gmt":"2025-10-24T16:03:10","guid":{"rendered":"https:\/\/www.europesays.com\/lv\/30187\/"},"modified":"2025-10-24T16:03:10","modified_gmt":"2025-10-24T16:03:10","slug":"ukraina-virietim-stacija-detonejot-spridzekli-nogalinati-vairaki-cilveki","status":"publish","type":"post","link":"https:\/\/www.europesays.com\/lv\/30187\/","title":{"rendered":"Ukrain\u0101 v\u012brietim stacij\u0101 deton\u0113jot spridzekli, nogalin\u0101ti vair\u0101ki cilv\u0113ki"},"content":{"rendered":"<p>V\u0113l 10 cilv\u0113ki ievainoti.<\/p>\n<p>Atbilsto\u0161i provizoriskajai inform\u0101cijai robe\u017esardzes darbinieki uz stacijas perona veiku\u0161i pasa\u017eieru dokumentu p\u0101rbaudi.<\/p>\n<p>&#8220;Viens no v\u012brie\u0161iem izvilka spridzekli, p\u0113c tam notika spr\u0101dziens. Rezult\u0101t\u0101 g\u0101ja boj\u0101 23 gadus vecais Harkivas iedz\u012bvot\u0101js, kam bija spridzeklis,&#8221; teikts pazi\u0146ojum\u0101.<\/p>\n<p>&#8220;N\u0101v\u0113jo\u0161us savainojumus guva ar\u012b tr\u012bs 29, 58 un 82 gadus vecas sievietes &#8211; Koroste\u0146as rajona iedz\u012bvot\u0101jas. Boj\u0101g\u0101ju\u0161o vid\u016b ir ar\u012b robe\u017esardzes darbiniece,&#8221; nor\u0101d\u012bja policija.<\/p>\n<p>Ievainotie atrodas medic\u012bnas iest\u0101d\u0113 un sa\u0146em nepiecie\u0161amo pal\u012bdz\u012bbu.<\/p>\n<p>Ovru\u010das dzelzce\u013ca stacijas kontrolpunkts atrodas 40 kilometru att\u0101lum\u0101 no Ukrainas un Baltkrievijas robe\u017eas.<\/p>\n","protected":false},"excerpt":{"rendered":"V\u0113l 10 cilv\u0113ki ievainoti. Atbilsto\u0161i provizoriskajai inform\u0101cijai robe\u017esardzes darbinieki uz stacijas perona veiku\u0161i pasa\u017eieru dokumentu p\u0101rbaudi. &#8220;Viens no&hellip;\n","protected":false},"author":2,"featured_media":30188,"comment_status":"","ping_status":"","sticky":false,"template":"","format":"standard","meta":{"footnotes":""},"categories":[14],"tags":[23,57,28,29,32,33,22,30,31,35,39,38,36,37,34,40,20,26,27,24,25,276,54,55,56,21,58],"class_list":{"0":"post-30187","1":"post","2":"type-post","3":"status-publish","4":"format-standard","5":"has-post-thumbnail","7":"category-zinas-no-arvalstim","8":"tag-aktualitates","9":"tag-arvalstim","10":"tag-breaking-news","11":"tag-breakingnews","12":"tag-featured-news","13":"tag-featurednews","14":"tag-headlines","15":"tag-latest-news","16":"tag-latestnews","17":"tag-latvia","18":"tag-latvian","19":"tag-latviesu","20":"tag-latviesu-valoda","21":"tag-latviesuvaloda","22":"tag-latvija","23":"tag-lv","24":"tag-news","25":"tag-popularakas-zinas","26":"tag-popularakaszinas","27":"tag-top-stories","28":"tag-topstories","29":"tag-ukraina","30":"tag-world","31":"tag-world-news","32":"tag-worldnews","33":"tag-zinas","34":"tag-zinas-no-arvalstim"},"share_on_mastodon":{"url":"https:\/\/pubeurope.com\/@lv\/115429992205059025","error":""},"_links":{"self":[{"href":"https:\/\/www.europesays.com\/lv\/wp-json\/wp\/v2\/posts\/30187","targetHints":{"allow":["GET"]}}],"collection":[{"href":"https:\/\/www.europesays.com\/lv\/wp-json\/wp\/v2\/posts"}],"about":[{"href":"https:\/\/www.europesays.com\/lv\/wp-json\/wp\/v2\/types\/post"}],"author":[{"embeddable":true,"href":"https:\/\/www.europesays.com\/lv\/wp-json\/wp\/v2\/users\/2"}],"replies":[{"embeddable":true,"href":"https:\/\/www.europesays.com\/lv\/wp-json\/wp\/v2\/comments?post=30187"}],"version-history":[{"count":0,"href":"https:\/\/www.europesays.com\/lv\/wp-json\/wp\/v2\/posts\/30187\/revisions"}],"wp:featuredmedia":[{"embeddable":true,"href":"https:\/\/www.europesays.com\/lv\/wp-json\/wp\/v2\/media\/30188"}],"wp:attachment":[{"href":"https:\/\/www.europesays.com\/lv\/wp-json\/wp\/v2\/media?parent=30187"}],"wp:term":[{"taxonomy":"category","embeddable":true,"href":"https:\/\/www.europesays.com\/lv\/wp-json\/wp\/v2\/categories?post=30187"},{"taxonomy":"post_tag","embeddable":true,"href":"https:\/\/www.europesays.com\/lv\/wp-json\/wp\/v2\/tags?post=30187"}],"curies":[{"name":"wp","href":"https:\/\/api.w.org\/{rel}","templated":true}]}}