{"id":30197,"date":"2025-10-24T16:16:08","date_gmt":"2025-10-24T16:16:08","guid":{"rendered":"https:\/\/www.europesays.com\/lv\/30197\/"},"modified":"2025-10-24T16:16:08","modified_gmt":"2025-10-24T16:16:08","slug":"atpakal-vasara-sodien-temperatura-latvija-sasniegs-15-gradus-jauns-lv","status":"publish","type":"post","link":"https:\/\/www.europesays.com\/lv\/30197\/","title":{"rendered":"Atpaka\u013c vasar\u0101! \u0160odien temperat\u016bra Latvij\u0101 sasniegs +15 gr\u0101dus &#8211; Jauns.lv"},"content":{"rendered":"<ol>\n<li><a href=\"https:\/\/news.google.com\/rss\/articles\/CBMingFBVV95cUxOTmZZSzNnSFM0TVhzU21yei01T3lyMnhkM3dWZ0JCanBCWklSUGY4MFo0Z1UxUWdHUnFJamFIdXBxZGpsbERwMjlfNkJFX3h2RkJPcDlrUUdRS19JS3JuaHNGS2k2X25oc24zcUFaRGZTVVFPNVhpVnhvUnIwRUVzbEdYTS1pTUQ4czZfbm1PM0R6RTNKQnVfUkMzVGdyUQ?oc=5\" target=\"_blank\" rel=\"nofollow noopener\">Atpaka\u013c vasar\u0101! \u0160odien temperat\u016bra Latvij\u0101 sasniegs +15 gr\u0101dus<\/a>&nbsp;&nbsp;Jauns.lv<\/li>\n<li><a href=\"https:\/\/news.google.com\/rss\/articles\/CBMinwFBVV95cUxNSWxSTkM5ZTN6WU5GMlBDTThCRWE1WDlVenVKSVJmTDJBRm1GZGF0bXljNHJEcHBQdjZacVRZblJDa3E3NXpsaUhGcHlWQU1rNTVxdVBLTnJYWl9BY21TR0VZUU45YUk2WU1DOTNCNi1EU1VEekxuSDFoOV9Qa0VncDNmM09UcUpjbHlqbmZ5Vy1LeXc0TFhWQ2NLa3Ftc1E?oc=5\" target=\"_blank\" rel=\"nofollow noopener\">Piektdiena b\u016bs \u0161\u012bs ned\u0113\u013cas silt\u0101k\u0101 diena<\/a>&nbsp;&nbsp;Delfi<\/li>\n<li><a href=\"https:\/\/news.google.com\/rss\/articles\/CBMiywFBVV95cUxPSkVqMlFNMjhCX01XTDhhM0w2a2tOVmNVQWRZZl9lZWdXd1VlMm40eVlfc1NhZW9fa0lNQXJ1aXB0ajlRdDdkeGZQZkJwbFNHZzJGNTR4NFZOX21nVUZ1RFZ2a1UzTXJJTlp5bDZGMVk3amF1bDNLNDJiZFoza0l4QThLZ1o1NFprMVBZU2ZmeXRMeV9aT2pXUzRNYTBwaThlbUpoRU93Um4wUEx0aHhtamJ3d1o2MUo5UTVJa055Y3dvRWRLSHRaN1hsSQ?oc=5\" target=\"_blank\" rel=\"nofollow noopener\">Klaudija piedzima 22. gr\u016btniec\u012bbas ned\u0113\u013c\u0101 un sv\u0113ra 390 gramus. Lietuvas \u0101rstiem izdodas vi\u0146u gl\u0101bt<\/a>&nbsp;&nbsp;tv3.lv<\/li>\n<li><a href=\"https:\/\/news.google.com\/rss\/articles\/CBMiqgFBVV95cUxNNG5Sa0Ffb0FCVlJzbTlzdmRMQVF5Nk5RTjN4T0psVnViWUc3TU9HSHFWU0J3X01kV0dVeDJ4X29acFZXSkNPODBvamJNSWdpUWhubk45bXRlQmZ2YmlweGowTXRrbnM2VnhCLWpuWFBQQmRWbVRaUkJUd3UzZlprYVBEUFVpaDNuOFVZcmtfZVhpU1pRb0dNNGxUM2lFMG5SM0FkcFdnUllSdw?oc=5\" target=\"_blank\" rel=\"nofollow noopener\">Latvij\u0101 apm\u0101cies un l\u012bdz +10 gr\u0101diem silts r\u012bts \/ Raksts<\/a>&nbsp;&nbsp;LSM<\/li>\n<li><a href=\"https:\/\/news.google.com\/rss\/articles\/CBMic0FVX3lxTE1QRkJadzlPQUZpaVRXRWN4ajBDVzJVUTNRMGJ4RGtiVmlpZVFnaG9KbGxZVUNRNjB4dnJGTFV6Zld3Qk4xMGVhVGpvaG9RMUxRaWdaODQ4NEdCZmItX2ZrSVZCejd6YjBmSTNpRzlOYTNwZXM?oc=5\" target=\"_blank\" rel=\"nofollow noopener\">Piektdiena b\u016bs silta un lietaina<\/a>&nbsp;&nbsp;TVNET &#8211; Laika zi\u0146as<\/li>\n<\/ol>\n","protected":false},"excerpt":{"rendered":"Atpaka\u013c vasar\u0101! \u0160odien temperat\u016bra Latvij\u0101 sasniegs +15 gr\u0101dus&nbsp;&nbsp;Jauns.lv Piektdiena b\u016bs \u0161\u012bs ned\u0113\u013cas silt\u0101k\u0101 diena&nbsp;&nbsp;Delfi Klaudija piedzima 22. gr\u016btniec\u012bbas&hellip;\n","protected":false},"author":2,"featured_media":30198,"comment_status":"","ping_status":"","sticky":false,"template":"","format":"standard","meta":{"footnotes":""},"categories":[12],"tags":[23,28,29,32,33,22,30,31,35,39,38,36,37,34,40,20,26,27,24,25,21],"class_list":{"0":"post-30197","1":"post","2":"type-post","3":"status-publish","4":"format-standard","5":"has-post-thumbnail","7":"category-latvija","8":"tag-aktualitates","9":"tag-breaking-news","10":"tag-breakingnews","11":"tag-featured-news","12":"tag-featurednews","13":"tag-headlines","14":"tag-latest-news","15":"tag-latestnews","16":"tag-latvia","17":"tag-latvian","18":"tag-latviesu","19":"tag-latviesu-valoda","20":"tag-latviesuvaloda","21":"tag-latvija","22":"tag-lv","23":"tag-news","24":"tag-popularakas-zinas","25":"tag-popularakaszinas","26":"tag-top-stories","27":"tag-topstories","28":"tag-zinas"},"share_on_mastodon":{"url":"https:\/\/pubeurope.com\/@lv\/115430043353269509","error":""},"_links":{"self":[{"href":"https:\/\/www.europesays.com\/lv\/wp-json\/wp\/v2\/posts\/30197","targetHints":{"allow":["GET"]}}],"collection":[{"href":"https:\/\/www.europesays.com\/lv\/wp-json\/wp\/v2\/posts"}],"about":[{"href":"https:\/\/www.europesays.com\/lv\/wp-json\/wp\/v2\/types\/post"}],"author":[{"embeddable":true,"href":"https:\/\/www.europesays.com\/lv\/wp-json\/wp\/v2\/users\/2"}],"replies":[{"embeddable":true,"href":"https:\/\/www.europesays.com\/lv\/wp-json\/wp\/v2\/comments?post=30197"}],"version-history":[{"count":0,"href":"https:\/\/www.europesays.com\/lv\/wp-json\/wp\/v2\/posts\/30197\/revisions"}],"wp:featuredmedia":[{"embeddable":true,"href":"https:\/\/www.europesays.com\/lv\/wp-json\/wp\/v2\/media\/30198"}],"wp:attachment":[{"href":"https:\/\/www.europesays.com\/lv\/wp-json\/wp\/v2\/media?parent=30197"}],"wp:term":[{"taxonomy":"category","embeddable":true,"href":"https:\/\/www.europesays.com\/lv\/wp-json\/wp\/v2\/categories?post=30197"},{"taxonomy":"post_tag","embeddable":true,"href":"https:\/\/www.europesays.com\/lv\/wp-json\/wp\/v2\/tags?post=30197"}],"curies":[{"name":"wp","href":"https:\/\/api.w.org\/{rel}","templated":true}]}}