{"id":3020,"date":"2025-09-23T14:29:08","date_gmt":"2025-09-23T14:29:08","guid":{"rendered":"https:\/\/www.europesays.com\/lv\/3020\/"},"modified":"2025-09-23T14:29:08","modified_gmt":"2025-09-23T14:29:08","slug":"latvija-nedaudz-mazinajusies-saslimstiba-ar-covid-19","status":"publish","type":"post","link":"https:\/\/www.europesays.com\/lv\/3020\/","title":{"rendered":"Latvij\u0101 nedaudz mazin\u0101jusies saslimst\u012bba ar Covid-19"},"content":{"rendered":"<p>Pozit\u012bvo <a href=\"https:\/\/www.tvnet.lv\/term\/617732\/covid-19\" class=\"topicLink\" target=\"_blank\" rel=\"nofollow noopener\">Covid-19<\/a> paraugu \u012bpatsvars aizvad\u012btaj\u0101 ned\u0113\u013c\u0101 samazin\u0101jies l\u012bdz 13,5% sal\u012bdzin\u0101jum\u0101 ar ned\u0113\u013cu iepriek\u0161, kad \u0161is r\u0101d\u012bt\u0101js bija 18,9%.<\/p>\n<p>K\u0101 uzsver centr\u0101, pa\u0161laik v\u0113l nevar secin\u0101t par notur\u012bgu saslimst\u012bbas samazin\u0101\u0161an\u0101s tendenci. Aizvad\u012btaj\u0101 ned\u0113\u013c\u0101 slimn\u012bc\u0101s no jauna stacion\u0113ti 44 pacienti ar Covid-19 infekciju, bet kop\u0101 stacion\u0101r\u0101s \u0101rstniec\u012bbas iest\u0101d\u0113s \u0101rst\u0113j\u0101s vair\u0101k nek\u0101 80 pacienti ar Covid-19. Aizvad\u012btaj\u0101 ned\u0113\u013c\u0101 re\u0123istr\u0113ti ar\u012b \u010detri n\u0101ves gad\u012bjumi pacientiem ar apstiprin\u0101tu infekciju.<\/p>\n<p>L\u012bdz\u012bga epidemiolo\u0123isk\u0101 situ\u0101cija tika nov\u0113rota ar\u012b p\u0113rn, skaidro centr\u0101.<\/p>\n<p>SPKC nor\u0101da, ka ar\u012b Pasaules Vesel\u012bbas organiz\u0101cijas Eiropas Re\u0123iona valst\u012bs vasaras beig\u0101s nov\u0113rots Covid-19 saslimst\u012bbas pac\u0113lums, septembra otraj\u0101 ned\u0113\u013c\u0101 laboratoriski apstiprin\u0101to testu \u012bpatsvaram sasniedzot 18,3%.<\/p>\n<p>Latvij\u0101 ir pieejamas atjaunot\u0101s Covid-19 vakc\u012bnas, kas piel\u0101gotas \u0161\u012bs sezonas cirkul\u0113jo\u0161ajiem v\u012brusa paveidiem. \u0160oned\u0113\u013c vakc\u012bnas pieg\u0101d\u0101tas 225 \u0101rstniec\u012bbas viet\u0101s, bet kopum\u0101 vakcin\u0101cijas iesp\u0113jas \u0161obr\u012bd nodro\u0161in\u0101tas jau 247 viet\u0101s vis\u0101 Latvij\u0101.<\/p>\n<p>Visvair\u0101k iesp\u0113ju vakcin\u0113ties ir R\u012bgas re\u0123ion\u0101 &#8211; 118 vakcin\u0101cijas kabinetos, savuk\u0101rt Zemgal\u0113 vakc\u012bnas pieejamas 43 viet\u0101s, Kurzem\u0113 &#8211; 36, Vidzem\u0113 &#8211; 33 un Latgal\u0113 17 \u0101rstniec\u012bbas iest\u0101d\u0113s.<\/p>\n","protected":false},"excerpt":{"rendered":"Pozit\u012bvo Covid-19 paraugu \u012bpatsvars aizvad\u012btaj\u0101 ned\u0113\u013c\u0101 samazin\u0101jies l\u012bdz 13,5% sal\u012bdzin\u0101jum\u0101 ar ned\u0113\u013cu iepriek\u0161, kad \u0161is r\u0101d\u012bt\u0101js bija 18,9%.&hellip;\n","protected":false},"author":2,"featured_media":3021,"comment_status":"","ping_status":"","sticky":false,"template":"","format":"standard","meta":{"footnotes":""},"categories":[5],"tags":[23,28,29,1549,32,33,22,30,31,35,39,38,36,37,34,40,20,26,27,1550,24,25,21],"class_list":{"0":"post-3020","1":"post","2":"type-post","3":"status-publish","4":"format-standard","5":"has-post-thumbnail","7":"category-aktualitates","8":"tag-aktualitates","9":"tag-breaking-news","10":"tag-breakingnews","11":"tag-covid-19","12":"tag-featured-news","13":"tag-featurednews","14":"tag-headlines","15":"tag-latest-news","16":"tag-latestnews","17":"tag-latvia","18":"tag-latvian","19":"tag-latviesu","20":"tag-latviesu-valoda","21":"tag-latviesuvaloda","22":"tag-latvija","23":"tag-lv","24":"tag-news","25":"tag-popularakas-zinas","26":"tag-popularakaszinas","27":"tag-saslimstiba","28":"tag-top-stories","29":"tag-topstories","30":"tag-zinas"},"share_on_mastodon":{"url":"","error":""},"_links":{"self":[{"href":"https:\/\/www.europesays.com\/lv\/wp-json\/wp\/v2\/posts\/3020","targetHints":{"allow":["GET"]}}],"collection":[{"href":"https:\/\/www.europesays.com\/lv\/wp-json\/wp\/v2\/posts"}],"about":[{"href":"https:\/\/www.europesays.com\/lv\/wp-json\/wp\/v2\/types\/post"}],"author":[{"embeddable":true,"href":"https:\/\/www.europesays.com\/lv\/wp-json\/wp\/v2\/users\/2"}],"replies":[{"embeddable":true,"href":"https:\/\/www.europesays.com\/lv\/wp-json\/wp\/v2\/comments?post=3020"}],"version-history":[{"count":0,"href":"https:\/\/www.europesays.com\/lv\/wp-json\/wp\/v2\/posts\/3020\/revisions"}],"wp:featuredmedia":[{"embeddable":true,"href":"https:\/\/www.europesays.com\/lv\/wp-json\/wp\/v2\/media\/3021"}],"wp:attachment":[{"href":"https:\/\/www.europesays.com\/lv\/wp-json\/wp\/v2\/media?parent=3020"}],"wp:term":[{"taxonomy":"category","embeddable":true,"href":"https:\/\/www.europesays.com\/lv\/wp-json\/wp\/v2\/categories?post=3020"},{"taxonomy":"post_tag","embeddable":true,"href":"https:\/\/www.europesays.com\/lv\/wp-json\/wp\/v2\/tags?post=3020"}],"curies":[{"name":"wp","href":"https:\/\/api.w.org\/{rel}","templated":true}]}}