{"id":30212,"date":"2025-10-24T17:08:21","date_gmt":"2025-10-24T17:08:21","guid":{"rendered":"https:\/\/www.europesays.com\/lv\/30212\/"},"modified":"2025-10-24T17:08:21","modified_gmt":"2025-10-24T17:08:21","slug":"riga-fc-pec-cetru-gadu-pauzes-atgriezas-futbola-virsligas-cempionu-troni-raksts","status":"publish","type":"post","link":"https:\/\/www.europesays.com\/lv\/30212\/","title":{"rendered":"\u00abRiga\u00bb FC p\u0113c \u010detru gadu pauzes atgrie\u017eas futbola virsl\u012bgas \u010dempionu tron\u012b \/ Raksts"},"content":{"rendered":"<p>&#8220;Riga&#8221; FC futbolistiem piektdien &#8220;Skonto&#8221; stadion\u0101 pietika\u00a0ar bezv\u0101rtu neiz\u0161\u0137irtu 0:0 pret &#8220;Tukums 2000&#8221; vien\u012bbu, lai divas k\u0101rtas pirms virsl\u012bgas sezonas nosl\u0113guma nodro\u0161in\u0101tu\u00a0\u010dempionu laurus. &#8220;Riga&#8221; izc\u012bn\u012bja kluba v\u0113stur\u0113 ceturto valsts \u010dempionu titulu, bet triumf\u0113ja pirmoreiz kop\u0161 2020. gada.<\/p>\n<p>Tituls ar\u012b garant\u0113 &#8220;Riga&#8221; FC ties\u012bbas sp\u0113l\u0113t kvalifik\u0101cij\u0101 Eiropas futbola feder\u0101ciju savien\u012bbas (UEFA) n\u0101kam\u0101s sezonas \u010cempionu l\u012bg\u0101.\u00a0<\/p>\n<p>Tukumnieku aktivit\u0101te trauc\u0113ja &#8220;Riga&#8221; veidot organiz\u0113tus uzbrukumus, un pirmaj\u0101s p\u0101rdesmit min\u016bt\u0113s l\u012bdz sitienam pa v\u0101rtiem soda laukum\u0101 m\u0101jiniekiem tika vien\u012bgi Orlando Galo. &#8220;Riga&#8221; daudz p\u0101rvald\u012bja bumbu, tom\u0113r pozicion\u0101los uzbrukumos lielus draudus rad\u012bt nesp\u0113ja, turkl\u0101t viesu v\u0101rtos dro\u0161i darboj\u0101s \u0145ikita Parfjonovs. Puslaika vid\u016b Tukuma komanda uz vair\u0101k\u0101m min\u016bt\u0113m nostiprin\u0101j\u0101s pretinieku laukuma pus\u0113, v\u0101rtus \u012bpa\u0161i neapdraudot. Pieaugot &#8220;Riga&#8221; spiedienam, karst\u0101k k\u013cuva viesu soda laukum\u0101, tom\u0113r aizsargi un Parfjonovs visas briesmas nov\u0113rsa.<\/p>\n<p>P\u0113c p\u0101rtraukuma p\u0101ri viesu v\u0101rtiem no soda laukuma robe\u017eas sita Raivis Andris Jurkovskis, savuk\u0101rt Tukuma komanda sp\u0113ja atbild\u0113t ar b\u012bstamu prettriecienu, un Atsu\u0161i Kurokavas sitienu no paasa le\u0146\u0137a atvair\u012bja v\u0101rtsargs Kri\u0161j\u0101nis Zviedris. &#8220;Tukums 2000&#8221; sp\u0113l\u0113t\u0101jiem pagurstot, &#8220;Riga&#8221; ieguva br\u012bv\u0101kas iesp\u0113jas uzbrukumiem, kas gan nepal\u012bdz\u0113ja atkl\u0101t rezult\u0101tu. Sp\u0113les galotn\u0113 br\u012b\u017eiem spar\u012bg\u0101k uzbruka viesi, bet tas neliedza &#8220;Riga&#8221; saglab\u0101t necilo, toties zeltam pietiekamo neiz\u0161\u0137irtu.\u00a0<\/p>\n<p>Lai jau piektdien nodro\u0161in\u0101tu zelta meda\u013cas, &#8220;Riga&#8221; pret Tukuma vien\u012bbu bija nepiecie\u0161ams vismaz viens punkts par neiz\u0161\u0137irtu.<\/p>\n<p>Tr\u012bs iepriek\u0161\u0113jos titulus &#8220;Riga&#8221; izc\u012bn\u012bja no 2018. l\u012bdz 2020. gadam, bet l\u012bdz \u0161im p\u0113d\u0113j\u0101s\u00a0tr\u012bs sezon\u0101s nopeln\u012bja sudraba godalgas. L\u012bdz ar &#8220;Riga&#8221; uzvaru ir zin\u0101ms vietu sadal\u012bjums pirmaj\u0101 trijniek\u0101 &#8211; l\u012bdz\u0161in\u0113jie \u010dempioni FK RFS vairs nevar tikt augst\u0101k par otro poz\u012bciju, bet <a href=\"https:\/\/www.lsm.lv\/raksts\/sports\/futbols\/20.10.2025-liepajas-futbolisti-uzveic-audu-virsliga-nodrosina-bronzas-medalas.a619130\/\" class=\"lsm-link\" data-type=\"article\" data-id=\"619130\" rel=\"nofollow noopener\" target=\"_blank\">bronzu jau iepriek\u0161 nodro\u0161in\u0101ja FK &#8220;Liep\u0101ja&#8221;<\/a>.<\/p>\n<p>&#8220;Riga&#8221; futbolistiem vietu turn\u012bra tabulas galvgal\u012b garant\u0113ja 87\u00a0punkti. L\u012bdz sezonas nosl\u0113gumam &#8220;Riga&#8221; v\u0113l j\u0101sp\u0113l\u0113 viesos pret &#8220;Grobi\u0146u&#8221; un m\u0101j\u0101s pret FK RFS. L\u012bderus teor\u0113tiski v\u0113l var pan\u0101kt FK RFS, tom\u0113r savstarp\u0113jo sp\u0113\u013cu rezult\u0101ti ir par labu &#8220;Riga&#8221; FC vien\u012bbai.\u00a0<\/p>\n<p>Virsl\u012bgas sezona nosl\u0113gsies 9. novembr\u012b, kad visas 10\u00a0komandas b\u016bs aizvad\u012bju\u0161as pa 36 sp\u0113l\u0113m.<\/p>\n<p>                    Valodas k\u013c\u016bda rakst\u0101?<\/p>\n<p class=\"d-none d-md-block\">Iez\u012bm\u0113jiet tekstu un spiediet Ctrl+Enter, lai nos\u016bt\u012btu labojamo teksta fragmentu redaktoram! Par faktu k\u013c\u016bd\u0101m l\u016bdzam zi\u0146ot e-past\u0101 <a href=\"https:\/\/www.lsm.lv\/cdn-cgi\/l\/email-protection\" class=\"__cf_email__\" data-cfemail=\"2a584f4e4b414943404b6a46594704465c\" rel=\"nofollow noopener\" target=\"_blank\">[email\u00a0protected]<\/a>.<\/p>\n<p class=\"d-md-none\">Iez\u012bm\u0113jiet tekstu un spiediet uz Zi\u0146ot par k\u013c\u016bdu pogas, lai nos\u016bt\u012btu labojamo teksta fragmentu redaktoram!<\/p>\n<p>\n                    Zi\u0146ot par k\u013c\u016bdu\n                <\/p>\n","protected":false},"excerpt":{"rendered":"&#8220;Riga&#8221; FC futbolistiem piektdien &#8220;Skonto&#8221; stadion\u0101 pietika\u00a0ar bezv\u0101rtu neiz\u0161\u0137irtu 0:0 pret &#8220;Tukums 2000&#8221; vien\u012bbu, lai divas k\u0101rtas pirms&hellip;\n","protected":false},"author":2,"featured_media":30213,"comment_status":"","ping_status":"","sticky":false,"template":"","format":"standard","meta":{"footnotes":""},"categories":[17],"tags":[35,39,38,36,37,34,40,67],"class_list":{"0":"post-30212","1":"post","2":"type-post","3":"status-publish","4":"format-standard","5":"has-post-thumbnail","7":"category-sports","8":"tag-latvia","9":"tag-latvian","10":"tag-latviesu","11":"tag-latviesu-valoda","12":"tag-latviesuvaloda","13":"tag-latvija","14":"tag-lv","15":"tag-sports"},"share_on_mastodon":{"url":"https:\/\/pubeurope.com\/@lv\/115430247798668855","error":""},"_links":{"self":[{"href":"https:\/\/www.europesays.com\/lv\/wp-json\/wp\/v2\/posts\/30212","targetHints":{"allow":["GET"]}}],"collection":[{"href":"https:\/\/www.europesays.com\/lv\/wp-json\/wp\/v2\/posts"}],"about":[{"href":"https:\/\/www.europesays.com\/lv\/wp-json\/wp\/v2\/types\/post"}],"author":[{"embeddable":true,"href":"https:\/\/www.europesays.com\/lv\/wp-json\/wp\/v2\/users\/2"}],"replies":[{"embeddable":true,"href":"https:\/\/www.europesays.com\/lv\/wp-json\/wp\/v2\/comments?post=30212"}],"version-history":[{"count":0,"href":"https:\/\/www.europesays.com\/lv\/wp-json\/wp\/v2\/posts\/30212\/revisions"}],"wp:featuredmedia":[{"embeddable":true,"href":"https:\/\/www.europesays.com\/lv\/wp-json\/wp\/v2\/media\/30213"}],"wp:attachment":[{"href":"https:\/\/www.europesays.com\/lv\/wp-json\/wp\/v2\/media?parent=30212"}],"wp:term":[{"taxonomy":"category","embeddable":true,"href":"https:\/\/www.europesays.com\/lv\/wp-json\/wp\/v2\/categories?post=30212"},{"taxonomy":"post_tag","embeddable":true,"href":"https:\/\/www.europesays.com\/lv\/wp-json\/wp\/v2\/tags?post=30212"}],"curies":[{"name":"wp","href":"https:\/\/api.w.org\/{rel}","templated":true}]}}