{"id":30214,"date":"2025-10-24T17:10:07","date_gmt":"2025-10-24T17:10:07","guid":{"rendered":"https:\/\/www.europesays.com\/lv\/30214\/"},"modified":"2025-10-24T17:10:07","modified_gmt":"2025-10-24T17:10:07","slug":"asv-cina-pret-narkotiku-parvadatajiem-apsauda-kugi-karibu-jura-nogalinati-sesi-cilveki-raksts","status":"publish","type":"post","link":"https:\/\/www.europesays.com\/lv\/30214\/","title":{"rendered":"ASV c\u012b\u0146\u0101 pret narkotiku p\u0101rvad\u0101t\u0101jiem ap\u0161auda ku\u0123i Kar\u012bbu j\u016br\u0101, nogalin\u0101ti se\u0161i cilv\u0113ki \/ Raksts"},"content":{"rendered":"<p>ASV bru\u0146otie sp\u0113ki nakt\u012b Kar\u012bbu j\u016br\u0101 veica triecienu ku\u0123im, par ko past\u0101v\u0113ja aizdomas, ka tas p\u0101rvad\u0101 narkotikas, nogalinot se\u0161us cilv\u0113kus, piektdien pav\u0113st\u012bja ASV aizsardz\u012bbas ministrs P\u012bts Hegsets.<\/p>\n<p>L\u012bdz ar to boj\u0101g\u0101ju\u0161o skaits \u0161aj\u0101 ASV oper\u0101cij\u0101 pret narkokarte\u013ciem tagad pieaudzis l\u012bdz vismaz 46.\u00a0Kopum\u0101 veikti jau desmit \u0161\u0101di triecieni.\u00a0<\/p>\n<p>K\u0101 soci\u0101lajos medijos pauda Hegsets, trieciens veikts pa Venecu\u0113las noziedz\u012bg\u0101 grup\u0113juma &#8220;Tren de Aragua&#8221; ku\u0123i.\u00a0Tas noticis starptautiskajos \u016bde\u0146os.\u00a0P\u0113d\u0113j\u0101 laik\u0101 triecienu skaits k\u013cuvis bie\u017e\u0101ks \u2013 no viena trieciena ik p\u0113c da\u017e\u0101m ned\u0113\u013c\u0101m septembr\u012b, kad ASV tos uzs\u0101ka, l\u012bdz trim triecieniem ned\u0113\u013cas laik\u0101.\u00a0<\/p>\n<p>Divi no \u0161oned\u0113\u013c veiktajiem triecieniem veikti Klus\u0101 oke\u0101na austrumu da\u013c\u0101, papla\u0161inot triecienu \u0123eogr\u0101fiju.\u00a0<\/p>\n<blockquote>\n<p>&#8220;Ja j\u016bs esat narkoterorists, kas m\u016bsu puslod\u0113 nodarbojas ar narkotiku kontrabandu, m\u0113s pret jums iztur\u0113simies t\u0101pat k\u0101 pret &#8220;Al Qaeda&#8221;,&#8221; br\u012bdin\u0101ja Hegsets.\u00a0<\/p>\n<\/blockquote>\n<p>&#8220;Dien\u0101 vai nakt\u012b m\u0113s apzin\u0101sim j\u016bsu t\u012bklus, izsekosim j\u016bsu cilv\u0113kus, sadz\u012bsim jums p\u0113das un nogalin\u0101sim,&#8221; pauda ministrs.\u00a0<\/p>\n<p>ASV p\u0113d\u0113j\u0101 laika milit\u0101r\u0101s aktivit\u0101tes Kar\u012bbu j\u016br\u0101 un Venecu\u0113las piekrast\u0113 izrais\u012bju\u0161as spekul\u0101cijas, ka ASV prezidents Donalds Tramps var\u0113tu m\u0113\u0123in\u0101t g\u0101zt Venecu\u0113las prezidentu Nikolasu Maduro.\u00a0<\/p>\n<p>Maduro Amerikas Savienotaj\u0101s Valst\u012bs izvirz\u012btas aps\u016bdz\u012bbas narkoterorism\u0101.\u00a0<\/p>\n<p>Va\u0161ingtona nav public\u0113jusi pier\u0101d\u012bjumus, ka \u0161o triecienu m\u0113r\u0137i tie\u0161\u0101m biju\u0161i narkotiku kontrabandisti.<\/p>\n<p>Maduro nosaucis ASV darb\u012bbas \u0161aj\u0101 re\u0123ion\u0101 par &#8220;bru\u0146otu agresiju re\u017e\u012bma mai\u0146as uzspie\u0161anai, marione\u0161u vald\u012bbu uzspie\u0161anai, Venecu\u0113las naftas, g\u0101zes, zelta un visu dabas resursu nozag\u0161anai&#8221;.<\/p>\n<p>                    Valodas k\u013c\u016bda rakst\u0101?<\/p>\n<p class=\"d-none d-md-block\">Iez\u012bm\u0113jiet tekstu un spiediet Ctrl+Enter, lai nos\u016bt\u012btu labojamo teksta fragmentu redaktoram! Par faktu k\u013c\u016bd\u0101m l\u016bdzam zi\u0146ot e-past\u0101 <a href=\"https:\/\/www.lsm.lv\/cdn-cgi\/l\/email-protection\" class=\"__cf_email__\" data-cfemail=\"c7b5a2a3a6aca4aeada687abb4aae9abb1\" rel=\"nofollow noopener\" target=\"_blank\">[email\u00a0protected]<\/a>.<\/p>\n<p class=\"d-md-none\">Iez\u012bm\u0113jiet tekstu un spiediet uz Zi\u0146ot par k\u013c\u016bdu pogas, lai nos\u016bt\u012btu labojamo teksta fragmentu redaktoram!<\/p>\n<p>\n                    Zi\u0146ot par k\u013c\u016bdu\n                <\/p>\n","protected":false},"excerpt":{"rendered":"ASV bru\u0146otie sp\u0113ki nakt\u012b Kar\u012bbu j\u016br\u0101 veica triecienu ku\u0123im, par ko past\u0101v\u0113ja aizdomas, ka tas p\u0101rvad\u0101 narkotikas, nogalinot&hellip;\n","protected":false},"author":2,"featured_media":30180,"comment_status":"","ping_status":"","sticky":false,"template":"","format":"standard","meta":{"footnotes":""},"categories":[14],"tags":[23,57,28,29,32,33,22,30,31,35,39,38,36,37,34,40,20,26,27,24,25,54,55,56,21,58],"class_list":{"0":"post-30214","1":"post","2":"type-post","3":"status-publish","4":"format-standard","5":"has-post-thumbnail","7":"category-zinas-no-arvalstim","8":"tag-aktualitates","9":"tag-arvalstim","10":"tag-breaking-news","11":"tag-breakingnews","12":"tag-featured-news","13":"tag-featurednews","14":"tag-headlines","15":"tag-latest-news","16":"tag-latestnews","17":"tag-latvia","18":"tag-latvian","19":"tag-latviesu","20":"tag-latviesu-valoda","21":"tag-latviesuvaloda","22":"tag-latvija","23":"tag-lv","24":"tag-news","25":"tag-popularakas-zinas","26":"tag-popularakaszinas","27":"tag-top-stories","28":"tag-topstories","29":"tag-world","30":"tag-world-news","31":"tag-worldnews","32":"tag-zinas","33":"tag-zinas-no-arvalstim"},"share_on_mastodon":{"url":"https:\/\/pubeurope.com\/@lv\/115430255637489233","error":""},"_links":{"self":[{"href":"https:\/\/www.europesays.com\/lv\/wp-json\/wp\/v2\/posts\/30214","targetHints":{"allow":["GET"]}}],"collection":[{"href":"https:\/\/www.europesays.com\/lv\/wp-json\/wp\/v2\/posts"}],"about":[{"href":"https:\/\/www.europesays.com\/lv\/wp-json\/wp\/v2\/types\/post"}],"author":[{"embeddable":true,"href":"https:\/\/www.europesays.com\/lv\/wp-json\/wp\/v2\/users\/2"}],"replies":[{"embeddable":true,"href":"https:\/\/www.europesays.com\/lv\/wp-json\/wp\/v2\/comments?post=30214"}],"version-history":[{"count":0,"href":"https:\/\/www.europesays.com\/lv\/wp-json\/wp\/v2\/posts\/30214\/revisions"}],"wp:featuredmedia":[{"embeddable":true,"href":"https:\/\/www.europesays.com\/lv\/wp-json\/wp\/v2\/media\/30180"}],"wp:attachment":[{"href":"https:\/\/www.europesays.com\/lv\/wp-json\/wp\/v2\/media?parent=30214"}],"wp:term":[{"taxonomy":"category","embeddable":true,"href":"https:\/\/www.europesays.com\/lv\/wp-json\/wp\/v2\/categories?post=30214"},{"taxonomy":"post_tag","embeddable":true,"href":"https:\/\/www.europesays.com\/lv\/wp-json\/wp\/v2\/tags?post=30214"}],"curies":[{"name":"wp","href":"https:\/\/api.w.org\/{rel}","templated":true}]}}