{"id":30223,"date":"2025-10-24T17:18:11","date_gmt":"2025-10-24T17:18:11","guid":{"rendered":"https:\/\/www.europesays.com\/lv\/30223\/"},"modified":"2025-10-24T17:18:11","modified_gmt":"2025-10-24T17:18:11","slug":"krapnieki-no-mums-izspiez-naudu-santa","status":"publish","type":"post","link":"https:\/\/www.europesays.com\/lv\/30223\/","title":{"rendered":"Kr\u0101pnieki no mums izspie\u017e naudu \u2014 Santa"},"content":{"rendered":"<p>Uz\u0146\u0113muma p\u0113rn\u0101 gada apgroz\u012bjums sasniedza 77,6 miljoniem eiro, kas ir v\u0113sturiski lab\u0101kais finan\u0161u sasniegums gandr\u012bz 30 gadu darb\u012bbas laik\u0101. Forevers ir viens no retajiem uz\u0146\u0113mumiem nozar\u0113, kur\u0161 att\u012bst\u012bbu nodro\u0161ina ar viet\u0113jo kapit\u0101lu un ir liels nodok\u013cu maks\u0101t\u0101js. P\u0113d\u0113jo piecu gadu laik\u0101 t\u0101 nomaks\u0101tais nodok\u013cu apjoms valstij veido 71,4 miljonus eiro, no tiem p\u0113rn valsts bud\u017eet\u0101 iemaks\u0101ti 18,3 miljoni eiro. Uz\u0146\u0113mumam ir VID A kategorijas reitings, k\u0101 ar\u012b nav nodok\u013cu par\u0101du.<\/p>\n<p>\u0160\u012b gada august\u0101 un septembr\u012b vair\u0101kos medijos (pietiek.com) par\u0101d\u012bj\u0101s pla\u0161a nomelno\u0161anas kampa\u0146a pret SIA Forevers un t\u0101s valdes locekli Andreju \u017ddanu ar apmelojo\u0161iem apgalvojumiem par it k\u0101 dal\u012bbu PVN nodok\u013ca kr\u0101p\u0161anas sh\u0113m\u0101s, naudas atmazg\u0101\u0161an\u0101 un nelikum\u012bg\u0101 sadarb\u012bb\u0101 ar prokurat\u016bras, policijas un VID amatperson\u0101m.<\/p>\n<blockquote><p>&#13;<\/p>\n<p>Ne SIA Forevers k\u0101 juridiska persona, ne Andrejs \u017ddans k\u0101 fiziska persona nav tiku\u0161i iesaist\u012bti krimin\u0101lprocesos, procesu\u0101l\u0101s darb\u012bb\u0101s, nav sniegu\u0161i liec\u012bbas, nav tiku\u0161i pratin\u0101ti sakar\u0101 ar publik\u0101cij\u0101s min\u0113t\u0101 Sergeja Vojevodas sniegto inform\u0101ciju, ne saist\u012bb\u0101 ar vi\u0146a min\u0113tajiem procesiem.<\/p>\n<p>&#13;\n<\/p><\/blockquote>\n<p>\u00abEsam k\u013cuvu\u0161i par upuri rafin\u0113tu kr\u0101pnieku grup\u0113juma darb\u012bb\u0101m, kura m\u0113r\u0137is ir ar nomelno\u0161anas kampa\u0146u apmelot, graut komercdarb\u012bbu un, k\u0101 izr\u0101d\u0101s, ar\u012b izspiest naudu, lai izbeigtu apmelojo\u0161u publik\u0101ciju public\u0113\u0161anu. Forevers ir pa\u0161m\u0101ju uz\u0146\u0113mums, l\u012bdz ar to daudz vair\u0101k pak\u013cauts \u0161\u0101d\u0101m negodpr\u0101t\u012bg\u0101m darb\u012bb\u0101m, sal\u012bdzinot ar \u0101rvalstu investoriem. Turkl\u0101t l\u012bdz mums ir non\u0101kusi inform\u0101cija ar\u012b par citiem l\u012bdz\u012bgiem gad\u012bjumiem. T\u0101p\u0113c aicin\u0101m ties\u012bbsarg\u0101jo\u0161\u0101s iest\u0101des aizsarg\u0101t m\u016bsu ties\u012bbas uz dro\u0161u uz\u0146\u0113m\u0113jdarb\u012bbas vidi un tiesisku valsti,\u00bb nor\u0101da Andrejs \u017ddans, SIA Forevers \u012bpa\u0161nieks.<\/p>\n<p>Uz\u0146\u0113mums ar\u012b v\u0113rsies pie iek\u0161lietu ministra un par nozari atbild\u012bgajiem ekonomikas un zemkop\u012bbas ministriem: \u00abEsam noz\u012bm\u012bgs nodok\u013cu maks\u0101t\u0101js valsts bud\u017eet\u0101, darbadev\u0113js vair\u0101k nek\u0101 700 darbiniekiem, pa\u0161m\u0101ju kapit\u0101la uz\u0146\u0113mums ar lieliem invest\u012bciju un eksporta pl\u0101niem, bet nej\u016btamies dro\u0161i par uz\u0146\u0113m\u0113jdarb\u012bbas vidi, kur\u0101 darbojamies.<\/p>\n<blockquote><p>&#13;<\/p>\n<p>\u0160is ir piem\u0113rs, kas par\u0101da, ka devi\u0146desmito gadu izspie\u0161ana uz\u0146\u0113m\u0113jdarb\u012bbas vid\u0113 s\u0101k atgriezties, tikai izmantojot \u0161\u0137ietami tiesiskas metodes, lai grautu uz\u0146\u0113mumu reput\u0101ciju un t\u0101d\u0101 veid\u0101 \u0161anta\u017e\u0113tu ar m\u0113r\u0137i g\u016bt finansi\u0101lu pa\u0161labumu. <\/p>\n<p>&#13;\n<\/p><\/blockquote>\n<p>M\u0113s maks\u0101jam nodok\u013cus un sagaid\u0101m no valsts, ka t\u0101 sp\u0113s m\u016bs aizsarg\u0101t, radot atbilsto\u0161u un tiesisku vidi, kur \u0161\u0101di un l\u012bdz\u012bgi grup\u0113jumi nevar br\u012bvi darboties,\u00bb nor\u0101da Andrejs \u017ddans, SIA Forevers \u012bpa\u0161nieks.<\/p>\n","protected":false},"excerpt":{"rendered":"Uz\u0146\u0113muma p\u0113rn\u0101 gada apgroz\u012bjums sasniedza 77,6 miljoniem eiro, kas ir v\u0113sturiski lab\u0101kais finan\u0161u sasniegums gandr\u012bz 30 gadu darb\u012bbas&hellip;\n","protected":false},"author":2,"featured_media":30224,"comment_status":"","ping_status":"","sticky":false,"template":"","format":"standard","meta":{"footnotes":""},"categories":[5],"tags":[23,28,29,32,33,22,30,31,35,39,38,36,37,34,40,20,26,27,24,25,21],"class_list":{"0":"post-30223","1":"post","2":"type-post","3":"status-publish","4":"format-standard","5":"has-post-thumbnail","7":"category-aktualitates","8":"tag-aktualitates","9":"tag-breaking-news","10":"tag-breakingnews","11":"tag-featured-news","12":"tag-featurednews","13":"tag-headlines","14":"tag-latest-news","15":"tag-latestnews","16":"tag-latvia","17":"tag-latvian","18":"tag-latviesu","19":"tag-latviesu-valoda","20":"tag-latviesuvaloda","21":"tag-latvija","22":"tag-lv","23":"tag-news","24":"tag-popularakas-zinas","25":"tag-popularakaszinas","26":"tag-top-stories","27":"tag-topstories","28":"tag-zinas"},"share_on_mastodon":{"url":"https:\/\/pubeurope.com\/@lv\/115430287220275137","error":""},"_links":{"self":[{"href":"https:\/\/www.europesays.com\/lv\/wp-json\/wp\/v2\/posts\/30223","targetHints":{"allow":["GET"]}}],"collection":[{"href":"https:\/\/www.europesays.com\/lv\/wp-json\/wp\/v2\/posts"}],"about":[{"href":"https:\/\/www.europesays.com\/lv\/wp-json\/wp\/v2\/types\/post"}],"author":[{"embeddable":true,"href":"https:\/\/www.europesays.com\/lv\/wp-json\/wp\/v2\/users\/2"}],"replies":[{"embeddable":true,"href":"https:\/\/www.europesays.com\/lv\/wp-json\/wp\/v2\/comments?post=30223"}],"version-history":[{"count":0,"href":"https:\/\/www.europesays.com\/lv\/wp-json\/wp\/v2\/posts\/30223\/revisions"}],"wp:featuredmedia":[{"embeddable":true,"href":"https:\/\/www.europesays.com\/lv\/wp-json\/wp\/v2\/media\/30224"}],"wp:attachment":[{"href":"https:\/\/www.europesays.com\/lv\/wp-json\/wp\/v2\/media?parent=30223"}],"wp:term":[{"taxonomy":"category","embeddable":true,"href":"https:\/\/www.europesays.com\/lv\/wp-json\/wp\/v2\/categories?post=30223"},{"taxonomy":"post_tag","embeddable":true,"href":"https:\/\/www.europesays.com\/lv\/wp-json\/wp\/v2\/tags?post=30223"}],"curies":[{"name":"wp","href":"https:\/\/api.w.org\/{rel}","templated":true}]}}