{"id":30227,"date":"2025-10-24T17:20:11","date_gmt":"2025-10-24T17:20:11","guid":{"rendered":"https:\/\/www.europesays.com\/lv\/30227\/"},"modified":"2025-10-24T17:20:11","modified_gmt":"2025-10-24T17:20:11","slug":"solis-augsup-stolcermanis-debite-saciksu-seriala-kura-savulaik-startejusi-vairaki-f-1-piloti","status":"publish","type":"post","link":"https:\/\/www.europesays.com\/lv\/30227\/","title":{"rendered":"Solis aug\u0161up &#8211; \u0160tolcermanis debit\u0113 sac\u012bk\u0161u seri\u0101l\u0101, kur\u0101 savulaik start\u0113ju\u0161i vair\u0101ki F-1 piloti"},"content":{"rendered":"<p>                                <img decoding=\"async\" fetchpriority=\"high\" src=\"https:\/\/www.europesays.com\/lv\/wp-content\/uploads\/2025\/10\/tomass-stolcermanis-750x450.jpg\"   alt=\"Tomass \u0160tolcermanis\" class=\"post-featured-image\"\/><\/p>\n<p>Tomass \u0160tolcermanis | Foto: acisportspa.smugmug.com\/<\/p>\n<p>Latvie\u0161u pilots <a href=\"https:\/\/www.sportazinas.com\/atsl%C4%93gv%C4%81rdi\/tomass-stolcermanis\/\" rel=\"nofollow noopener\" target=\"_blank\">Tomass \u0160tolcermanis<\/a> \u0161aj\u0101 ned\u0113\u013cas nogal\u0113 le\u0123end\u0101raj\u0101 Moncas tras\u0113 piedz\u012bvo debiju \u201cFormula Regional\u201d Eiropas \u010dempion\u0101t\u0101 (FRECA), kas vi\u0146am ir pirm\u0101s tik augsta l\u012bme\u0146a sac\u012bkstes formulu kategorij\u0101, <a href=\"https:\/\/laf.lv\/stolcermanis-kapj-klasi-augstak-un-sonedel-debites-formula-regional-seriala\/\" rel=\"nofollow noopener\" target=\"_blank\">v\u0113sta <\/a>Latvijas Automobi\u013cu feder\u0101cija. <\/p>\n<p>18 gadus vecais \u0160tolcermanis uz \u010dempion\u0101ta fin\u0101lposmu pievienojies It\u0101lij\u0101 b\u0101z\u0113tajai \u012bru komandai \u201cRace Performance Motorsport\u201d (RPM), kas \u0161osezon start\u0113 tikai ar vienu pamatsast\u0101va brauc\u0113ju, kam\u0113r divas citas ma\u0161\u012bnas regul\u0101ri tiek nodotas da\u017e\u0101du pilotu r\u012bc\u012bb\u0101. No desmit FRECA start\u0113jo\u0161aj\u0101m komand\u0101m RPM pa\u0161laik ie\u0146em astoto vietu kopv\u0113rt\u0113jum\u0101. Punktos t\u0101 \u0161ogad iek\u013cuvusi \u010detras reizes un lab\u0101kais rezult\u0101ts ir astot\u0101 vieta pamatbrauc\u0113ja D\u017eovanni Maskio izpild\u012bjum\u0101.<\/p>\n<p>\u201cFormula Regional\u201d Eiropas \u010dempion\u0101ts tika uzs\u0101kts 2019. gad\u0101 un tiek pied\u0101v\u0101ts jaunajiem sac\u012bk\u0161u brauc\u0113jiem k\u0101 p\u0101rejas posms starp \u201cFormula 4\u201d kategoriju un FIA \u201cFormula 3\u201d \u010dempion\u0101tu. FRECA \u010dempion\u0101t\u0101 start\u0113ju\u0161i t\u0101di tagad\u0113jie F1 piloti k\u0101 Franko Kolapinto, Andrea Kimi Antonelli, kur\u0161 2023. gad\u0101 k\u013cuva par \u010dempionu, t\u0101pat Gabriels Bortoleto un Izaks Had\u017ears. Piec\u0101s no se\u0161\u0101m sezon\u0101m kopv\u0113rt\u0113jum\u0101 triumf\u0113ju\u0161i sportisti, kas p\u0101rst\u0101v \u201cPrema\u201d komandu.<\/p>\n<p>Sac\u012bk\u0161u automa\u0161\u012bnas projekt\u0113 un b\u016bv\u0113 It\u0101lijas ra\u017eot\u0101js \u201cTatuus\u201d. \u0160obr\u012bd piloti start\u0113 ar FR-19 mode\u013ca formul\u0101m, kas apr\u012bkotas ar apm\u0113ram 270 zirgsp\u0113kiem jaud\u012bgiem 1.8 litru \u201cAlpine\u201d motoriem, izgatavotiem sadarb\u012bb\u0101 ar \u201cNissan\u201d. Tiek izmantotas \u201cPirelli\u201d riepas. Jau vair\u0101kus gadus sac\u012bk\u0161u sp\u0113kratiem ir \u201cpush-to-pass\u201d opcija, kas \u012bslaic\u012bgi palielina dzin\u0113ja jaudu uz 15 sekund\u0113m, lietojama piecas reizes sac\u012bk\u0161u laik\u0101, neatkar\u012bgi no atra\u0161an\u0101s vietas tras\u0113.<\/p>\n<p>Pirms iz\u0161\u0137iro\u0161\u0101 posma Monc\u0101 kopv\u0113rt\u0113juma vad\u012bb\u0101 atrodas Fredijs Sleiters (\u201cPrema\u201d), kuram ir tikai \u010detru punktu p\u0101rsvars p\u0101r Mateo De Palo (\u201cTrident\u201d), bet tre\u0161o vietu ie\u0146em Enco Deli\u0146\u012b (\u201cR-ace GP\u201d). Sezonu FRECA sac\u012bkst\u0113s aizvada ar\u012b t\u0101di piloti k\u0101 Ak\u0161ajs Bora, Ra\u0161ids Al Daheri, Dions Govda, D\u017eeks B\u012btons, kuri p\u0113rn kop\u0101 ar \u0160tolcermani start\u0113ja F4 kategorij\u0101, kad latvie\u0161u autosportists taj\u0101 piedz\u012bvoja debiju.<\/p>\n<p>\u0160ogad \u0160tolcermanis sezonu atkal s\u0101ka It\u0101lijas F4 sac\u012bkst\u0113s ar \u201cPrema\u201d vien\u012bbu, bet sadarb\u012bba beidz\u0101s p\u0113c pirmajiem diviem posmiem. Vien\u0101 no sac\u012bkst\u0113m Tomass bija izc\u012bn\u012bjis otro vietu. Septembr\u012b vi\u0146\u0161 atgriez\u0101s uz starta Mud\u017eello posm\u0101, jau p\u0101rst\u0101vot \u201cAKM Motorsport\u201d nometni un vien\u0101 no braucieniem ierindojoties sept\u012btaj\u0101 viet\u0101.<\/p>\n<p>Jau vakar Moncas tras\u0113 \u010detru stundu garum\u0101 notika \u201cFormula Regional\u201d testu braucieni, bet \u0161odien sekoja v\u0113l divas 50 min\u016btes garas treni\u0146u sesijas, kur\u0101s \u0160toclermanis ie\u0146\u0113ma desmito un 17. vietu. Pirmaj\u0101 treni\u0146\u0101 \u0160tolcermanis bija lab\u0101kais no visiem debitantiem.<\/p>\n<p>Sestdien plkst. 9:30 p\u0113c Latvijas laika s\u0101ksies pirm\u0101 brauciena kvalifik\u0101cija (brauc\u0113ji sadal\u012bti div\u0101s grup\u0101s, katrai 15 min\u016b\u0161u sesija), bet pirm\u0101 sac\u012bkste b\u016bs 13:50. Sv\u0113tdien plkst. 9:30 otr\u0101s kvalifik\u0101cijas s\u0101kums, bet 15:50 otr\u0101 brauciena starts. Abu sac\u012bk\u0161u garums b\u016bs 30 min\u016btes un 1 aplis. Gan kvalifik\u0101cijas, gan sac\u012bkstes tie\u0161raid\u0113 var\u0113s v\u0113rot\u00a0<a href=\"https:\/\/www.youtube.com\/@formularegionaleubyalpine\/streams\" target=\"_blank\" rel=\"noreferrer noopener nofollow\">\u010dempion\u0101ta ofici\u0101laj\u0101 \u201cYoutube\u201d kan\u0101l\u0101<\/a>.<\/p>\n","protected":false},"excerpt":{"rendered":"Tomass \u0160tolcermanis | Foto: acisportspa.smugmug.com\/ Latvie\u0161u pilots Tomass \u0160tolcermanis \u0161aj\u0101 ned\u0113\u013cas nogal\u0113 le\u0123end\u0101raj\u0101 Moncas tras\u0113 piedz\u012bvo debiju \u201cFormula&hellip;\n","protected":false},"author":2,"featured_media":30228,"comment_status":"","ping_status":"","sticky":false,"template":"","format":"standard","meta":{"footnotes":""},"categories":[17],"tags":[35,39,38,36,37,34,40,67],"class_list":{"0":"post-30227","1":"post","2":"type-post","3":"status-publish","4":"format-standard","5":"has-post-thumbnail","7":"category-sports","8":"tag-latvia","9":"tag-latvian","10":"tag-latviesu","11":"tag-latviesu-valoda","12":"tag-latviesuvaloda","13":"tag-latvija","14":"tag-lv","15":"tag-sports"},"share_on_mastodon":{"url":"https:\/\/pubeurope.com\/@lv\/115430295063750448","error":""},"_links":{"self":[{"href":"https:\/\/www.europesays.com\/lv\/wp-json\/wp\/v2\/posts\/30227","targetHints":{"allow":["GET"]}}],"collection":[{"href":"https:\/\/www.europesays.com\/lv\/wp-json\/wp\/v2\/posts"}],"about":[{"href":"https:\/\/www.europesays.com\/lv\/wp-json\/wp\/v2\/types\/post"}],"author":[{"embeddable":true,"href":"https:\/\/www.europesays.com\/lv\/wp-json\/wp\/v2\/users\/2"}],"replies":[{"embeddable":true,"href":"https:\/\/www.europesays.com\/lv\/wp-json\/wp\/v2\/comments?post=30227"}],"version-history":[{"count":0,"href":"https:\/\/www.europesays.com\/lv\/wp-json\/wp\/v2\/posts\/30227\/revisions"}],"wp:featuredmedia":[{"embeddable":true,"href":"https:\/\/www.europesays.com\/lv\/wp-json\/wp\/v2\/media\/30228"}],"wp:attachment":[{"href":"https:\/\/www.europesays.com\/lv\/wp-json\/wp\/v2\/media?parent=30227"}],"wp:term":[{"taxonomy":"category","embeddable":true,"href":"https:\/\/www.europesays.com\/lv\/wp-json\/wp\/v2\/categories?post=30227"},{"taxonomy":"post_tag","embeddable":true,"href":"https:\/\/www.europesays.com\/lv\/wp-json\/wp\/v2\/tags?post=30227"}],"curies":[{"name":"wp","href":"https:\/\/api.w.org\/{rel}","templated":true}]}}