{"id":30260,"date":"2025-10-24T18:10:07","date_gmt":"2025-10-24T18:10:07","guid":{"rendered":"https:\/\/www.europesays.com\/lv\/30260\/"},"modified":"2025-10-24T18:10:07","modified_gmt":"2025-10-24T18:10:07","slug":"asv-operacija-pret-narkokarteliem-karibu-jura-nogalinati-vairaki-cilveki","status":"publish","type":"post","link":"https:\/\/www.europesays.com\/lv\/30260\/","title":{"rendered":"ASV oper\u0101cij\u0101 pret narkokarte\u013ciem Kar\u012bbu j\u016br\u0101 nogalin\u0101ti vair\u0101ki cilv\u0113ki"},"content":{"rendered":"<p>L\u012bdz ar to boj\u0101g\u0101ju\u0161o skaits \u0161aj\u0101 <a href=\"https:\/\/www.apollo.lv\/term\/555410\/asv\" class=\"topicLink\" target=\"_blank\" rel=\"nofollow noopener\">ASV<\/a> oper\u0101cij\u0101 pret narkokarte\u013ciem tagad pieaudzis l\u012bdz vismaz 46.<\/p>\n<p>Kopum\u0101 veikti jau desmit \u0161\u0101di triecieni.<\/p>\n<p>K\u0101 soci\u0101lajos medijos pauda Hegsets, trieciens veikts Venecu\u0113las noziedz\u012bg\u0101 grup\u0113juma &#8220;Tren de Aragua&#8221; ku\u0123im.<\/p>\n<p>Tas noticis starptautiskajos \u016bde\u0146os.<\/p>\n<p>P\u0113d\u0113j\u0101 laik\u0101 triecienu skaits k\u013cuvis bie\u017e\u0101ks &#8211; no viena trieciena ik p\u0113c da\u017e\u0101m ned\u0113\u013c\u0101m septembr\u012b, kad ASV tos uzs\u0101ka, l\u012bdz trim triecieniem ned\u0113\u013cas laik\u0101.<\/p>\n<p>Divi no \u0161oned\u0113\u013c veiktajiem triecieniem veikti Klus\u0101 oke\u0101na austrumu da\u013c\u0101, papla\u0161inot triecienu \u0123eogr\u0101fiju.<\/p>\n<p>&#8220;Ja j\u016bs esat narkoterorists, kas m\u016bsu puslod\u0113 nodarbojas ar narkotiku kontrabandu, m\u0113s pret jums iztur\u0113simies t\u0101pat k\u0101 pret &#8220;Al Qaeda&#8221;,&#8221; br\u012bdin\u0101ja Hegsets.<\/p>\n<p>&#8220;Dien\u0101 vai nakt\u012b m\u0113s apzin\u0101sim j\u016bsu t\u012bklus, izsekosim j\u016bsu cilv\u0113kus, sadz\u012bsim jums p\u0113das un nogalin\u0101sim,&#8221; pauda ministrs.<\/p>\n<p>ASV p\u0113d\u0113j\u0101 laika milit\u0101r\u0101s aktivit\u0101tes Kar\u012bbu j\u016br\u0101 un Venecu\u0113las piekrast\u0113 izrais\u012bju\u0161as spekul\u0101cijas, ka ASV prezidents Donalds Tramps var\u0113tu m\u0113\u0123in\u0101t g\u0101zt Venecu\u0113las prezidentu Nikolasu Maduro.<\/p>\n<p>Maduro ASV izvirz\u012btas aps\u016bdz\u012bbas narkoterorism\u0101.<\/p>\n<p>Va\u0161ingtona nav public\u0113jusi pier\u0101d\u012bjumus, ka \u0161o triecienu m\u0113r\u0137i tie\u0161\u0101m biju\u0161i narkotiku kontrabandisti.<\/p>\n<p>Maduro nosaucis ASV darb\u012bbas \u0161aj\u0101 re\u0123ion\u0101 par &#8220;bru\u0146otu agresiju re\u017e\u012bma mai\u0146as uzspie\u0161anai, marione\u0161u vald\u012bbu uzspie\u0161anai, Venecu\u0113las naftas, g\u0101zes, zelta un vidu dabas resursu nozag\u0161anai&#8221;.<\/p>\n","protected":false},"excerpt":{"rendered":"L\u012bdz ar to boj\u0101g\u0101ju\u0161o skaits \u0161aj\u0101 ASV oper\u0101cij\u0101 pret narkokarte\u013ciem tagad pieaudzis l\u012bdz vismaz 46. Kopum\u0101 veikti jau&hellip;\n","protected":false},"author":2,"featured_media":30261,"comment_status":"","ping_status":"","sticky":false,"template":"","format":"standard","meta":{"footnotes":""},"categories":[14],"tags":[23,57,63,292,28,29,32,33,22,30,31,35,39,38,36,37,34,40,20,26,27,24,25,54,55,56,21,58],"class_list":{"0":"post-30260","1":"post","2":"type-post","3":"status-publish","4":"format-standard","5":"has-post-thumbnail","7":"category-zinas-no-arvalstim","8":"tag-aktualitates","9":"tag-arvalstim","10":"tag-arvalstis","11":"tag-asv","12":"tag-breaking-news","13":"tag-breakingnews","14":"tag-featured-news","15":"tag-featurednews","16":"tag-headlines","17":"tag-latest-news","18":"tag-latestnews","19":"tag-latvia","20":"tag-latvian","21":"tag-latviesu","22":"tag-latviesu-valoda","23":"tag-latviesuvaloda","24":"tag-latvija","25":"tag-lv","26":"tag-news","27":"tag-popularakas-zinas","28":"tag-popularakaszinas","29":"tag-top-stories","30":"tag-topstories","31":"tag-world","32":"tag-world-news","33":"tag-worldnews","34":"tag-zinas","35":"tag-zinas-no-arvalstim"},"share_on_mastodon":{"url":"https:\/\/pubeurope.com\/@lv\/115430491638167772","error":""},"_links":{"self":[{"href":"https:\/\/www.europesays.com\/lv\/wp-json\/wp\/v2\/posts\/30260","targetHints":{"allow":["GET"]}}],"collection":[{"href":"https:\/\/www.europesays.com\/lv\/wp-json\/wp\/v2\/posts"}],"about":[{"href":"https:\/\/www.europesays.com\/lv\/wp-json\/wp\/v2\/types\/post"}],"author":[{"embeddable":true,"href":"https:\/\/www.europesays.com\/lv\/wp-json\/wp\/v2\/users\/2"}],"replies":[{"embeddable":true,"href":"https:\/\/www.europesays.com\/lv\/wp-json\/wp\/v2\/comments?post=30260"}],"version-history":[{"count":0,"href":"https:\/\/www.europesays.com\/lv\/wp-json\/wp\/v2\/posts\/30260\/revisions"}],"wp:featuredmedia":[{"embeddable":true,"href":"https:\/\/www.europesays.com\/lv\/wp-json\/wp\/v2\/media\/30261"}],"wp:attachment":[{"href":"https:\/\/www.europesays.com\/lv\/wp-json\/wp\/v2\/media?parent=30260"}],"wp:term":[{"taxonomy":"category","embeddable":true,"href":"https:\/\/www.europesays.com\/lv\/wp-json\/wp\/v2\/categories?post=30260"},{"taxonomy":"post_tag","embeddable":true,"href":"https:\/\/www.europesays.com\/lv\/wp-json\/wp\/v2\/tags?post=30260"}],"curies":[{"name":"wp","href":"https:\/\/api.w.org\/{rel}","templated":true}]}}