{"id":30270,"date":"2025-10-24T18:22:11","date_gmt":"2025-10-24T18:22:11","guid":{"rendered":"https:\/\/www.europesays.com\/lv\/30270\/"},"modified":"2025-10-24T18:22:11","modified_gmt":"2025-10-24T18:22:11","slug":"ek-apsudz-facebook-instagram-un-tiktok-par-es-digitalo-pakalpojumu-akta-prasibu-neieverosanu-diena","status":"publish","type":"post","link":"https:\/\/www.europesays.com\/lv\/30270\/","title":{"rendered":"EK aps\u016bdz Facebook, Instagram un TikTok par ES Digit\u0101lo pakalpojumu akta pras\u012bbu neiev\u0113ro\u0161anu \/ Diena"},"content":{"rendered":"<p>EK izmekl\u0113\u0161an\u0101 secin\u0101ts, ka \u0161\u012bs tr\u012bs platformas nenodro\u0161ina p\u0113tniekiem pietiekamu ieskatu savos datos, k\u0101 to prasa Digit\u0101lo pakalpojumu akts.<\/p>\n<p>&#13;<br \/>\n&#13;<\/p>\n<p>\u0160\u0101d\u0101m publiski pieejam\u0101m datu kop\u0101m b\u016btu j\u0101\u013cauj izp\u0113t\u012bt, piem\u0113ram, vardarb\u012bbu slavino\u0161a satura ietekmi uz b\u0113rniem.<\/p>\n<p>&#13;<br \/>\n&#13;<\/p>\n<p>Turkl\u0101t EK nor\u0101da, ka platfomu &#8220;Facebook&#8221; un &#8220;Instagram&#8221; \u012bpa\u0161nieks &#8211; ASV tehnolo\u0123iju uz\u0146\u0113mums &#8220;Meta&#8221; &#8211; nepied\u0101v\u0101 vienk\u0101r\u0161us veidus, k\u0101 zi\u0146ot par nelikum\u012bgu saturu un apstr\u012bd\u0113t satura moder\u0113\u0161anas l\u0113mumus.<\/p>\n<p>&#13;<br \/>\n&#13;<\/p>\n<p>&#8220;Meta&#8221; un &#8220;TikTok&#8221; tagad tiks dots laiks atbild\u0113t uz \u0161\u012bm EK paustaj\u0101m aps\u016bdz\u012bb\u0101m vai veikt izmai\u0146as sav\u0101s platform\u0101s, lai izvair\u012btos no iesp\u0113jamiem naudas sodiem.<\/p>\n<p>&#13;<br \/>\n&#13;<\/p>\n<p>&#8220;M\u016bsu demokr\u0101tija ir atkar\u012bga no uztic\u012bbas. Tas noz\u012bm\u0113, ka platform\u0101m ir j\u0101dod iesp\u0113jas lietot\u0101jiem, j\u0101iev\u0113ro vi\u0146u ties\u012bbas un j\u0101atver savas sist\u0113mas kontrolei,&#8221; sac\u012bja EK prezidentes vietniece Henna Virkunena.<\/p>\n<p>&#13;<br \/>\n&#13;<\/p>\n<p>Piektdien publiskotie secin\u0101jumi ir da\u013ca no pla\u0161\u0101kas izmekl\u0113\u0161anas, kas pret \u0161\u012bm trim platform\u0101m s\u0101kta 2024. gad\u0101.<\/p>\n<p>&#13;<\/p>\n","protected":false},"excerpt":{"rendered":"EK izmekl\u0113\u0161an\u0101 secin\u0101ts, ka \u0161\u012bs tr\u012bs platformas nenodro\u0161ina p\u0113tniekiem pietiekamu ieskatu savos datos, k\u0101 to prasa Digit\u0101lo pakalpojumu&hellip;\n","protected":false},"author":2,"featured_media":30271,"comment_status":"","ping_status":"","sticky":false,"template":"","format":"standard","meta":{"footnotes":""},"categories":[14],"tags":[23,57,28,29,32,33,22,30,31,35,39,38,36,37,34,40,20,26,27,24,25,54,55,56,21,58],"class_list":{"0":"post-30270","1":"post","2":"type-post","3":"status-publish","4":"format-standard","5":"has-post-thumbnail","7":"category-zinas-no-arvalstim","8":"tag-aktualitates","9":"tag-arvalstim","10":"tag-breaking-news","11":"tag-breakingnews","12":"tag-featured-news","13":"tag-featurednews","14":"tag-headlines","15":"tag-latest-news","16":"tag-latestnews","17":"tag-latvia","18":"tag-latvian","19":"tag-latviesu","20":"tag-latviesu-valoda","21":"tag-latviesuvaloda","22":"tag-latvija","23":"tag-lv","24":"tag-news","25":"tag-popularakas-zinas","26":"tag-popularakaszinas","27":"tag-top-stories","28":"tag-topstories","29":"tag-world","30":"tag-world-news","31":"tag-worldnews","32":"tag-zinas","33":"tag-zinas-no-arvalstim"},"share_on_mastodon":{"url":"https:\/\/pubeurope.com\/@lv\/115430538960839911","error":""},"_links":{"self":[{"href":"https:\/\/www.europesays.com\/lv\/wp-json\/wp\/v2\/posts\/30270","targetHints":{"allow":["GET"]}}],"collection":[{"href":"https:\/\/www.europesays.com\/lv\/wp-json\/wp\/v2\/posts"}],"about":[{"href":"https:\/\/www.europesays.com\/lv\/wp-json\/wp\/v2\/types\/post"}],"author":[{"embeddable":true,"href":"https:\/\/www.europesays.com\/lv\/wp-json\/wp\/v2\/users\/2"}],"replies":[{"embeddable":true,"href":"https:\/\/www.europesays.com\/lv\/wp-json\/wp\/v2\/comments?post=30270"}],"version-history":[{"count":0,"href":"https:\/\/www.europesays.com\/lv\/wp-json\/wp\/v2\/posts\/30270\/revisions"}],"wp:featuredmedia":[{"embeddable":true,"href":"https:\/\/www.europesays.com\/lv\/wp-json\/wp\/v2\/media\/30271"}],"wp:attachment":[{"href":"https:\/\/www.europesays.com\/lv\/wp-json\/wp\/v2\/media?parent=30270"}],"wp:term":[{"taxonomy":"category","embeddable":true,"href":"https:\/\/www.europesays.com\/lv\/wp-json\/wp\/v2\/categories?post=30270"},{"taxonomy":"post_tag","embeddable":true,"href":"https:\/\/www.europesays.com\/lv\/wp-json\/wp\/v2\/tags?post=30270"}],"curies":[{"name":"wp","href":"https:\/\/api.w.org\/{rel}","templated":true}]}}