{"id":30272,"date":"2025-10-24T18:23:08","date_gmt":"2025-10-24T18:23:08","guid":{"rendered":"https:\/\/www.europesays.com\/lv\/30272\/"},"modified":"2025-10-24T18:23:08","modified_gmt":"2025-10-24T18:23:08","slug":"rezisora-alvja-hermana-jauna-loma-veseris-kas-veles-vai-cels-valsti-raksts-lsm","status":"publish","type":"post","link":"https:\/\/www.europesays.com\/lv\/30272\/","title":{"rendered":"Re\u017eisora Alvja Herma\u0146a jaun\u0101 loma: veseris, kas vel\u0113s vai cels valsti? \/ Raksts &#8211; LSM"},"content":{"rendered":"<ol>\n<li><a href=\"https:\/\/news.google.com\/rss\/articles\/CBMizgFBVV95cUxPVUtuWlJhYmFydzVqN0NGc3I2NlB5OENFY00tWGhyMTVLa29LNW14UGpZVXMwakRCY25iX293SUpFdVJiQUtJeFdyRWx1bFdWcktaSm0wOEFSWjY3dWljSXJ3Ukh0TWM3TlVtQjlJNWhiS0hWNUVuYUQ5TC1OY3p6aFNVM0t6VE9ZOU05bVp2dHdJSGRSdlltcEtrMVNMSFViR1I4UmVsT3R0eVBuUGg0dlhQdkJyTTMyNEUzekFHMTJYYkRQY2d2YVFGS3RIdw?oc=5\" target=\"_blank\" rel=\"nofollow noopener\">Re\u017eisora Alvja Herma\u0146a jaun\u0101 loma: veseris, kas vel\u0113s vai cels valsti? \/ Raksts<\/a>&nbsp;&nbsp;LSM<\/li>\n<li><a href=\"https:\/\/news.google.com\/rss\/articles\/CBMiogFBVV95cUxOVGpUR0hQbm5aaTlJOVo0bzFzaXpLZmhDdEFDRVp2cVBzMl9qQlBZVHRldENuel9EMTRYcUhfV2RqLS1QUDlCaUMyYjBVaE9OVkRSbklraElYTVRBa285ZDN4SkE0b0pLVHVJa29TU0Q4ckFLejc5OHEzR05WMDJVb0lhSkdDT1VfWmZmSWxvRXpQMU9xNVBrVnVCTEs2Y294MEE?oc=5\" target=\"_blank\" rel=\"nofollow noopener\">&#8220;Bez partij\u0101m&#8221; tom\u0113r nesadarbosies ar partiju &#8220;Platforma 21&#8221;<\/a>&nbsp;&nbsp;Delfi<\/li>\n<li><a href=\"https:\/\/news.google.com\/rss\/articles\/CBMi1gFBVV95cUxOVzdoZXh0Y0N3cEt6bUR1VmJrQXVDc2U4MXFBNTdqcjJqak1Ycmd0U2Nya3pvN3RoNEw4OGQtQ1BSeklFYTAyaW1uX1NyLUlYamoweVJHamE2RU14TFRFWmJNSXR0ZEhEM28tNk1UdkFHRHNkWGJPTTUtV1dhbFgtcnByZjdGSDVJd0Q0dlJmYXpoUWU5WVUzaVFxRjUzLXJrSHlIdEN4ZnV3Qm5PS25SaW02aDRKWldpc3FBQ0pVSVE5SERFblIwVDRxUm5LNW1WVWFfaktR?oc=5\" target=\"_blank\" rel=\"nofollow noopener\">Kult\u016br\u0161oks. Herma\u0146a jaunais gr\u0101v\u0113js \/ Ieraksts<\/a>&nbsp;&nbsp;REplay.lv<\/li>\n<li><a href=\"https:\/\/news.google.com\/rss\/articles\/CBMi6AFBVV95cUxQcDVkRXh5d1R4dmhoWHBNRXBfdU1HUk5OaFkwa2FJck0ta0lmY0UxaHNPVTA0MEZaMm93akZ1VDdrUEp4Ynl6Zk5MMmlUelM4endaQmdsbjc4dHNOOXFrcDJ5elZKdjVRU2d3R0ozN3dqcG5UVTlvYVlIb1d3ZVJCTE1SbXJMSU9xcUJmNUJmaHBQMlFwaUZmU25yZHR2eGxpYmlEb3ZSQS1VbUNJdTFPMFF3Y2lKMzJ6UDdJMTlfc2xldzZ0cVktWTVYbjdoS3RZVU1BcGF1NjFNSEFiRVQtQUloU202M0Fm?oc=5\" target=\"_blank\" rel=\"nofollow noopener\">\u201cK\u0101p\u0113c \u0161aj\u0101s dien\u0101s visi iesl\u0113gu\u0161i maksim\u0101lo nomelno\u0161anas re\u017e\u012bmu pret mums?\u201d Hermanis ir neizpratn\u0113<\/a>&nbsp;&nbsp;LA.LV<\/li>\n<li><a href=\"https:\/\/news.google.com\/rss\/articles\/CBMiwgFBVV95cUxPRHN0d1hHVkNZazZIS1J5XzBnUHZmbExaWDhKcGN6Z1lvVlZvbFhwQjgwbklOekd2ZVFQd1Qxa3dRY1Y3ZENIOFNZVjZjU2cyZ1NzTlBrR0dFTlZhV1hoLTNQNklWNkxMQ25vQldWN0xCdS1LWmppRGFsSmdwWHg5LWJLQVdYZEE1a1RQS21DX0RMMllTWjZESExHVHNWZkNNN2htZXcxT2l5SlNlcU40azN4ZWxrbVhlYVcxRXlyeC1oZw?oc=5\" target=\"_blank\" rel=\"nofollow noopener\">Did\u017ea \u0160mita p\u0101rst\u0101v\u0113t\u0101 kust\u012bba \u201cBez partij\u0101m\u201d pl\u0101no start\u0113t n\u0101kam\u0101 gada Saeimas v\u0113l\u0113\u0161an\u0101s<\/a>&nbsp;&nbsp;Jauns.lv<\/li>\n<\/ol>\n","protected":false},"excerpt":{"rendered":"Re\u017eisora Alvja Herma\u0146a jaun\u0101 loma: veseris, kas vel\u0113s vai cels valsti? \/ Raksts&nbsp;&nbsp;LSM &#8220;Bez partij\u0101m&#8221; tom\u0113r nesadarbosies ar&hellip;\n","protected":false},"author":2,"featured_media":30273,"comment_status":"","ping_status":"","sticky":false,"template":"","format":"standard","meta":{"footnotes":""},"categories":[12],"tags":[23,28,29,32,33,22,30,31,35,39,38,36,37,34,40,20,26,27,24,25,21],"class_list":{"0":"post-30272","1":"post","2":"type-post","3":"status-publish","4":"format-standard","5":"has-post-thumbnail","7":"category-latvija","8":"tag-aktualitates","9":"tag-breaking-news","10":"tag-breakingnews","11":"tag-featured-news","12":"tag-featurednews","13":"tag-headlines","14":"tag-latest-news","15":"tag-latestnews","16":"tag-latvia","17":"tag-latvian","18":"tag-latviesu","19":"tag-latviesu-valoda","20":"tag-latviesuvaloda","21":"tag-latvija","22":"tag-lv","23":"tag-news","24":"tag-popularakas-zinas","25":"tag-popularakaszinas","26":"tag-top-stories","27":"tag-topstories","28":"tag-zinas"},"share_on_mastodon":{"url":"https:\/\/pubeurope.com\/@lv\/115430542808167486","error":""},"_links":{"self":[{"href":"https:\/\/www.europesays.com\/lv\/wp-json\/wp\/v2\/posts\/30272","targetHints":{"allow":["GET"]}}],"collection":[{"href":"https:\/\/www.europesays.com\/lv\/wp-json\/wp\/v2\/posts"}],"about":[{"href":"https:\/\/www.europesays.com\/lv\/wp-json\/wp\/v2\/types\/post"}],"author":[{"embeddable":true,"href":"https:\/\/www.europesays.com\/lv\/wp-json\/wp\/v2\/users\/2"}],"replies":[{"embeddable":true,"href":"https:\/\/www.europesays.com\/lv\/wp-json\/wp\/v2\/comments?post=30272"}],"version-history":[{"count":0,"href":"https:\/\/www.europesays.com\/lv\/wp-json\/wp\/v2\/posts\/30272\/revisions"}],"wp:featuredmedia":[{"embeddable":true,"href":"https:\/\/www.europesays.com\/lv\/wp-json\/wp\/v2\/media\/30273"}],"wp:attachment":[{"href":"https:\/\/www.europesays.com\/lv\/wp-json\/wp\/v2\/media?parent=30272"}],"wp:term":[{"taxonomy":"category","embeddable":true,"href":"https:\/\/www.europesays.com\/lv\/wp-json\/wp\/v2\/categories?post=30272"},{"taxonomy":"post_tag","embeddable":true,"href":"https:\/\/www.europesays.com\/lv\/wp-json\/wp\/v2\/tags?post=30272"}],"curies":[{"name":"wp","href":"https:\/\/api.w.org\/{rel}","templated":true}]}}