{"id":30281,"date":"2025-10-24T18:36:12","date_gmt":"2025-10-24T18:36:12","guid":{"rendered":"https:\/\/www.europesays.com\/lv\/30281\/"},"modified":"2025-10-24T18:36:12","modified_gmt":"2025-10-24T18:36:12","slug":"jauns-virietis-uzspridzina-sevi-dzelzcela-stacija-ukraina","status":"publish","type":"post","link":"https:\/\/www.europesays.com\/lv\/30281\/","title":{"rendered":"Jauns v\u012brietis uzspridzina sevi dzelzce\u013ca stacij\u0101 Ukrain\u0101"},"content":{"rendered":"<p class=\"descr\">Ukrain\u0101 \u017ditomiras apgabala Koroste\u0146as rajon\u0101 Ovru\u010das stacij\u0101 23 gadus vecs v\u012brietis piektdien dokumentu p\u0101rbaudes gait\u0101 deton\u0113jis spridzekli, laupot dz\u012bv\u012bbu sev un nogalinot tr\u012bs sievietes, ar\u012b robe\u017esardzes darbinieci, pav\u0113st\u012bja policija.<\/p>\n<p>V\u0113l 10 cilv\u0113ki ievainoti.<\/p>\n<p>Atbilsto\u0161i provizoriskajai inform\u0101cijai robe\u017esardzes darbinieki uz stacijas perona veiku\u0161i pasa\u017eieru <a href=\"https:\/\/nra.lv\/birka\/dokumentu-parbaude\/\" target=\"_blank\" rel=\"noopener nofollow\">dokumentu p\u0101rbaudi<\/a>.<\/p>\n<p>&#8220;Viens no v\u012brie\u0161iem izvilka spridzekli, p\u0113c tam notika <a href=\"https:\/\/nra.lv\/birka\/spradziens\/\" target=\"_blank\" rel=\"noopener nofollow\">spr\u0101dziens<\/a>. Rezult\u0101t\u0101 g\u0101ja boj\u0101 23 gadus vecais Harkivas iedz\u012bvot\u0101js, kam bija spridzeklis,&#8221; teikts pazi\u0146ojum\u0101.<\/p>\n<p>&#8220;<a href=\"https:\/\/nra.lv\/birka\/bojagajusie\/\" target=\"_blank\" rel=\"noopener nofollow\">N\u0101v\u0113jo\u0161us<\/a> savainojumus guva ar\u012b tr\u012bs 29, 58 un 82 gadus vecas sievietes &#8211; Koroste\u0146as rajona iedz\u012bvot\u0101jas. Boj\u0101g\u0101ju\u0161o vid\u016b ir ar\u012b robe\u017esardzes darbiniece,&#8221; nor\u0101d\u012bja policija.<\/p>\n<p>Ievainotie atrodas medic\u012bnas iest\u0101d\u0113 un sa\u0146em nepiecie\u0161amo pal\u012bdz\u012bbu.<\/p>\n<p>Ovru\u010das dzelzce\u013ca stacijas kontrolpunkts atrodas 40 kilometru att\u0101lum\u0101 no <a href=\"https:\/\/nra.lv\/birka\/ukraina\/\" target=\"_blank\" rel=\"noopener nofollow\">Ukrainas<\/a> un Baltkrievijas robe\u017eas.<\/p>\n<p>\t\t\t\t\t\tinfo<\/p>\n<p>Uzzini pirmais<br \/>kas interesants noticis Latvij\u0101 un pasaul\u0113,<br \/>pievienojoties mums <a href=\"https:\/\/t.me\/neatkariga\" rel=\"nofollow\">Telegram<\/a> vai <a href=\"https:\/\/whatsapp.com\/channel\/0029VaMLFUH5K3zLU5s4wm3y\" rel=\"nofollow noopener\" target=\"_blank\">Whatsapp<\/a> kan\u0101l\u0101<\/p>\n","protected":false},"excerpt":{"rendered":"Ukrain\u0101 \u017ditomiras apgabala Koroste\u0146as rajon\u0101 Ovru\u010das stacij\u0101 23 gadus vecs v\u012brietis piektdien dokumentu p\u0101rbaudes gait\u0101 deton\u0113jis spridzekli, laupot&hellip;\n","protected":false},"author":2,"featured_media":30282,"comment_status":"","ping_status":"","sticky":false,"template":"","format":"standard","meta":{"footnotes":""},"categories":[5],"tags":[23,28,29,32,33,22,30,31,35,39,38,36,37,34,40,20,26,27,24,25,21],"class_list":{"0":"post-30281","1":"post","2":"type-post","3":"status-publish","4":"format-standard","5":"has-post-thumbnail","7":"category-aktualitates","8":"tag-aktualitates","9":"tag-breaking-news","10":"tag-breakingnews","11":"tag-featured-news","12":"tag-featurednews","13":"tag-headlines","14":"tag-latest-news","15":"tag-latestnews","16":"tag-latvia","17":"tag-latvian","18":"tag-latviesu","19":"tag-latviesu-valoda","20":"tag-latviesuvaloda","21":"tag-latvija","22":"tag-lv","23":"tag-news","24":"tag-popularakas-zinas","25":"tag-popularakaszinas","26":"tag-top-stories","27":"tag-topstories","28":"tag-zinas"},"share_on_mastodon":{"url":"https:\/\/pubeurope.com\/@lv\/115430593860938961","error":""},"_links":{"self":[{"href":"https:\/\/www.europesays.com\/lv\/wp-json\/wp\/v2\/posts\/30281","targetHints":{"allow":["GET"]}}],"collection":[{"href":"https:\/\/www.europesays.com\/lv\/wp-json\/wp\/v2\/posts"}],"about":[{"href":"https:\/\/www.europesays.com\/lv\/wp-json\/wp\/v2\/types\/post"}],"author":[{"embeddable":true,"href":"https:\/\/www.europesays.com\/lv\/wp-json\/wp\/v2\/users\/2"}],"replies":[{"embeddable":true,"href":"https:\/\/www.europesays.com\/lv\/wp-json\/wp\/v2\/comments?post=30281"}],"version-history":[{"count":0,"href":"https:\/\/www.europesays.com\/lv\/wp-json\/wp\/v2\/posts\/30281\/revisions"}],"wp:featuredmedia":[{"embeddable":true,"href":"https:\/\/www.europesays.com\/lv\/wp-json\/wp\/v2\/media\/30282"}],"wp:attachment":[{"href":"https:\/\/www.europesays.com\/lv\/wp-json\/wp\/v2\/media?parent=30281"}],"wp:term":[{"taxonomy":"category","embeddable":true,"href":"https:\/\/www.europesays.com\/lv\/wp-json\/wp\/v2\/categories?post=30281"},{"taxonomy":"post_tag","embeddable":true,"href":"https:\/\/www.europesays.com\/lv\/wp-json\/wp\/v2\/tags?post=30281"}],"curies":[{"name":"wp","href":"https:\/\/api.w.org\/{rel}","templated":true}]}}