{"id":30303,"date":"2025-10-24T19:07:07","date_gmt":"2025-10-24T19:07:07","guid":{"rendered":"https:\/\/www.europesays.com\/lv\/30303\/"},"modified":"2025-10-24T19:07:07","modified_gmt":"2025-10-24T19:07:07","slug":"aizdomigs-virietis-liepaja-iebruk-vairakos-bernudarzos-ielavijies-teritorija-aiz-teta-kurs-gajis-pakal-savam-bernam","status":"publish","type":"post","link":"https:\/\/www.europesays.com\/lv\/30303\/","title":{"rendered":"Aizdom\u012bgs v\u012brietis Liep\u0101j\u0101 iebr\u016bk vair\u0101kos b\u0113rnud\u0101rzos: ielav\u012bjies teritorij\u0101 aiz t\u0113ta, kur\u0161 g\u0101jis paka\u013c savam b\u0113rnam"},"content":{"rendered":"<p>    <img decoding=\"async\" src=\"https:\/\/www.europesays.com\/lv\/wp-content\/uploads\/2025\/10\/LET_24576649-1-800x534.jpg\" alt=\"&#10;Ilustrat\u012bvs att\u0113ls.&#10;\"\/><\/p>\n<p>Ilustrat\u012bvs att\u0113ls.<\/p>\n<p>Foto: Evija Trifanova\/LETA\n<\/p>\n<p>Uz aizdomu pamata par z\u0101dz\u012bbu izdar\u012b\u0161anu vair\u0101k\u0101s Liep\u0101jas pirmsskolas izgl\u012bt\u012bbas iest\u0101d\u0113s Valsts policija (VP) \u0161oned\u0113\u013c ierosin\u0101jusi krimin\u0101lprocesu un aiztur\u0113jusi k\u0101du v\u012brieti, kur\u0161 bija iek\u013cuvis vair\u0101ku b\u0113rnud\u0101rzu iek\u0161telp\u0101s. Vien\u0101 no t\u0101m pie\u0137erts br\u012bd\u012b, kad rak\u0146\u0101jies pa audz\u0113k\u0146u skap\u012b\u0161iem, raksta <a href=\"https:\/\/www.liepajniekiem.lv\/zinas\/kriminalzinas-negadijumi\/aizdomigs-virietis-liepaja-iebrucis-vairakos-bernudarzos-vecaki-aicinati-but-modri\/\" rel=\"noopener nofollow\" target=\"_blank\">liepajniekiem.lv.<\/a><\/p>\n<p>        Las\u012bt\u0101kie<br \/>\n        <a data-imagesrc=\"{&quot;300&quot;:&quot;https:\\\/\\\/lastatic.ams3.cdn.digitaloceanspaces.com\\\/2025\\\/10\\\/Untitled-1500-x-1000-px-2025-10-24T074550.415-300x200.jpg&quot;,&quot;1024&quot;:&quot;https:\\\/\\\/lastatic.ams3.cdn.digitaloceanspaces.com\\\/2025\\\/10\\\/Untitled-1500-x-1000-px-2025-10-24T074550.415-1024x683.jpg&quot;,&quot;500&quot;:&quot;https:\\\/\\\/lastatic.ams3.cdn.digitaloceanspaces.com\\\/2025\\\/10\\\/Untitled-1500-x-1000-px-2025-10-24T074550.415-500x333.jpg&quot;,&quot;800&quot;:&quot;https:\\\/\\\/lastatic.ams3.cdn.digitaloceanspaces.com\\\/2025\\\/10\\\/Untitled-1500-x-1000-px-2025-10-24T074550.415-800x533.jpg&quot;,&quot;1500&quot;:&quot;https:\\\/\\\/lastatic.ams3.cdn.digitaloceanspaces.com\\\/2025\\\/10\\\/Untitled-1500-x-1000-px-2025-10-24T074550.415.jpg&quot;}\" data-focuspoint=\"&quot;&quot;\" data-p=\"2455084\" href=\"https:\/\/www.la.lv\/krievi-atbild-par-ielidosanu-lietuvas-gaisa-telpa-mums-ir-objektivi-pieradijumi\" class=\"content-item lazy-load\" wp_automatic_readability=\"26\" rel=\"nofollow noopener\" target=\"_blank\"><\/p>\n<p>                                <img decoding=\"async\" src=\"\" alt=\"\" style=\"\" data-imageid=\"\"\/><\/p>\n<p>\n                                                Krievi atbild par ielido\u0161anu Lietuvas gaisa telp\u0101: \u201cMums ir objekt\u012bvi pier\u0101d\u012bjumi!\u201d\n                            <\/p>\n<p><\/a><a data-imagesrc=\"{&quot;300&quot;:&quot;https:\\\/\\\/lastatic.ams3.cdn.digitaloceanspaces.com\\\/2025\\\/10\\\/oul-2-300x200.png&quot;,&quot;1024&quot;:&quot;https:\\\/\\\/lastatic.ams3.cdn.digitaloceanspaces.com\\\/2025\\\/10\\\/oul-2-1024x683.png&quot;,&quot;1536&quot;:&quot;https:\\\/\\\/lastatic.ams3.cdn.digitaloceanspaces.com\\\/2025\\\/10\\\/oul-2-1536x1024.png&quot;,&quot;500&quot;:&quot;https:\\\/\\\/lastatic.ams3.cdn.digitaloceanspaces.com\\\/2025\\\/10\\\/oul-2-500x333.png&quot;,&quot;800&quot;:&quot;https:\\\/\\\/lastatic.ams3.cdn.digitaloceanspaces.com\\\/2025\\\/10\\\/oul-2-800x533.png&quot;,&quot;1800&quot;:&quot;https:\\\/\\\/lastatic.ams3.cdn.digitaloceanspaces.com\\\/2025\\\/10\\\/oul-2.png&quot;}\" data-focuspoint=\"&quot;&quot;\" data-p=\"2445017\" href=\"https:\/\/www.la.lv\/tu-pati-sev-pieliec-klat-gadus-8-ieradumi-kas-liek-sievietem-novecot-atrak\" class=\"content-item lazy-load\" wp_automatic_readability=\"26.5\" rel=\"nofollow noopener\" target=\"_blank\"><\/p>\n<p>                                <img decoding=\"async\" src=\"\" alt=\"\" style=\"\" data-imageid=\"\"\/><\/p>\n<p>\n                                                Tu pati sev pieliec kl\u0101t gadus! 8 ieradumi, kas liek sieviet\u0113m novecot \u0101tr\u0101k<\/p>\n<p><\/a><a data-imagesrc=\"{&quot;300&quot;:&quot;https:\\\/\\\/lastatic.ams3.cdn.digitaloceanspaces.com\\\/2025\\\/03\\\/20250311_zaf_x99_169-1-300x200.jpg&quot;,&quot;768&quot;:&quot;https:\\\/\\\/lastatic.ams3.cdn.digitaloceanspaces.com\\\/2025\\\/03\\\/20250311_zaf_x99_169-1-768x512.jpg&quot;,&quot;200&quot;:&quot;https:\\\/\\\/lastatic.ams3.cdn.digitaloceanspaces.com\\\/2025\\\/03\\\/20250311_zaf_x99_169-1-200x133.jpg&quot;,&quot;400&quot;:&quot;https:\\\/\\\/lastatic.ams3.cdn.digitaloceanspaces.com\\\/2025\\\/03\\\/20250311_zaf_x99_169-1-400x267.jpg&quot;,&quot;500&quot;:&quot;https:\\\/\\\/lastatic.ams3.cdn.digitaloceanspaces.com\\\/2025\\\/03\\\/20250311_zaf_x99_169-1-500x334.jpg&quot;,&quot;800&quot;:&quot;https:\\\/\\\/lastatic.ams3.cdn.digitaloceanspaces.com\\\/2025\\\/03\\\/20250311_zaf_x99_169-1-800x534.jpg&quot;,&quot;1000&quot;:&quot;https:\\\/\\\/lastatic.ams3.cdn.digitaloceanspaces.com\\\/2025\\\/03\\\/20250311_zaf_x99_169-1.jpg&quot;}\" data-focuspoint=\"&quot;&quot;\" data-p=\"2454685\" href=\"https:\/\/www.la.lv\/ukraini-sauj-pa-maskavu-krievija-zino-ka-piedzivojusi-lielako-uzbrukumu-kops-kara-sakuma-pret-ukrainu\" class=\"content-item lazy-load\" wp_automatic_readability=\"27\" rel=\"nofollow noopener\" target=\"_blank\"><\/p>\n<p>                                <img decoding=\"async\" src=\"\" alt=\"\" style=\"\" data-imageid=\"\"\/><\/p>\n<p>                                TV24<\/p>\n<p>                                            Ukrai\u0146i \u0161auj pa Maskavu! Krievija zi\u0146o, ka piedz\u012bvojusi liel\u0101ko uzbrukumu kop\u0161 kara s\u0101kuma pret Ukrainu\n                            <\/p>\n<p><\/a><br \/>\n        <a class=\"read-more\" href=\"https:\/\/www.la.lv\/top\" rel=\"nofollow noopener\" target=\"_blank\">Las\u012bt citas zi\u0146as<\/a><\/p>\n<p>Ned\u0113\u013cas s\u0101kum\u0101 vair\u0101ku Liep\u0101jas b\u0113rnud\u0101rzu audz\u0113k\u0146u vec\u0101ki no person\u0101la sa\u0146\u0113ma zi\u0146u, ka b\u0113rnud\u0101rza teritorij\u0101 paman\u012bts k\u0101ds aizdom\u012bgs v\u012brietis jeb iest\u0101dei nepiedero\u0161a persona.<\/p>\n<p>Pirmsskolas izgl\u012bt\u012bbas iest\u0101des \u201cDzintari\u0146\u0161\u201d divu audz\u0113k\u0146u vec\u0101ki, kuri sazin\u0101j\u0101s ar port\u0101lu liepajniekiem.lv, past\u0101sta, ka pirmsskolas iest\u0101de augstu nov\u0113rt\u0113 b\u0113rnud\u0101rza r\u012bc\u012bbu, gan operat\u012bvi zi\u0146ojot pa da\u017e\u0101diem sazi\u0146as kan\u0101liem un v\u0113l katram person\u012bgi, gan ar\u012b t\u016bl\u012bt nomainot ieejas durvju kodu.<\/p>\n<p>    CITI \u0160OBR\u012aD LASA<\/p>\n<p>\u201cProtams, neomul\u012bgi, ka \u0161\u0101da situ\u0101cija notikusi \u2013 runa ir par b\u0113rnu dro\u0161\u012bbu, ir satraukums. K\u0101di tik var b\u016bt nodomi! Bet milz\u012bgs paldies b\u0113rnud\u0101rza person\u0101lam, kuri inform\u0113ja! Visi esam atbild\u012bgi par saviem b\u0113rniem,\u201d uzsver t\u0113tis.<\/p>\n<p>Mamma atst\u0101sta b\u0113rnud\u0101rza s\u016bt\u012bto pirmo v\u0113stuli: v\u012brieti paman\u012bju\u0161i iest\u0101des darbinieki, aizdom\u012bgo v\u012brieti uzrun\u0101ju\u0161i, un p\u0113c \u012bsas sarunas vi\u0146\u0161 b\u0113rnud\u0101rza teritoriju pametis.<\/p>\n<p>Par notiku\u0161o b\u0113rnud\u0101rzs inform\u0113ja policiju. \u201cM\u016bsu d\u0101rzi\u0146am katr\u0101m ieejas durv\u012bm ir savs kods, kas j\u0101ievada, lai tiktu iek\u0161\u0101. No sa\u0146emtaj\u0101m zi\u0146\u0101m saprotu, ka aizdom\u012bgais v\u012brietis kodu pats nav ievad\u012bjis.<\/p>\n<p>P\u0113c b\u0113rnud\u0101rza sniegt\u0101s inform\u0101cijas, v\u012brietis iek\u013cuvis iek\u0161telp\u0101s, ieejot pa durv\u012bm aiz k\u0101da vec\u0101ka, kur\u0161 ieradies p\u0113c sava b\u0113rna.<\/p>\n<p>P\u0113c pa\u0161laik zin\u0101m\u0101s inform\u0101cijas, v\u012brietis redz\u0113ts vismaz se\u0161os b\u0113rnud\u0101rzos, ta\u010du past\u0101v iesp\u0113ja, ka gad\u012bjumu skaits var\u0113tu b\u016bt liel\u0101ks \u2013 ne visur vi\u0146\u0161 paman\u012bts.<\/p>\n<p>Vien\u0101 no pirmsskol\u0101m v\u012brietis pie\u0137erts, p\u0101rl\u016bkojot b\u0113rnu garderobes skap\u012b\u0161us, un par notiku\u0161o nekav\u0113joties zi\u0146ots policijai.<\/p>\n<p>\u0160obr\u012bd notiek darbs krimin\u0101lproces\u0101 un izmekl\u0113\u0161anas interes\u0113s pla\u0161\u0101ku inform\u0101ciju VP nevar sniegt.<\/p>\n<p>T\u0113mas<\/p>\n","protected":false},"excerpt":{"rendered":"Ilustrat\u012bvs att\u0113ls. Foto: Evija Trifanova\/LETA Uz aizdomu pamata par z\u0101dz\u012bbu izdar\u012b\u0161anu vair\u0101k\u0101s Liep\u0101jas pirmsskolas izgl\u012bt\u012bbas iest\u0101d\u0113s Valsts policija&hellip;\n","protected":false},"author":2,"featured_media":30304,"comment_status":"","ping_status":"","sticky":false,"template":"","format":"standard","meta":{"footnotes":""},"categories":[5],"tags":[23,28,29,32,33,22,30,31,35,39,38,36,37,34,40,20,26,27,24,25,21],"class_list":{"0":"post-30303","1":"post","2":"type-post","3":"status-publish","4":"format-standard","5":"has-post-thumbnail","7":"category-aktualitates","8":"tag-aktualitates","9":"tag-breaking-news","10":"tag-breakingnews","11":"tag-featured-news","12":"tag-featurednews","13":"tag-headlines","14":"tag-latest-news","15":"tag-latestnews","16":"tag-latvia","17":"tag-latvian","18":"tag-latviesu","19":"tag-latviesu-valoda","20":"tag-latviesuvaloda","21":"tag-latvija","22":"tag-lv","23":"tag-news","24":"tag-popularakas-zinas","25":"tag-popularakaszinas","26":"tag-top-stories","27":"tag-topstories","28":"tag-zinas"},"share_on_mastodon":{"url":"https:\/\/pubeurope.com\/@lv\/115430715779646354","error":""},"_links":{"self":[{"href":"https:\/\/www.europesays.com\/lv\/wp-json\/wp\/v2\/posts\/30303","targetHints":{"allow":["GET"]}}],"collection":[{"href":"https:\/\/www.europesays.com\/lv\/wp-json\/wp\/v2\/posts"}],"about":[{"href":"https:\/\/www.europesays.com\/lv\/wp-json\/wp\/v2\/types\/post"}],"author":[{"embeddable":true,"href":"https:\/\/www.europesays.com\/lv\/wp-json\/wp\/v2\/users\/2"}],"replies":[{"embeddable":true,"href":"https:\/\/www.europesays.com\/lv\/wp-json\/wp\/v2\/comments?post=30303"}],"version-history":[{"count":0,"href":"https:\/\/www.europesays.com\/lv\/wp-json\/wp\/v2\/posts\/30303\/revisions"}],"wp:featuredmedia":[{"embeddable":true,"href":"https:\/\/www.europesays.com\/lv\/wp-json\/wp\/v2\/media\/30304"}],"wp:attachment":[{"href":"https:\/\/www.europesays.com\/lv\/wp-json\/wp\/v2\/media?parent=30303"}],"wp:term":[{"taxonomy":"category","embeddable":true,"href":"https:\/\/www.europesays.com\/lv\/wp-json\/wp\/v2\/categories?post=30303"},{"taxonomy":"post_tag","embeddable":true,"href":"https:\/\/www.europesays.com\/lv\/wp-json\/wp\/v2\/tags?post=30303"}],"curies":[{"name":"wp","href":"https:\/\/api.w.org\/{rel}","templated":true}]}}