{"id":30305,"date":"2025-10-24T19:13:14","date_gmt":"2025-10-24T19:13:14","guid":{"rendered":"https:\/\/www.europesays.com\/lv\/30305\/"},"modified":"2025-10-24T19:13:14","modified_gmt":"2025-10-24T19:13:14","slug":"veselibas-ministrija-nodod-sabiedriskajai-apspriesanai-informativo-zinojumu-par-slimnicu-tikla-attistibu","status":"publish","type":"post","link":"https:\/\/www.europesays.com\/lv\/30305\/","title":{"rendered":"Vesel\u012bbas ministrija nodod sabiedriskajai apsprie\u0161anai informat\u012bvo zi\u0146ojumu par slimn\u012bcu t\u012bkla att\u012bst\u012bbu"},"content":{"rendered":"<p>Vesel\u012bbas ministrija ir sagatavojusi informat\u012bvo zi\u0146ojumu par slimn\u012bcu t\u012bkla att\u012bst\u012bbu, kas \u0161obr\u012bd tiek nodots sabiedriskajai apsprie\u0161anai. Zi\u0146ojuma m\u0113r\u0137is ir uzlabot vesel\u012bbas apr\u016bpes pakalpojumu kvalit\u0101ti, pieejam\u012bbu un efektivit\u0101ti vis\u0101 Latvijas teritorij\u0101, vienlaikus nodro\u0161inot caurskat\u0101mu un ilgtsp\u0113j\u012bgu vesel\u012bbas apr\u016bpes sist\u0113mas att\u012bst\u012bbu un dro\u0161u \u0101rstniec\u012bbu pacientam.<\/p>\n<p>Slimn\u012bcu sp\u0113ja nodro\u0161in\u0101t pakalpojumus ir tie\u0161i atkar\u012bga no \u0101rstniec\u012bbas person\u0101la \u2013 \u0101rstu un m\u0101su pieejam\u012bbas. Eso\u0161\u0101 situ\u0101cija r\u0101da, ka slimn\u012bc\u0101s tr\u016bkst person\u0101la, kas b\u016btiski ietekm\u0113 sp\u0113ju nodro\u0161in\u0101t paredz\u0113to \u0101rstniec\u012bbu. Pag\u0101ju\u0161aj\u0101 gad\u0101 \u012bstenotais pilotprojekts par hospitaliz\u0101cijas k\u0101rt\u012bbu par\u0101d\u012bja, ka jau \u0161obr\u012bd ir slimn\u012bcas, kuras nenodro\u0161ina neatliekamo medic\u012bnisko pal\u012bdz\u012bbu atbilsto\u0161\u0101 apm\u0113r\u0101 person\u0101la tr\u016bkuma d\u0113\u013c, t\u0101d\u0113\u013c nepiecie\u0161ams l\u012bdz\u0161in\u0113jo k\u0101rt\u012bbu p\u0101rskat\u012bt. Zi\u0146ojum\u0101 iek\u013cautas pak\u0101peniskas \u012bstenojams pas\u0101kumu kopums atbilsto\u0161i Valsts kontroles rev\u012bzijas ieteikumu \u012bsteno\u0161anai.<\/p>\n<p>T\u0101d\u0113\u013c Vesel\u012bbas ministrija p\u0101rskata l\u012bdz\u0161in\u0113jo sist\u0113mu un pl\u0101no p\u0101riet uz tr\u012bs l\u012bme\u0146u slimn\u012bcu modeli \u2013 lok\u0101laj\u0101m, re\u0123ion\u0101laj\u0101m un daudzprofilu slimn\u012bc\u0101m, aizst\u0101jot l\u012bdz\u0161in\u0113jo piecu l\u012bme\u0146u dal\u012bjumu. Tas nereti rad\u012bjis sadrumstalot\u012bbu un pakalpojumu nepiln\u012bgu nodro\u0161in\u0101jumu. Slimn\u012bcu l\u012bme\u0146i un stacion\u0101ro pakalpojumu kl\u0101sts tiks noteikti p\u0113c slimn\u012bcas kapacit\u0101tes, pieejam\u0101 \u0101rstniec\u012bbas person\u0101la, infrastrukt\u016bras un sniegto pakalpojumu sare\u017e\u0123\u012bt\u012bbas.<\/p>\n<p>Pl\u0101ns paredz, ka neatliekam\u0101 medic\u012bnisk\u0101 pal\u012bdz\u012bba tiks nodro\u0161in\u0101ta vis\u0101s slimn\u012bc\u0101s, neatkar\u012bgi no to l\u012bme\u0146a. Katr\u0101 no slimn\u012bc\u0101m iedz\u012bvot\u0101jiem b\u016bs pieejami \u0101rsti, atbalsta person\u0101ls, laboratoriskie un diagnostiskie izmekl\u0113jumi 24\/7 re\u017e\u012bm\u0101. \u012apa\u0161i uzman\u012bba tiks piev\u0113rsta slimn\u012bc\u0101m \u0101r\u0113j\u0101s robe\u017eas tuvum\u0101, lai nodro\u0161in\u0101tu neatliekam\u0101s medic\u012bnisk\u0101s pal\u012bdz\u012bbas pieejam\u012bbas nep\u0101rtraukt\u012bbu. Papildus tiks stiprin\u0101ta sadarb\u012bba ar Neatliekam\u0101s medic\u012bnisk\u0101s pal\u012bdz\u012bbas dienestu, analiz\u0113ts brig\u0101\u017eu izvietojums un pl\u0101nota t\u012bkla papla\u0161in\u0101\u0161ana.<\/p>\n<p>Zi\u0146ojum\u0101 uzsv\u0113rta ar\u012b nov\u0113ro\u0161anas (observ\u0101cijas) pakalpojumu att\u012bst\u012bba, kas \u013caus samazin\u0101t nepamatotu hospitaliz\u0101ciju skaitu un uzlabot apr\u016bpes efektivit\u0101ti. Vienlaikus tiek izstr\u0101d\u0101ti vienoti kvalit\u0101tes r\u0101d\u012bt\u0101ji, kas \u013caus v\u0113rt\u0113t slimn\u012bcu sniegumu un sasaist\u012bt to ar finans\u0113jumu.<\/p>\n<p>B\u016btiski nor\u0101d\u012bt, ka \u0161obr\u012bd nav pie\u0146emti l\u0113mumi par konkr\u0113tu slimn\u012bcu profilu p\u0101rskat\u012b\u0161anu vai reorganiz\u0101ciju. Zi\u0146ojum\u0101 apl\u016bkoti principi slimn\u012bcu t\u012bkla organiz\u0113\u0161anai, nevis individu\u0101lu iest\u0101\u017eu darb\u012bbas izmai\u0146as.<\/p>\n<p>Slimn\u012bcu t\u012bkla att\u012bst\u012bbas pl\u0101ns ir v\u0113rsts uz slimn\u012bcu t\u012bkla p\u0101rskat\u012b\u0161anu un sak\u0101rto\u0161anu, resursu efekt\u012bv\u0101ku izmanto\u0161anu un \u0101rst\u0113\u0161anas kvalit\u0101tes uzlabo\u0161anu. T\u0101pat tiks p\u0101rskat\u012bts finans\u0113\u0161anas modelis, lai stiprin\u0101tu t\u0101s slimn\u012bcas, kas darbojas dro\u0161i, efekt\u012bvi un kvalitat\u012bvi.<\/p>\n<p>Ar slimn\u012bcu t\u012bkla att\u012bst\u012bbas informat\u012bvo zi\u0146ojumu iesp\u0113jams iepaz\u012bties <a href=\"https:\/\/tapportals.mk.gov.lv\/legal_acts\/a8fba208-94ef-47bf-a561-525d696daa9b\" target=\"_blank\" rel=\"nofollow noopener\">Ties\u012bbu aktu port\u0101l\u0101<\/a>. Sabiedr\u012bbas p\u0101rst\u0101vji par pl\u0101nu aicin\u0101ti sniegt priek\u0161likumus, iebildumus, koment\u0101rus l\u012bdz 6. novembrim.<\/p>\n<p>Demogr\u0101fiskie izaicin\u0101jumi ir l\u012bdz\u012bgi ar\u012b cit\u0101s Eiropas Savien\u012bbas valst\u012bs, t\u0101d\u0113\u013c slimn\u012bcu t\u012bkla p\u0101rskat\u012b\u0161ana \u0161obr\u012bd tiek \u012bstenota ar\u012b t\u0101d\u0101s valst\u012bs k\u0101 Igaunija, Lietuva, V\u0101cija, \u012arija, Austrija, Slov\u0101kija u. c.<\/p>\n<p>          <img decoding=\"async\" src=\"https:\/\/www.europesays.com\/lv\/wp-content\/uploads\/2025\/10\/1761133806_557_logo-lv.png\" alt=\"\"\/><\/p>\n<p>                  \u0160\u012b inform\u0101cija ir publisks pazi\u0146ojums un neatspogu\u013co LV port\u0101la viedokli. Par t\u0101s saturu atbild ies\u016bt\u012bt\u0101js. <a data-popup=\"rules\">Public\u0113\u0161anas noteikumi<\/a><\/p>\n","protected":false},"excerpt":{"rendered":"Vesel\u012bbas ministrija ir sagatavojusi informat\u012bvo zi\u0146ojumu par slimn\u012bcu t\u012bkla att\u012bst\u012bbu, kas \u0161obr\u012bd tiek nodots sabiedriskajai apsprie\u0161anai. Zi\u0146ojuma m\u0113r\u0137is&hellip;\n","protected":false},"author":2,"featured_media":30306,"comment_status":"","ping_status":"","sticky":false,"template":"","format":"standard","meta":{"footnotes":""},"categories":[5],"tags":[23,28,29,32,33,22,30,31,35,39,38,36,37,34,40,20,26,27,24,25,21],"class_list":{"0":"post-30305","1":"post","2":"type-post","3":"status-publish","4":"format-standard","5":"has-post-thumbnail","7":"category-aktualitates","8":"tag-aktualitates","9":"tag-breaking-news","10":"tag-breakingnews","11":"tag-featured-news","12":"tag-featurednews","13":"tag-headlines","14":"tag-latest-news","15":"tag-latestnews","16":"tag-latvia","17":"tag-latvian","18":"tag-latviesu","19":"tag-latviesu-valoda","20":"tag-latviesuvaloda","21":"tag-latvija","22":"tag-lv","23":"tag-news","24":"tag-popularakas-zinas","25":"tag-popularakaszinas","26":"tag-top-stories","27":"tag-topstories","28":"tag-zinas"},"share_on_mastodon":{"url":"https:\/\/pubeurope.com\/@lv\/115430739398060862","error":""},"_links":{"self":[{"href":"https:\/\/www.europesays.com\/lv\/wp-json\/wp\/v2\/posts\/30305","targetHints":{"allow":["GET"]}}],"collection":[{"href":"https:\/\/www.europesays.com\/lv\/wp-json\/wp\/v2\/posts"}],"about":[{"href":"https:\/\/www.europesays.com\/lv\/wp-json\/wp\/v2\/types\/post"}],"author":[{"embeddable":true,"href":"https:\/\/www.europesays.com\/lv\/wp-json\/wp\/v2\/users\/2"}],"replies":[{"embeddable":true,"href":"https:\/\/www.europesays.com\/lv\/wp-json\/wp\/v2\/comments?post=30305"}],"version-history":[{"count":0,"href":"https:\/\/www.europesays.com\/lv\/wp-json\/wp\/v2\/posts\/30305\/revisions"}],"wp:featuredmedia":[{"embeddable":true,"href":"https:\/\/www.europesays.com\/lv\/wp-json\/wp\/v2\/media\/30306"}],"wp:attachment":[{"href":"https:\/\/www.europesays.com\/lv\/wp-json\/wp\/v2\/media?parent=30305"}],"wp:term":[{"taxonomy":"category","embeddable":true,"href":"https:\/\/www.europesays.com\/lv\/wp-json\/wp\/v2\/categories?post=30305"},{"taxonomy":"post_tag","embeddable":true,"href":"https:\/\/www.europesays.com\/lv\/wp-json\/wp\/v2\/tags?post=30305"}],"curies":[{"name":"wp","href":"https:\/\/api.w.org\/{rel}","templated":true}]}}