{"id":30317,"date":"2025-10-24T19:44:07","date_gmt":"2025-10-24T19:44:07","guid":{"rendered":"https:\/\/www.europesays.com\/lv\/30317\/"},"modified":"2025-10-24T19:44:07","modified_gmt":"2025-10-24T19:44:07","slug":"riga-uzstasies-fekalas-tematikas-karali-cehu-metalgrupa-gutalax-koncerts-jau-pilniba-izpardots","status":"publish","type":"post","link":"https:\/\/www.europesays.com\/lv\/30317\/","title":{"rendered":"R\u012bg\u0101 uzst\u0101sies fek\u0101l\u0101s tematikas kara\u013ci \u2013 \u010dehu met\u0101lgrupa \u201cGutalax\u201d; koncerts jau piln\u012bb\u0101 izp\u0101rdots"},"content":{"rendered":"<p class=\"descr\">\u0160o sestdien, 25. oktobr\u012b, R\u012bg\u0101 malu mal\u0101s notiks da\u017e\u0101di koncerti, s\u0101kot no Ainara Mielava ar\u0113n\u0101, l\u012bdz pat \u201cEnter Shikari\u201d VEF kvart\u0101l\u0101 un \u201cDropkick Murphy\u201d koncertz\u0101l\u0113 \u201cPalladium\u201d. Ar\u012b met\u0101listiem lieli prieki \u2013 \u201cgoregrind\u201d grupas \u201cGutalax\u201d koncerts \u201cMelnaj\u0101 Piektdien\u0101\u201d, turkl\u0101t, at\u0161\u0137ir\u012bb\u0101 no iepriek\u0161 min\u0113tajiem, \u0161is bija piln\u012bb\u0101 izp\u0101rdots jau ned\u0113\u013cas vid\u016b!<\/p>\n<p>\u010cehu graindkora grupa \u201cGutalax\u201d, kuru stilistiskajam raksturojumam tiek piesaukts ar\u012b \u201cgoregrind\u201d un pat \u201cpornogrind\u201d, sav\u0101 zi\u0146\u0101 ir fenomen\u0101la &#8211; m\u016bzi\u0137i uz skatuves k\u0101pj baktereolo\u0123iskajos aizsargt\u0113rpos, akcent\u0113jas uz urk\u0161\u0137o\u0161u vok\u0101lu, skarb\u0101m \u0123it\u0101ras ska\u0146\u0101m un ziben\u012bgu bungu ritmu, ta\u010du galvenais ir izv\u0113l\u0113t\u0101 tematika, kas piln\u012bb\u0101 velt\u012bta kanaliz\u0101cijas sist\u0113m\u0101m, tualet\u0113m, defek\u0101cijas procesiem un to rezult\u0101t\u0101 rad\u012btajiem \u201cproduktiem\u201d u.tml. \u201cFek\u0101lo briesmo\u0146u pav\u0113lnieki un vienk\u0101r\u0161i smiekl\u012bgi cilv\u0113ki\u201d &#8211; t\u0101 vi\u0146us piesaka R\u012bgas koncerta organizatori.<\/p>\n<blockquote><p>Uz koncertiem klaus\u012bt\u0101ji n\u0101k, bru\u0146oju\u0161ies klozetpodu t\u012br\u0101maj\u0101m birst\u0113m un taml\u012bdz\u012bgu atrib\u016btiku, notiek apm\u0113t\u0101\u0161an\u0101s ar tualetes pap\u012bra ru\u013c\u013ciem, bet vasaras festiv\u0101los p\u0101ri publikas galv\u0101m da\u017ek\u0101rt tiek s\u016bt\u012btas \u201cToiToi\u201d tuale\u0161u kab\u012bnes.<\/p><\/blockquote>\n<p>Tas viss str\u0101d\u0101 &#8211; \u0161oned\u0113\u013c Baltijas valst\u012bs paredz\u0113ti \u010detri koncerti, no kuriem viens no diviem Tallin\u0101 pl\u0101notajiem un ar\u012b R\u012bgas koncerts tika piln\u012bb\u0101 izp\u0101rdots jau \u0161\u012bs ned\u0113\u013cas s\u0101kum\u0101, atst\u0101jot parasti uz p\u0113d\u0113jo br\u012bd\u012b bi\u013cetes ieg\u0101di atlieko\u0161os internet\u0101 vaiman\u0101jot p\u0113c liekas bi\u013cet\u012btes. Starp citu, tr\u012bs no \u010detriem Baltijas koncertiem iesild\u012bs latvie\u0161u brig\u0101des: 23. oktobr\u012b Tallin\u0101 notiku\u0161o &#8211; \u201ccrust punk\u201d apvien\u012bba \u201cSmertj\u201d (un v\u0113l k\u0101da igau\u0146u blice), 24. oktobr\u012b &#8211; tre\u0161met\u0101listi \u201cTrencheard\u201d un pankmeitenes \u201cDepust\u016btes\u201d, 25. oktobr\u012b R\u012bg\u0101 &#8211; pa\u0161m\u0101ju graindkora ikonas \u201cDehydrated Goat\u201d un tikai 26. oktobr\u012b Vi\u013c\u0146\u0101 \u201cbro\u013cukas\u201d nol\u0113mu\u0161i iztikt pa\u0161u sp\u0113kiem, pirms \u010dehiem uz skatuves lai\u017eot sav\u0113jos &#8211; \u201cStranguliatorius\u201d.<\/p>\n<p>\u012asum\u0101 par grupu \u201cGutalax\u201d. T\u0101 izveidota 2009. gad\u0101 \u010cehijas dienvidos eso\u0161aj\u0101 Krem\u0161es pils\u0113ti\u0146\u0101. Grupas sast\u0101v\u0101 ir \u010detri v\u012bri: vok\u0101lists Martins Matou\u0161eks jeb Maty, \u0123it\u0101rists Tom\u0101\u0161s Anderle jeb Kojas, basists P\u0101vels Troups jeb Kebab un bundzinieks Petrs Svoboda jeb Mr. Free. Ofici\u0101laj\u0101 diskogr\u0101fij\u0101 ir tr\u012bs studijas albumi ar tematiski atbilsto\u0161iem nosaukumiem &#8211; \u201cShit Beast\u201d (2011), \u201cShit Happens\u201d (2015) un \u201cThe Shitpendables\u201d (2021). J\u0101piebilst, ka p\u0113rn grupa uzst\u0101j\u0101s Baltijas liel\u0101kaj\u0101 smagm\u016bzikas festiv\u0101l\u0101 \u201cKilkim \u017daibus\u201d, un, visticam\u0101k, tur redz\u0113t\u0101 klaus\u012bt\u0101ju saj\u016bsma<\/p>\n<p>organizatorus p\u0101rliecin\u0101ja \u201cGutalax\u201d uz Baltijas valstu pusi atvest neliel\u0101 t\u016br\u012bt\u0113.<\/p>\n<p>Bet, ja nu k\u0101ds pie bi\u013cet\u012btes uz \u201cGutalax\u201d netika, ta\u010du sirds tv\u012bkst p\u0113c kvalitat\u012bvas \u0101rzemju met\u0101lm\u016bzikas, tad var \u0161o tv\u012bk\u0161anu p\u0101rcelt no sestdienas uz sv\u0113tdienu, kad 26. oktobr\u012b jau min\u0113taj\u0101 klub\u0101 \u201cMeln\u0101 Piektdiena\u201d uzst\u0101sies norv\u0113\u0123u blekmet\u0101la le\u0123endas \u201cGorgoroth\u201d, k\u0101 ar\u012b t\u016bres \u012bpa\u0161ie viesi &#8211; fran\u010du \u201cblack\/death metal\u201d grupa \u201cBliss of Flesh\u201d un met\u0101lm\u016bzikai eksotiskie meksik\u0101\u0146u \u201cShemhamforash\u201d, kuri ar\u012b tiek pieskait\u012bti \u201cblack\/death\u201d saimei, k\u0101 ar\u012b melodiskie \u201cn\u0101vinieci\u0146i\u201d \u201cCarved Memories\u201d no Kostarikas.<\/p>\n","protected":false},"excerpt":{"rendered":"\u0160o sestdien, 25. oktobr\u012b, R\u012bg\u0101 malu mal\u0101s notiks da\u017e\u0101di koncerti, s\u0101kot no Ainara Mielava ar\u0113n\u0101, l\u012bdz pat \u201cEnter&hellip;\n","protected":false},"author":2,"featured_media":30318,"comment_status":"","ping_status":"","sticky":false,"template":"","format":"standard","meta":{"footnotes":""},"categories":[19],"tags":[89,90,35,39,38,36,37,34,40],"class_list":{"0":"post-30317","1":"post","2":"type-post","3":"status-publish","4":"format-standard","5":"has-post-thumbnail","7":"category-izklaide","8":"tag-entertainment","9":"tag-izklaide","10":"tag-latvia","11":"tag-latvian","12":"tag-latviesu","13":"tag-latviesu-valoda","14":"tag-latviesuvaloda","15":"tag-latvija","16":"tag-lv"},"share_on_mastodon":{"url":"https:\/\/pubeurope.com\/@lv\/115430861315696219","error":""},"_links":{"self":[{"href":"https:\/\/www.europesays.com\/lv\/wp-json\/wp\/v2\/posts\/30317","targetHints":{"allow":["GET"]}}],"collection":[{"href":"https:\/\/www.europesays.com\/lv\/wp-json\/wp\/v2\/posts"}],"about":[{"href":"https:\/\/www.europesays.com\/lv\/wp-json\/wp\/v2\/types\/post"}],"author":[{"embeddable":true,"href":"https:\/\/www.europesays.com\/lv\/wp-json\/wp\/v2\/users\/2"}],"replies":[{"embeddable":true,"href":"https:\/\/www.europesays.com\/lv\/wp-json\/wp\/v2\/comments?post=30317"}],"version-history":[{"count":0,"href":"https:\/\/www.europesays.com\/lv\/wp-json\/wp\/v2\/posts\/30317\/revisions"}],"wp:featuredmedia":[{"embeddable":true,"href":"https:\/\/www.europesays.com\/lv\/wp-json\/wp\/v2\/media\/30318"}],"wp:attachment":[{"href":"https:\/\/www.europesays.com\/lv\/wp-json\/wp\/v2\/media?parent=30317"}],"wp:term":[{"taxonomy":"category","embeddable":true,"href":"https:\/\/www.europesays.com\/lv\/wp-json\/wp\/v2\/categories?post=30317"},{"taxonomy":"post_tag","embeddable":true,"href":"https:\/\/www.europesays.com\/lv\/wp-json\/wp\/v2\/tags?post=30317"}],"curies":[{"name":"wp","href":"https:\/\/api.w.org\/{rel}","templated":true}]}}