{"id":30322,"date":"2025-10-24T19:48:16","date_gmt":"2025-10-24T19:48:16","guid":{"rendered":"https:\/\/www.europesays.com\/lv\/30322\/"},"modified":"2025-10-24T19:48:16","modified_gmt":"2025-10-24T19:48:16","slug":"rigas-centra-aplaupits-pusaudzis-jo-vinam-bijusas-baltas-apavu-snores-rosina-apsudzet-tris-skinhedus","status":"publish","type":"post","link":"https:\/\/www.europesays.com\/lv\/30322\/","title":{"rendered":"R\u012bgas centr\u0101 aplaup\u012bts pusaudzis, jo vi\u0146am biju\u0161as baltas apavu \u0161\u0146ores, \u2013 rosina aps\u016bdz\u0113t tr\u012bs skinhedus"},"content":{"rendered":"<p>\u0160\u0101 gada febru\u0101r\u012b Valsts policij\u0101 v\u0113rs\u0101s nepilngad\u012bgs jaunietis, kur\u0161 zi\u0146oja, ka apm\u0113ram pirms m\u0113ne\u0161a uz ielas R\u012bg\u0101, Mer\u0137e\u013ca iel\u0101, ticis aplaup\u012bts. Izmekl\u0113\u0161anas laik\u0101 Valsts policijas R\u012bgas re\u0123iona p\u0101rvaldes R\u012bgas Austrumu p\u0101rvaldes policisti noskaidroja, ka \u0161\u0101 gada 8. janv\u0101r\u012b pie jaunie\u0161a uz ielas pien\u0101ku\u0161i divi nepaz\u012bstami pui\u0161i, kas pieder pie skinhedu* subkult\u016bras, un izr\u0101d\u012bju\u0161i nepatiku, ka vi\u0146am ir baltas apavu \u0161\u0146ores. V\u0113l viena persona k\u0101 min\u0113t\u0101s skinhedu subkult\u016bras grupas l\u012bderis noziedz\u012bgu nodar\u012bjumu v\u0113roja caur video zvanu un uzk\u016bd\u012bja personas izdar\u012bt laup\u012b\u0161anu, k\u0101 ar\u012b izteica draudus.<\/p>\n<p>Cie\u0161\u0101 sadarb\u012bb\u0101 ar Valsts dro\u0161\u012bbas dienestu tika noskaidrotas un aiztur\u0113tas visas tr\u012bs iesp\u0113jam\u0101s vain\u012bg\u0101s personas. Aizdom\u0101s tur\u0113tie ir dzimu\u0161i 2006., 2007. un 2008. gad\u0101, un viens no vi\u0146iem jau iepriek\u0161 bija non\u0101cis likumsargu redzeslok\u0101. Policisti neatliekam\u012bbas k\u0101rt\u012bb\u0101 veica krat\u012b\u0161anas divu aiztur\u0113to personu dz\u012bvesviet\u0101s.<\/p>\n<p>Krimin\u0101lprocesa pirmstiesas izmekl\u0113\u0161anas laik\u0101 divas personas atz\u012btas par aizdom\u0101s tur\u0113taj\u0101m saska\u0146\u0101 ar Krimin\u0101llikuma 176. panta otro da\u013cu \u2013 par laup\u012b\u0161anu, ja to izdar\u012bjusi personu grupa p\u0113c iepriek\u0161\u0113jas vieno\u0161an\u0101s. T\u0101pat viena persona atz\u012bta par aizdom\u0101s tur\u0113to saska\u0146\u0101 ar Krimin\u0101llikuma 20. panta tre\u0161o da\u013cu un Krimin\u0101llikuma 176. panta otro da\u013cu \u2013 par uzk\u016bd\u012b\u0161anu izdar\u012bt laup\u012b\u0161anu personu grup\u0101.<\/p>\n","protected":false},"excerpt":{"rendered":"\u0160\u0101 gada febru\u0101r\u012b Valsts policij\u0101 v\u0113rs\u0101s nepilngad\u012bgs jaunietis, kur\u0161 zi\u0146oja, ka apm\u0113ram pirms m\u0113ne\u0161a uz ielas R\u012bg\u0101, Mer\u0137e\u013ca&hellip;\n","protected":false},"author":2,"featured_media":30323,"comment_status":"","ping_status":"","sticky":false,"template":"","format":"standard","meta":{"footnotes":""},"categories":[12],"tags":[23,28,29,32,33,22,6786,30,31,35,39,38,36,37,34,40,20,26,27,9206,24,25,138,21],"class_list":{"0":"post-30322","1":"post","2":"type-post","3":"status-publish","4":"format-standard","5":"has-post-thumbnail","7":"category-latvija","8":"tag-aktualitates","9":"tag-breaking-news","10":"tag-breakingnews","11":"tag-featured-news","12":"tag-featurednews","13":"tag-headlines","14":"tag-kriminalprocess","15":"tag-latest-news","16":"tag-latestnews","17":"tag-latvia","18":"tag-latvian","19":"tag-latviesu","20":"tag-latviesu-valoda","21":"tag-latviesuvaloda","22":"tag-latvija","23":"tag-lv","24":"tag-news","25":"tag-popularakas-zinas","26":"tag-popularakaszinas","27":"tag-skinhedi","28":"tag-top-stories","29":"tag-topstories","30":"tag-valsts-policija","31":"tag-zinas"},"share_on_mastodon":{"url":"https:\/\/pubeurope.com\/@lv\/115430876944520937","error":""},"_links":{"self":[{"href":"https:\/\/www.europesays.com\/lv\/wp-json\/wp\/v2\/posts\/30322","targetHints":{"allow":["GET"]}}],"collection":[{"href":"https:\/\/www.europesays.com\/lv\/wp-json\/wp\/v2\/posts"}],"about":[{"href":"https:\/\/www.europesays.com\/lv\/wp-json\/wp\/v2\/types\/post"}],"author":[{"embeddable":true,"href":"https:\/\/www.europesays.com\/lv\/wp-json\/wp\/v2\/users\/2"}],"replies":[{"embeddable":true,"href":"https:\/\/www.europesays.com\/lv\/wp-json\/wp\/v2\/comments?post=30322"}],"version-history":[{"count":0,"href":"https:\/\/www.europesays.com\/lv\/wp-json\/wp\/v2\/posts\/30322\/revisions"}],"wp:featuredmedia":[{"embeddable":true,"href":"https:\/\/www.europesays.com\/lv\/wp-json\/wp\/v2\/media\/30323"}],"wp:attachment":[{"href":"https:\/\/www.europesays.com\/lv\/wp-json\/wp\/v2\/media?parent=30322"}],"wp:term":[{"taxonomy":"category","embeddable":true,"href":"https:\/\/www.europesays.com\/lv\/wp-json\/wp\/v2\/categories?post=30322"},{"taxonomy":"post_tag","embeddable":true,"href":"https:\/\/www.europesays.com\/lv\/wp-json\/wp\/v2\/tags?post=30322"}],"curies":[{"name":"wp","href":"https:\/\/api.w.org\/{rel}","templated":true}]}}