{"id":30328,"date":"2025-10-24T19:54:09","date_gmt":"2025-10-24T19:54:09","guid":{"rendered":"https:\/\/www.europesays.com\/lv\/30328\/"},"modified":"2025-10-24T19:54:09","modified_gmt":"2025-10-24T19:54:09","slug":"ukraina-virietis-uzspridzina-granatu-dzelzcela-platforma-nogalinot-cetrus-cilvekus-tostarp-sevi-jauns-lv","status":"publish","type":"post","link":"https:\/\/www.europesays.com\/lv\/30328\/","title":{"rendered":"Ukrain\u0101 v\u012brietis uzspridzina gran\u0101tu dzelzce\u013ca platform\u0101, nogalinot \u010detrus cilv\u0113kus, tostarp sevi &#8211; Jauns.lv"},"content":{"rendered":"<ol>\n<li><a href=\"https:\/\/news.google.com\/rss\/articles\/CBMizwFBVV95cUxONElaXzVzem14WFEwNFN3WW9sYjRvUzNtVENZT2Z0UXpiMVEyenZ3N2I1VkdrWk1fbnd2YXlHRnctRGloeEZWQmQ0RGxOMzh0MHQ5Q1ZKcWJxdnFzRUI2c3ptSDE0blBXcjZwa3cxbXRPZGZkRTZkS1pJUGpkdjIyNEdTRVJYbGtxc3lKMU9PODk5aEstRHlIdGFPdHcxaERWSUhMZDJSOGlzaFRKLWRWVGJkaWU5MUZrcm8xbTBzbG1NTVB6dlZkUFNobzg1ZWM?oc=5\" target=\"_blank\" rel=\"nofollow noopener\">Ukrain\u0101 v\u012brietis uzspridzina gran\u0101tu dzelzce\u013ca platform\u0101, nogalinot \u010detrus cilv\u0113kus, tostarp sevi<\/a>&nbsp;&nbsp;Jauns.lv<\/li>\n<li><a href=\"https:\/\/news.google.com\/rss\/articles\/CBMi2wFBVV95cUxOeFBKNG1EeDR1MVBYR3VTVEZSa1l6Wm9NRUswVXgzQzFPNTBKWndYajcxVXctQXlHSEd0Umo4bVNNcUJTeTNzbGNabTlJci0wYlZrVUNGcmR4Z2tCbDhhdEppQnZEcWtVa0F6MUdoRDhrUVZHTEtZQk95ems2NnZyTUhZV1lxNy0xdVBXRVFGVEdBbDdKaVU1c1ZMOHI0Vk12dm41c1llTkRURG1EekpQcGJQNVZDVWlRQ3JLcEJJVTJQOUkwWU1PaFdycjYtekx1ams3WXZONEpCMUU?oc=5\" target=\"_blank\" rel=\"nofollow noopener\">Ukrain\u0101 dokumentu p\u0101rbaudes laik\u0101 v\u012brietis deton\u0113 spridzekli un nogalina 3 cilv\u0113kus \/ Raksts<\/a>&nbsp;&nbsp;LSM<\/li>\n<li><a href=\"https:\/\/news.google.com\/rss\/articles\/CBMioAFBVV95cUxOOVFEOGs0NkJ5V2FQQWtlOEJTbVRUaVVENXY0cnFXSXZJb1ZIZG92VXBZTGZ6UmxueU5LN2g3bk44OE12UnRnMy11SlRDR25pN2k2d3VvVHdpMHZFdEhweUpsQ05WNHRSN3lIajBCT0ZYanVVdGpwTzhGTjRYSWFZN0wxMDNub3c1cjNDRXhTSC1XS3ZxQVozWjI2WWw3Zml3?oc=5\" target=\"_blank\" rel=\"nofollow noopener\">Spr\u0101dzien\u0101 Krievijas r\u016bpn\u012bc\u0101 devi\u0146i boj\u0101g\u0101ju\u0161ie un pieci ievainotie<\/a>&nbsp;&nbsp;tv3.lv<\/li>\n<li><a href=\"https:\/\/news.google.com\/rss\/articles\/CBMilgFBVV95cUxOd1EwcUN3R3dfaXl5NVN2SV9IR0dCNHFHOXczQ2xJWWdESE9McU1wMi1iUGlSNDlzQlFiT2JiZk9mLUJQSENHbW9Cb3VxWDB6S19QUlcyM05SbHBseWhuTXhmbHhpTEhvRUV6Q1NXSVZoNnZ0QlNzS3ZGMlZMQkRyYk5UOXdjRjJYZ0tpdUJXYUNUbUEyX0E?oc=5\" target=\"_blank\" rel=\"nofollow noopener\">Arom\u0101tu ierobe\u017eojums \u201cveipiem\u201d atz\u012bts par atbilsto\u0161u Satversmei<\/a>&nbsp;&nbsp;tv3.lv<\/li>\n<li><a href=\"https:\/\/news.google.com\/rss\/articles\/CBMiowFBVV95cUxNTW5aODFxOXZTLVhscnE1TmlqcEdqVUFtZUxTV25kcm1jUlE3Q1d2eFRYTHRJSDBpZmt5OFVGdDZyTzdRVURQYzk0YTViWmZOVmtOTkNxc25mSDJUczYyVkNTX0RQZGVEQ2lxNWgxVW92LUU4UHRBSVhzQ0xRUHhfdmRKQ2R2TTlYXzBuZXZRaG8zYWVrQXdxVlFOOGp4aHFFRUFJ?oc=5\" target=\"_blank\" rel=\"nofollow noopener\">Ukrain\u0101, v\u012brietim stacij\u0101 deton\u0113jot spridzekli, nogalin\u0101ti tr\u012bs cilv\u0113ki<\/a>&nbsp;&nbsp;tv3.lv<\/li>\n<\/ol>\n","protected":false},"excerpt":{"rendered":"Ukrain\u0101 v\u012brietis uzspridzina gran\u0101tu dzelzce\u013ca platform\u0101, nogalinot \u010detrus cilv\u0113kus, tostarp sevi&nbsp;&nbsp;Jauns.lv Ukrain\u0101 dokumentu p\u0101rbaudes laik\u0101 v\u012brietis deton\u0113 spridzekli&hellip;\n","protected":false},"author":2,"featured_media":30329,"comment_status":"","ping_status":"","sticky":false,"template":"","format":"standard","meta":{"footnotes":""},"categories":[14],"tags":[23,57,28,29,32,33,22,30,31,35,39,38,36,37,34,40,20,26,27,24,25,54,55,56,21,58],"class_list":{"0":"post-30328","1":"post","2":"type-post","3":"status-publish","4":"format-standard","5":"has-post-thumbnail","7":"category-zinas-no-arvalstim","8":"tag-aktualitates","9":"tag-arvalstim","10":"tag-breaking-news","11":"tag-breakingnews","12":"tag-featured-news","13":"tag-featurednews","14":"tag-headlines","15":"tag-latest-news","16":"tag-latestnews","17":"tag-latvia","18":"tag-latvian","19":"tag-latviesu","20":"tag-latviesu-valoda","21":"tag-latviesuvaloda","22":"tag-latvija","23":"tag-lv","24":"tag-news","25":"tag-popularakas-zinas","26":"tag-popularakaszinas","27":"tag-top-stories","28":"tag-topstories","29":"tag-world","30":"tag-world-news","31":"tag-worldnews","32":"tag-zinas","33":"tag-zinas-no-arvalstim"},"share_on_mastodon":{"url":"https:\/\/pubeurope.com\/@lv\/115430900549592390","error":""},"_links":{"self":[{"href":"https:\/\/www.europesays.com\/lv\/wp-json\/wp\/v2\/posts\/30328","targetHints":{"allow":["GET"]}}],"collection":[{"href":"https:\/\/www.europesays.com\/lv\/wp-json\/wp\/v2\/posts"}],"about":[{"href":"https:\/\/www.europesays.com\/lv\/wp-json\/wp\/v2\/types\/post"}],"author":[{"embeddable":true,"href":"https:\/\/www.europesays.com\/lv\/wp-json\/wp\/v2\/users\/2"}],"replies":[{"embeddable":true,"href":"https:\/\/www.europesays.com\/lv\/wp-json\/wp\/v2\/comments?post=30328"}],"version-history":[{"count":0,"href":"https:\/\/www.europesays.com\/lv\/wp-json\/wp\/v2\/posts\/30328\/revisions"}],"wp:featuredmedia":[{"embeddable":true,"href":"https:\/\/www.europesays.com\/lv\/wp-json\/wp\/v2\/media\/30329"}],"wp:attachment":[{"href":"https:\/\/www.europesays.com\/lv\/wp-json\/wp\/v2\/media?parent=30328"}],"wp:term":[{"taxonomy":"category","embeddable":true,"href":"https:\/\/www.europesays.com\/lv\/wp-json\/wp\/v2\/categories?post=30328"},{"taxonomy":"post_tag","embeddable":true,"href":"https:\/\/www.europesays.com\/lv\/wp-json\/wp\/v2\/tags?post=30328"}],"curies":[{"name":"wp","href":"https:\/\/api.w.org\/{rel}","templated":true}]}}