{"id":30333,"date":"2025-10-24T20:01:09","date_gmt":"2025-10-24T20:01:09","guid":{"rendered":"https:\/\/www.europesays.com\/lv\/30333\/"},"modified":"2025-10-24T20:01:09","modified_gmt":"2025-10-24T20:01:09","slug":"pie-suniem-ierados-3-stundas-pec-vinu-nosausanas-stingumam-vel-nevajadzeja-but-modris-dalas-ar-mulsinosiem-faktiem","status":"publish","type":"post","link":"https:\/\/www.europesays.com\/lv\/30333\/","title":{"rendered":"\u201cPie su\u0146iem ierados 3 stundas p\u0113c vi\u0146u no\u0161au\u0161anas, stingumam v\u0113l nevajadz\u0113ja b\u016bt\u2026\u201d Modris dal\u0101s ar mulsino\u0161iem faktiem"},"content":{"rendered":"<p>    <img decoding=\"async\" src=\"https:\/\/www.europesays.com\/lv\/wp-content\/uploads\/2025\/10\/FotoJet-13-1-1024x683-1-800x534.jpg\" alt=\"&#10;\"\/><\/p>\n<p>Kop\u0161 tra\u0123isk\u0101 notikuma ar<a href=\"https:\/\/www.la.lv\/tag\/modra-olas\" rel=\"noopener nofollow\" target=\"_blank\"> \u201cModra olas\u201d<\/a> saimnieka Modra Konovalova 3 su\u0146iem, kuri tika no\u0161auti, pag\u0101ju\u0161as jau 2 ned\u0113\u013cas. Tam visam piev\u0113rsta liela uzman\u012bba no medijiem un sabiedr\u012bbas, ta\u010du joproj\u0101m ir \u013coti daudz neskaidr\u012bbu.<\/p>\n<p>        Las\u012bt\u0101kie<br \/>\n        <a data-imagesrc=\"{&quot;300&quot;:&quot;https:\\\/\\\/lastatic.ams3.cdn.digitaloceanspaces.com\\\/2020\\\/01\\\/zodiaki-300x222.jpg&quot;,&quot;768&quot;:&quot;https:\\\/\\\/lastatic.ams3.cdn.digitaloceanspaces.com\\\/2020\\\/01\\\/zodiaki-768x569.jpg&quot;,&quot;1024&quot;:&quot;https:\\\/\\\/lastatic.ams3.cdn.digitaloceanspaces.com\\\/2020\\\/01\\\/zodiaki-1024x759.jpg&quot;,&quot;200&quot;:&quot;https:\\\/\\\/lastatic.ams3.cdn.digitaloceanspaces.com\\\/2020\\\/01\\\/zodiaki-200x148.jpg&quot;,&quot;400&quot;:&quot;https:\\\/\\\/lastatic.ams3.cdn.digitaloceanspaces.com\\\/2020\\\/01\\\/zodiaki-400x297.jpg&quot;,&quot;500&quot;:&quot;https:\\\/\\\/lastatic.ams3.cdn.digitaloceanspaces.com\\\/2020\\\/01\\\/zodiaki-500x371.jpg&quot;,&quot;800&quot;:&quot;https:\\\/\\\/lastatic.ams3.cdn.digitaloceanspaces.com\\\/2020\\\/01\\\/zodiaki-800x593.jpg&quot;,&quot;1000&quot;:&quot;https:\\\/\\\/lastatic.ams3.cdn.digitaloceanspaces.com\\\/2020\\\/01\\\/zodiaki-1000x741.jpg&quot;,&quot;1133&quot;:&quot;https:\\\/\\\/lastatic.ams3.cdn.digitaloceanspaces.com\\\/2020\\\/01\\\/zodiaki.jpg&quot;}\" data-focuspoint=\"&quot;&quot;\" data-p=\"2455577\" href=\"https:\/\/www.la.lv\/es-esmu-tev-lidzas-5-pazimes-ka-tavi-milie-no-aizsaules-joprojam-ir-tuvuma-un-sarga\" class=\"content-item lazy-load\" wp_automatic_readability=\"27\" rel=\"nofollow noopener\" target=\"_blank\"><\/p>\n<p>                                <img decoding=\"async\" src=\"\" alt=\"\" style=\"\" data-imageid=\"\"\/><\/p>\n<p>\n                                                \u201cEs esmu tev l\u012bdz\u0101s\u2026\u201d 5 paz\u012bmes, ka tavi m\u012b\u013cie no aizsaules joproj\u0101m ir tuvum\u0101 un sarg\u0101\n                            <\/p>\n<p><\/a><a data-imagesrc=\"{&quot;300&quot;:&quot;https:\\\/\\\/lastatic.ams3.cdn.digitaloceanspaces.com\\\/2025\\\/10\\\/Ekranuznemums-2025-10-24-160431-300x172.png&quot;,&quot;500&quot;:&quot;https:\\\/\\\/lastatic.ams3.cdn.digitaloceanspaces.com\\\/2025\\\/10\\\/Ekranuznemums-2025-10-24-160431-500x287.png&quot;,&quot;800&quot;:&quot;https:\\\/\\\/lastatic.ams3.cdn.digitaloceanspaces.com\\\/2025\\\/10\\\/Ekranuznemums-2025-10-24-160431-800x460.png&quot;,&quot;971&quot;:&quot;https:\\\/\\\/lastatic.ams3.cdn.digitaloceanspaces.com\\\/2025\\\/10\\\/Ekranuznemums-2025-10-24-160431.png&quot;}\" data-focuspoint=\"&quot;&quot;\" data-p=\"2455437\" href=\"https:\/\/www.la.lv\/tas-ir-pienemams-20-gados-ne-jau-44-magone-ienakot-kavaliera-dzivokli-paliek-mema\" class=\"content-item lazy-load\" wp_automatic_readability=\"27.5\" rel=\"nofollow noopener\" target=\"_blank\"><\/p>\n<p>                                <img decoding=\"async\" src=\"\" alt=\"\" style=\"\" data-imageid=\"\"\/><\/p>\n<p>                                Kokteilis<\/p>\n<p>\n                                                \u201cTas ir pie\u0146emams 20 gados, ne jau 44!\u201d Magone, ien\u0101kot kavaliera dz\u012bvokl\u012b, paliek m\u0113ma\n                            <\/p>\n<p><\/a><a data-imagesrc=\"{&quot;300&quot;:&quot;https:\\\/\\\/lastatic.ams3.cdn.digitaloceanspaces.com\\\/2025\\\/10\\\/oul-2-300x200.png&quot;,&quot;1024&quot;:&quot;https:\\\/\\\/lastatic.ams3.cdn.digitaloceanspaces.com\\\/2025\\\/10\\\/oul-2-1024x683.png&quot;,&quot;1536&quot;:&quot;https:\\\/\\\/lastatic.ams3.cdn.digitaloceanspaces.com\\\/2025\\\/10\\\/oul-2-1536x1024.png&quot;,&quot;500&quot;:&quot;https:\\\/\\\/lastatic.ams3.cdn.digitaloceanspaces.com\\\/2025\\\/10\\\/oul-2-500x333.png&quot;,&quot;800&quot;:&quot;https:\\\/\\\/lastatic.ams3.cdn.digitaloceanspaces.com\\\/2025\\\/10\\\/oul-2-800x533.png&quot;,&quot;1800&quot;:&quot;https:\\\/\\\/lastatic.ams3.cdn.digitaloceanspaces.com\\\/2025\\\/10\\\/oul-2.png&quot;}\" data-focuspoint=\"&quot;&quot;\" data-p=\"2445017\" href=\"https:\/\/www.la.lv\/tu-pati-sev-pieliec-klat-gadus-8-ieradumi-kas-liek-sievietem-novecot-atrak\" class=\"content-item lazy-load\" wp_automatic_readability=\"26.5\" rel=\"nofollow noopener\" target=\"_blank\"><\/p>\n<p>                                <img decoding=\"async\" src=\"\" alt=\"\" style=\"\" data-imageid=\"\"\/><\/p>\n<p>\n                                                Tu pati sev pieliec kl\u0101t gadus! 8 ieradumi, kas liek sieviet\u0113m novecot \u0101tr\u0101k<\/p>\n<p><\/a><br \/>\n        <a class=\"read-more\" href=\"https:\/\/www.la.lv\/top\" rel=\"nofollow noopener\" target=\"_blank\">Las\u012bt citas zi\u0146as<\/a><\/p>\n<p>Pats Modris \u0161obr\u012bd intervijas nesniedz un l\u012bdz \u0161im publiski notiku\u0161o nebija p\u0101r\u0101k koment\u0113jis, ta\u010du \u0161ovakar \u201cInstagram\u201d public\u0113jis gar\u0101kas p\u0101rdomas par notiku\u0161o. Vi\u0146\u0161 nor\u0101da, ka liel\u0101koties savu sak\u0101mo balsta faktos, kas pieejami visiem. <\/p>\n<p>Vispirms Modris piev\u0113r\u0161 uzman\u012bbu fotogr\u0101fijai: \u201cMums ir tr\u012bs nogalin\u0101ti su\u0146i, un pret\u012b mums ir viena bilde. Run\u0101jot par \u0161o bildi\u2026 Ir persona X no \u0161\u012bs \u0123imenes, kura jau no pirm\u0101s dienas akt\u012bvi iesaist\u0101s koment\u0101ros soci\u0101laj\u0101 vid\u0113. Kad pazib\u0113ja inform\u0101cija, ka \u0161\u012b bilde ir ne\u012bsta, tad \u0161\u012b persona rakst\u012bja koment\u0101rus, ka, protams, \u0161\u012b bilde ir feiks, t\u0101 ir uztais\u012bta speci\u0101li medijiem, lai saprastu notikumus, zin\u0101tu, kur ir su\u0146i. Tad Bauskas dome pateica, ka \u0161\u012b bilde ir autentiska un \u012bsta\u2026\u201d<\/p>\n<p>    CITI \u0160OBR\u012aD LASA<\/p>\n<blockquote><p>Modris nor\u0101da uz v\u0113l k\u0101du interesantu faktu. Tra\u0123iskie notikumi risin\u0101j\u0101s piektdien. Pirmdien tikusi public\u0113ta v\u0113l viena bilde ar visiem 3 su\u0146iem. T\u0101 ir d\u016bmakaina un miglaina. Ta\u010du dien\u0101, kad risin\u0101j\u0101s notikumi, laiks bijis saulains. <\/p><\/blockquote>\n<p>Ar\u012b koment\u0101ros cilv\u0113ki nor\u0101dot, ka izskat\u0101s, ka foto ir uz\u0146emts no r\u012bta. Par to jau piemin\u0113t\u0101 persona X ar\u012b esot teikusi, ka bilde ir uz\u0146emta no r\u012bta ap plkst.8.00.<\/p>\n<p>Vienlaikus Modris piesauc LA.LV public\u0113to <a href=\"https:\/\/www.la.lv\/nacu-no-pagraba-un-dzirdeju-plesanas-skanas-modra-kaiminiene-rasma-atklaj-liktenigos-notikumus-un-dalas-ar-neredzetu-foto\" rel=\"noopener nofollow\" target=\"_blank\">interviju <\/a>ar Rasmu, kur\u0101 sieviete nor\u0101d\u012bjusi, ka pirmo reizi su\u0146us ieraudz\u012bjusi ap plkst.12.00, izn\u0101kot no pagraba.<\/p>\n<p>Laiku nesakrit\u012bba esot v\u0113rojama ar\u012b vis\u0101 cit\u0101 publiski pieejamaj\u0101 inform\u0101cij\u0101. Dz\u012bvnieku gl\u0101b\u0161anas dienests pirmaj\u0101s intervij\u0101s saucis citus laikus, policijas liec\u012bb\u0101 esot citi, bet kaimi\u0146u saimnieces liec\u012bb\u0101 v\u0113l citi. Da\u017e\u0101di raksti tiekot dz\u0113sti, esot daudz nesakrit\u012bbu.<\/p>\n<p>\u201cEs str\u0101d\u0101ju ar dz\u012bvniekiem jau vair\u0101k nek\u0101 20 gadus, esmu profesion\u0101lis \u0161aj\u0101 jom\u0101. Esmu audzis pie dz\u012bvnieku raid\u012bjumiem, man bija labas atz\u012bmes biolo\u0123ij\u0101 un fizik\u0101. Es sp\u0113ju izteikt viedokli par \u0161o visu. <\/p>\n<blockquote><p>K\u0101 m\u0113s zin\u0101m, dz\u012bvniekiem pilns stingums iest\u0101jas 6-12 stundas p\u0113c n\u0101ves. Pie su\u0146iem ierados it k\u0101 3 stundas p\u0113c vi\u0146u no\u0161au\u0161anas, t\u0101tad stingumam v\u0113l nevajadz\u0113ja b\u016bt, bet tas bija,\u201d nor\u0101da Modris.<\/p><\/blockquote>\n<p>Modris ar\u012b nor\u0101da uz at\u0161\u0137ir\u012bgiem dz\u012bvnieku med\u012b\u0161anas pa\u0146\u0113mieniem. Ka\u0137veid\u012bgie saviem upuriem uzbr\u016bk no aizmugures, jo vi\u0146iem ir asi nagi, ko iec\u0113rt dz\u012bvniek\u0101, lai to uzveiktu. Savuk\u0101rt vilkveid\u012bgie upurim \u0137eras pie r\u012bkles, jo vi\u0146iem nav tik sp\u0113c\u012bgu nagu: \u201cM\u0113s visi redz\u0113j\u0101m bildi ar \u0161o stirnu. Vi\u0146ai nav p\u0101rkosts kakls, vi\u0146ai ir iz\u0113sts vidus.\u201d<\/p>\n<p>T\u0101pat mazajam, vien 4 m\u0113ne\u0161us jaunajam kuc\u0113nam, tobr\u012bd esot izkritu\u0161i piena zobi, s\u0101ku\u0161i augt kaula. Vi\u0146\u0161 fiziski nesp\u0113jot uzlekt stirnai un to nokost. Tikm\u0113r otrs kuc\u0113ns Bruno bija ganu suns, kur\u0161 audzis kop\u0101 ar ait\u0101m, kaz\u0101m, gov\u012bm un citiem dz\u012bvniekiem, vi\u0146\u0161 nenogalin\u0101tu, jo zina, ka t\u0101 nav j\u0101dara. Nekad neesot izr\u0101d\u012bjis v\u0113lmi nogalin\u0101t, piem\u0113ram, mazos kazl\u0113nus. Abu kuc\u0113nu mammai Borai savuk\u0101rt neesot nek\u0101das intereses par dz\u012bvniekiem. Pa pagalmu varot staig\u0101t kaimi\u0146u ka\u0137i, bet Bora vi\u0146iem neesot piev\u0113rsusi nek\u0101du uzman\u012bbu.<\/p>\n<p>Interesants ir ar\u012b fakts, ka no notikuma vietas nav pieejams neviens video, lai gan tuvum\u0101 bija 3-6 cilv\u0113ki, m\u016bsdien\u0101s teju visiem nemit\u012bgi rok\u0101s ir telefoni, policistiem ir kameras, pie kaimi\u0146u m\u0101jas ir kameras, ta\u010du neviena video, kas apliecin\u0101tu uzbrukumu stirnai, nav. Ir vien p\u0101ris m\u012bklainas fotogr\u0101fijas.<\/p>\n<p>Modrim joproj\u0101m ir ac\u012bmredzami gr\u016bti run\u0101t par \u0161o visu. Vi\u0146\u0161 vair\u0101kk\u0101rt ieelpo, lai sa\u0146emtos: \u201cEs vienk\u0101r\u0161i v\u0113los taisn\u012bbu. Lai \u0161ie cilv\u0113ki ir god\u012bgi un pasaka, kas un k\u0101p\u0113c nogalin\u0101ja manus su\u0146us. Jo \u0161aj\u0101 vis\u0101 ir kaut kas vair\u0101k par izdom\u0101tu st\u0101stu par agres\u012bviem su\u0146iem. Es zinu, ka mani su\u0146i ir nogalin\u0101ti ne\u017e\u0113l\u012bgi, ka vi\u0146i ir miru\u0161i ne\u017e\u0113l\u012bg\u0101 n\u0101v\u0113, jo es vi\u0146us redz\u0113ju miru\u0161us \u2013 vi\u0146i nebija vienk\u0101r\u0161i no\u0161auti, t\u0101 bija vardarb\u012bga slepkav\u012bba. Pats briesm\u012bg\u0101kais \u2013 es saprotu, ka vi\u0146i cieta\u2026 Neviens norm\u0101ls cilv\u0113ks ar pilnu sapr\u0101tu to nevar\u0113tu izdar\u012bt.\u201d<\/p>\n<p>Nosl\u0113gum\u0101, vairs nesp\u0113jot vald\u012bt asaras, Modris pateicas visiem, kas vi\u0146u atbalsta un piebilst, ka gaisma uzvar\u0113s tumsu.<\/p>\n<blockquote class=\"instagram-media\" data-instgrm-captioned=\"\" data-instgrm-permalink=\"https:\/\/www.instagram.com\/reel\/DQMzoQnDcXD\/?utm_source=ig_embed&amp;utm_campaign=loading\" data-instgrm-version=\"14\" style=\" background:#FFF; border:0; border-radius:3px; box-shadow:0 0 1px 0 rgba(0,0,0,0.5),0 1px 10px 0 rgba(0,0,0,0.15); margin: 1px; max-width:540px; min-width:326px; padding:0; width:99.375%; width:-webkit-calc(100% - 2px); width:calc(100% - 2px);\" wp_automatic_readability=\"-0.27631578947369\">\n<\/blockquote>\n<p>T\u0113mas<\/p>\n<p>    SAIST\u012aTIE RAKSTI<\/p>\n<p>                            <script async src=\"\/\/www.instagram.com\/embed.js\"><\/script><\/p>\n","protected":false},"excerpt":{"rendered":"Kop\u0161 tra\u0123isk\u0101 notikuma ar \u201cModra olas\u201d saimnieka Modra Konovalova 3 su\u0146iem, kuri tika no\u0161auti, pag\u0101ju\u0161as jau 2 ned\u0113\u013cas.&hellip;\n","protected":false},"author":2,"featured_media":30334,"comment_status":"","ping_status":"","sticky":false,"template":"","format":"standard","meta":{"footnotes":""},"categories":[12],"tags":[23,28,29,32,33,22,30,31,35,39,38,36,37,34,40,20,26,27,24,25,21],"class_list":{"0":"post-30333","1":"post","2":"type-post","3":"status-publish","4":"format-standard","5":"has-post-thumbnail","7":"category-latvija","8":"tag-aktualitates","9":"tag-breaking-news","10":"tag-breakingnews","11":"tag-featured-news","12":"tag-featurednews","13":"tag-headlines","14":"tag-latest-news","15":"tag-latestnews","16":"tag-latvia","17":"tag-latvian","18":"tag-latviesu","19":"tag-latviesu-valoda","20":"tag-latviesuvaloda","21":"tag-latvija","22":"tag-lv","23":"tag-news","24":"tag-popularakas-zinas","25":"tag-popularakaszinas","26":"tag-top-stories","27":"tag-topstories","28":"tag-zinas"},"share_on_mastodon":{"url":"https:\/\/pubeurope.com\/@lv\/115430928099654169","error":""},"_links":{"self":[{"href":"https:\/\/www.europesays.com\/lv\/wp-json\/wp\/v2\/posts\/30333","targetHints":{"allow":["GET"]}}],"collection":[{"href":"https:\/\/www.europesays.com\/lv\/wp-json\/wp\/v2\/posts"}],"about":[{"href":"https:\/\/www.europesays.com\/lv\/wp-json\/wp\/v2\/types\/post"}],"author":[{"embeddable":true,"href":"https:\/\/www.europesays.com\/lv\/wp-json\/wp\/v2\/users\/2"}],"replies":[{"embeddable":true,"href":"https:\/\/www.europesays.com\/lv\/wp-json\/wp\/v2\/comments?post=30333"}],"version-history":[{"count":0,"href":"https:\/\/www.europesays.com\/lv\/wp-json\/wp\/v2\/posts\/30333\/revisions"}],"wp:featuredmedia":[{"embeddable":true,"href":"https:\/\/www.europesays.com\/lv\/wp-json\/wp\/v2\/media\/30334"}],"wp:attachment":[{"href":"https:\/\/www.europesays.com\/lv\/wp-json\/wp\/v2\/media?parent=30333"}],"wp:term":[{"taxonomy":"category","embeddable":true,"href":"https:\/\/www.europesays.com\/lv\/wp-json\/wp\/v2\/categories?post=30333"},{"taxonomy":"post_tag","embeddable":true,"href":"https:\/\/www.europesays.com\/lv\/wp-json\/wp\/v2\/tags?post=30333"}],"curies":[{"name":"wp","href":"https:\/\/api.w.org\/{rel}","templated":true}]}}