{"id":30361,"date":"2025-10-24T21:10:15","date_gmt":"2025-10-24T21:10:15","guid":{"rendered":"https:\/\/www.europesays.com\/lv\/30361\/"},"modified":"2025-10-24T21:10:15","modified_gmt":"2025-10-24T21:10:15","slug":"latvijas-florbola-savieniba-lv-2025-2026-jaunumi-mily-latvijas-kausa-mu14-triumfe-marupes-novada-sporta-skola","status":"publish","type":"post","link":"https:\/\/www.europesays.com\/lv\/30361\/","title":{"rendered":"Latvijas Florbola savien\u012bba \u00bb LV \u00bb 2025\/2026 \u00bb Jaunumi \u00bb &#8220;Mily&#8221; Latvijas kaus\u0101 MU14 triumf\u0113 &#8220;M\u0101rupes novada sporta skola&#8221;"},"content":{"rendered":"<p>&#8220;Mily&#8221; Latvijas kaus\u0101 MU14 triumf\u0113 &#8220;M\u0101rupes novada sporta skola&#8221;<\/p>\n<p><\/p>\n<p>\t\t\t\t\t<img decoding=\"async\" src=\"https:\/\/www.europesays.com\/lv\/wp-content\/uploads\/2025\/10\/marupe_kauss_2025_mu14.jpg\" class=\"news-title-image\" width=\"292.5\" alt=\"marupe_kauss_2025_mu14.jpg\" title=\"&quot;Mily&quot; Latvijas kaus\u0101 MU14 triumf\u0113 &quot;M\u0101rupes novada sporta skola&quot;\" \/><\/p>\n<p style=\"text-align: justify;\">Tre\u0161dien Koc\u0113nu sporta nam\u0101 notika &#8220;Mily&#8221; Latvijas kausa izc\u012b\u0146a jaunie\u0161iem vecuma grup\u0101 MU14. Trofeju ieguvu &#8220;M\u0101rupes novada sporta skolas&#8221; jaun\u0101s florbolistes, kuras fin\u0101l\u0101 ar <a href=\"https:\/\/www.floorball.lv\/lv\/2025\/latvijas-kauss\/mu14-lk\/proto\/53242-rub-mar\" target=\"_self\" rel=\"nofollow noopener\">1:0<\/a> p\u0113csp\u0113les metienos uzvar\u0113ja &#8220;Rubene\/KSS&#8221; komandu. Ma\u010d\u0101 par tre\u0161o vietu &#8220;CPSS&#8221; pieveica &#8220;NND\/RJTC&#8221; (<a href=\"https:\/\/www.floorball.lv\/lv\/2025\/latvijas-kauss\/mu14-lk\/proto\/53241-cps-nnd\" target=\"_self\" rel=\"nofollow noopener\">2:0<\/a>).<\/p>\n<p style=\"text-align: justify;\">\u00a0<\/p>\n<p style=\"text-align: justify;\"><a href=\"https:\/\/mily.lv\/\" target=\"_blank\" rel=\"nofollow noopener\">Mily.lv<\/a> \u2013 \u0101tri un \u0113rti piesaki b\u0113rnu sporta nodarb\u012bb\u0101m vai pulci\u0146am!<\/p>\n<p style=\"text-align: justify;\">\u00a0<\/p>\n<p style=\"text-align: justify;\">Foto: J\u0101nis L\u0101rmanis<\/p>\n<p>\u00a0<\/p>\n<p><\/p>\n","protected":false},"excerpt":{"rendered":"&#8220;Mily&#8221; Latvijas kaus\u0101 MU14 triumf\u0113 &#8220;M\u0101rupes novada sporta skola&#8221; Tre\u0161dien Koc\u0113nu sporta nam\u0101 notika &#8220;Mily&#8221; Latvijas kausa izc\u012b\u0146a&hellip;\n","protected":false},"author":2,"featured_media":30362,"comment_status":"","ping_status":"","sticky":false,"template":"","format":"standard","meta":{"footnotes":""},"categories":[17],"tags":[405,35,39,38,36,37,34,40,8686,67],"class_list":{"0":"post-30361","1":"post","2":"type-post","3":"status-publish","4":"format-standard","5":"has-post-thumbnail","7":"category-sports","8":"tag-405","9":"tag-latvia","10":"tag-latvian","11":"tag-latviesu","12":"tag-latviesu-valoda","13":"tag-latviesuvaloda","14":"tag-latvija","15":"tag-lv","16":"tag-sporta","17":"tag-sports"},"share_on_mastodon":{"url":"https:\/\/pubeurope.com\/@lv\/115431199425463456","error":""},"_links":{"self":[{"href":"https:\/\/www.europesays.com\/lv\/wp-json\/wp\/v2\/posts\/30361","targetHints":{"allow":["GET"]}}],"collection":[{"href":"https:\/\/www.europesays.com\/lv\/wp-json\/wp\/v2\/posts"}],"about":[{"href":"https:\/\/www.europesays.com\/lv\/wp-json\/wp\/v2\/types\/post"}],"author":[{"embeddable":true,"href":"https:\/\/www.europesays.com\/lv\/wp-json\/wp\/v2\/users\/2"}],"replies":[{"embeddable":true,"href":"https:\/\/www.europesays.com\/lv\/wp-json\/wp\/v2\/comments?post=30361"}],"version-history":[{"count":0,"href":"https:\/\/www.europesays.com\/lv\/wp-json\/wp\/v2\/posts\/30361\/revisions"}],"wp:featuredmedia":[{"embeddable":true,"href":"https:\/\/www.europesays.com\/lv\/wp-json\/wp\/v2\/media\/30362"}],"wp:attachment":[{"href":"https:\/\/www.europesays.com\/lv\/wp-json\/wp\/v2\/media?parent=30361"}],"wp:term":[{"taxonomy":"category","embeddable":true,"href":"https:\/\/www.europesays.com\/lv\/wp-json\/wp\/v2\/categories?post=30361"},{"taxonomy":"post_tag","embeddable":true,"href":"https:\/\/www.europesays.com\/lv\/wp-json\/wp\/v2\/tags?post=30361"}],"curies":[{"name":"wp","href":"https:\/\/api.w.org\/{rel}","templated":true}]}}