{"id":30387,"date":"2025-10-24T21:51:28","date_gmt":"2025-10-24T21:51:28","guid":{"rendered":"https:\/\/www.europesays.com\/lv\/30387\/"},"modified":"2025-10-24T21:51:28","modified_gmt":"2025-10-24T21:51:28","slug":"riga-music-week-festivalu-papildina-shipsea-un-kautkaili-zinama-konferences-programma-raksts","status":"publish","type":"post","link":"https:\/\/www.europesays.com\/lv\/30387\/","title":{"rendered":"\u00abRiga Music Week\u00bb festiv\u0101lu papildina Shipsea un \u00abKautkaili\u00bb; zin\u0101ma konferences programma \/ Raksts"},"content":{"rendered":"<p>No 5. l\u012bdz 6. novembrim R\u012bg\u0101 norisin\u0101sies pirm\u0101 R\u012bgas m\u016bzikas ned\u0113\u013ca\u00a0(&#8220;Riga Music Week&#8221;) \u2013 jauns pils\u0113tas m\u016bzikas festiv\u0101ls un konference, kas apvienos spilgt\u0101kos Latvijas un starptautiskos talantus, industrijas profesion\u0101\u013cus un m\u016bzikas cien\u012bt\u0101jus. Festiv\u0101la sada\u013ca ir dom\u0101ta ikvienam, kur\u0161 v\u0113las divu dienu laik\u0101 izbaud\u012bt daudzveid\u012bgu m\u016bziku R\u012bg\u0101, v\u0113sta festiv\u0101la r\u012bkot\u0101ji.\u00a0<\/p>\n<p>Festiv\u0101la koncertprogrammai pievienoju\u0161ies Shipsea un &#8220;Kautkaili&#8221;, papla\u0161inot iepriek\u0161 izzi\u0146oto m\u016bzi\u0137u sarakstu, kur\u0101 p\u0101rst\u0101v\u0113ti gan atpaz\u012bstami Latvijas m\u0101kslinieki \u2013 &#8220;Tautumeitas&#8221;, Emilija, B\u016b\u016b, &#8220;Muud&#8221;, &#8220;Y\u016bt&#8221; \u2013, gan daudzsolo\u0161i jaunie talanti. L\u012bdz\u0101s Latvijas p\u0101rst\u0101vjiem uz &#8220;Riga Music Week&#8221; skatuv\u0113m k\u0101ps ar\u012b kaimi\u0146valstu un citu valstu m\u0101kslinieki: igau\u0146u No\u00ebp, Alika, Mariin k, Erki P\u00e4rnoja, lietuvie\u0161i &#8220;Dargana&#8221;, &#8220;Kabloonak&#8221;, Ingaja, k\u0101 ar\u012b ukrai\u0146u &#8220;Ziferblat&#8221;, fran\u010du duets &#8220;Charlotte Fever&#8221;, v\u0101cu Marla Moya, britu Eyre Llew un citi.\u00a0<\/p>\n<p>Paral\u0113li iek\u0161telpu festiv\u0101lam, uz kuru nepiecie\u0161ama ieejas bi\u013cete, abas dienas Tallinas ielas kvart\u0101la pagalm\u0101 notiks bezmaksas tautas m\u016bzikas skatuves programma, kur\u0101 uzst\u0101sies t\u0101di \u017eanra p\u0101rst\u0101vji k\u0101 &#8220;Sauc\u0113jas&#8221;, &#8220;Rahu&#8221; un daudzi citi.\u00a0<\/p>\n<p>&#8220;Riga Music Week un KIT\u201825&#8221;\u00a0<a href=\"https:\/\/rigamusicweek.lv\/conference\/\" target=\"_blank\" rel=\"nofollow noopener\">konference<\/a>\u00a0<\/p>\n<p style=\"margin-left:0cm; margin-right:0cm\">R\u012bgas m\u016bzikas ned\u0113\u013cas laik\u0101 paredz\u0113ta ar\u012b m\u016bzikas industrijas konference.\u00a0Atkl\u0101\u0161anas diskusija &#8220;M\u016bzika, dro\u0161\u012bba un maig\u0101 vara: starp diplom\u0101tiju, propagandu un rado\u0161o ekonomiku&#8221; piev\u0113rs\u012bsies m\u016bzikas lomai sabiedr\u012bbas dro\u0161\u012bb\u0101, kult\u016bras diplom\u0101tij\u0101 un rado\u0161aj\u0101 ekonomik\u0101. Sarunas dal\u012bbnieki diskut\u0113s, k\u0101 m\u016bzika var kalpot par maig\u0101s varas instrumentu un kult\u016bras v\u0113stnieku starptautiski, bet vienlaikus ar\u012b par iesp\u0113jamu propagandas r\u012bku.\u00a0<\/p>\n<blockquote>\n<p style=\"margin-left:0cm; margin-right:0cm\">Tiks v\u0113rt\u0113ta nacion\u0101lo m\u016bzikas kvotu noz\u012bme, kult\u016bras diplom\u0101tijas loma valsts t\u0113la veido\u0161an\u0101 un l\u012bdzsvars starp rado\u0161o br\u012bv\u012bbu, sabiedr\u012bbas dro\u0161\u012bbu un kult\u016bras ilgtsp\u0113ju.\u00a0<\/p>\n<\/blockquote>\n<p style=\"margin-left:0cm; margin-right:0cm\">Diskusij\u0101 piedal\u012bsies ar\u012b Latvijas Republikas kult\u016bras ministre Agnese L\u0101ce un Latvijas Republikas \u0101rlietu ministre Baiba Bra\u017ee.\u00a0<\/p>\n<p style=\"margin-left:0cm; margin-right:0cm\">\u0160ogad &#8220;Riga Music Week&#8221; apvienojusi sp\u0113kus ar &#8220;Komp\u0101nija NA&#8221; r\u012bkoto forumu &#8220;Kult\u016bra. Industrija. Tehnolo\u0123ija 2025&#8221; (&#8220;KIT\u201925&#8221;), kas papildin\u0101s programmu ar \u012bpa\u0161u vieslekciju \u2013 Eirov\u012bzijas dziesmu konkursa tehnisk\u0101 direktora Ola Melziga\u00a0uzst\u0101\u0161anos. Melzigs vad\u012bjis tehnisko produc\u0113\u0161anu jau 16 Eirov\u012bzijas konkursos. Foruma laik\u0101 notiks &#8220;KIT\u201925&#8221; organiz\u0113t\u0101 pane\u013cdiskusija &#8220;Kult\u016br\u2019Pi\u0137is \u2013 atbalsts, atkar\u012bba vai savien\u012bba?&#8221;, kur\u0101 pas\u0101kumu producenti spried\u012bs par naudas un kult\u016bras attiec\u012bb\u0101m \u2013 k\u0101 tiek sadal\u012bts publiskais finans\u0113jums, k\u0101 darbojas priv\u0101tais sektors un k\u0101 \u0161\u012bs sadarb\u012bbas rezult\u0101t\u0101 tiek rad\u012bti kvalitat\u012bvi kult\u016bras produkti, ko nov\u0113rt\u0113 skat\u012bt\u0101ji.\u00a0<\/p>\n<blockquote>\n<p style=\"margin-left:0cm; margin-right:0cm\">&#8220;Riga Music Week x KIT\u201925&#8221; programmai pievienosies \u012bpa\u0161a vie\u0161\u0146a \u2013 Debsa Vailda, m\u016bzikas industrijas profesion\u0101le no Apvienot\u0101s Karalistes, kura paz\u012bstama k\u0101 viena no grupas &#8220;Coldplay&#8221; atkl\u0101j\u0113j\u0101m.<\/p>\n<\/blockquote>\n<p style=\"margin-left:0cm; margin-right:0cm\">Debsa Vailda piedal\u012bsies diskusij\u0101 &#8220;No straum\u0113m l\u012bdz superfaniem: auditorijas veido\u0161anas strat\u0113\u0123ijas&#8221;, daloties pieredz\u0113 par grupas attiec\u012bbu uztur\u0113\u0161anu ar faniem un to noz\u012bmi m\u0101kslinieku karjer\u0101. Vi\u0146a b\u016bs ar\u012b viena no run\u0101t\u0101j\u0101m pane\u013cdiskusij\u0101 &#8220;Ne tikai aplik\u0101cijas un gad\u017eeti \u2013 vied\u0101 specializ\u0101cija (RIS3) m\u016bzik\u0101&#8221;, kur tiks apl\u016bkots, k\u0101 m\u016bzikas industrija var k\u013c\u016bt par inov\u0101ciju, ilgtsp\u0113jas un gudras izaugsmes dzin\u0113jsp\u0113ku Baltijas re\u0123ion\u0101.\u00a0<\/p>\n<p style=\"margin-left:0cm; margin-right:0cm\">T\u0101pat vi\u0146a moder\u0113s paneli par ment\u0101lo vesel\u012bbu m\u016bzikas industrij\u0101, k\u0101 ar\u012b piedal\u012bsies \u012bpa\u0161aj\u0101 &#8220;Riga Music Week&#8221; gr\u0101matu kluba sada\u013c\u0101, kur prezent\u0113s savu gr\u0101matu &#8220;Dz\u012bve ko\u0161\u0101s kr\u0101s\u0101s: &#8220;Coldplay&#8221; st\u0101sts&#8221;. \u0160aj\u0101 sada\u013c\u0101 paredz\u0113ta ar\u012b Ulda Rudaka gr\u0101matas &#8220;Rokup\u0101cija&#8221; prezent\u0101cija ang\u013cu valod\u0101, iepaz\u012bstinot ar Latvijas rokm\u016bzikas v\u0113sturisko noz\u012bmi, k\u0101 ar\u012b Hannesa T\u0161urca\u00a0gr\u0101matas &#8220;Nevajadz\u012bg\u0101s m\u016bzikas zin\u0101\u0161anas&#8221;\u00a0prezent\u0101cija.\u00a0<\/p>\n<p style=\"margin-left:0cm; margin-right:0cm\">&#8220;Riga Music Week un KIT\u201925&#8221; konferences kuratore\u00a0Guna Zu\u010dika st\u0101sta: &#8220;Es, mazliet jokojot, saku \u2013 pirmaj\u0101 gad\u0101 tas ir vienk\u0101r\u0161i: es tikai uzaicinu savus industrijas draugus!\u00a0<\/p>\n<blockquote>\n<p style=\"margin-left:0cm; margin-right:0cm\">Manupr\u0101t, redzot t\u0113mas, kas izv\u0113l\u0113tas, un zinot aktu\u0101los jaut\u0101jumus un izaicin\u0101jumus Latvijas m\u016bzikas industrij\u0101, \u0161\u012b konference ir oblig\u0101tais apmekl\u0113jums jebkuram m\u016bzikas industrijas p\u0101rst\u0101vim,\u00a0<\/p>\n<\/blockquote>\n<p style=\"margin-left:0cm; margin-right:0cm\">m\u016bzi\u0137im un n\u0101kotnes profesion\u0101lim, ja vi\u0146\u0161 \u0161o jomu uztver nopietni un profesion\u0101li.&#8221;\u00a0<\/p>\n<p style=\"margin-left:0cm; margin-right:0cm\">&#8220;Riga Music Week&#8221; tiek organiz\u0113ta\u00a0sadarb\u012bb\u0101 ar &#8220;Music Latvia&#8221; un &#8220;Komp\u0101nija NA&#8221;, to atbalsta R\u012bgas dome, &#8220;Bi\u013ce\u0161u serviss&#8221;, &#8220;LaIPA&#8221; un &#8220;AKKA\/LAA&#8221;.\u00a0<\/p>\n<p>                    Valodas k\u013c\u016bda rakst\u0101?<\/p>\n<p class=\"d-none d-md-block\">Iez\u012bm\u0113jiet tekstu un spiediet Ctrl+Enter, lai nos\u016bt\u012btu labojamo teksta fragmentu redaktoram! Par faktu k\u013c\u016bd\u0101m l\u016bdzam zi\u0146ot e-past\u0101 <a href=\"https:\/\/www.lsm.lv\/cdn-cgi\/l\/email-protection\" class=\"__cf_email__\" data-cfemail=\"334156575258505a5952735f405e1d5f45\" rel=\"nofollow noopener\" target=\"_blank\">[email\u00a0protected]<\/a>.<\/p>\n<p class=\"d-md-none\">Iez\u012bm\u0113jiet tekstu un spiediet uz Zi\u0146ot par k\u013c\u016bdu pogas, lai nos\u016bt\u012btu labojamo teksta fragmentu redaktoram!<\/p>\n<p>\n                    Zi\u0146ot par k\u013c\u016bdu\n                <\/p>\n","protected":false},"excerpt":{"rendered":"No 5. l\u012bdz 6. novembrim R\u012bg\u0101 norisin\u0101sies pirm\u0101 R\u012bgas m\u016bzikas ned\u0113\u013ca\u00a0(&#8220;Riga Music Week&#8221;) \u2013 jauns pils\u0113tas m\u016bzikas festiv\u0101ls&hellip;\n","protected":false},"author":2,"featured_media":30388,"comment_status":"","ping_status":"","sticky":false,"template":"","format":"standard","meta":{"footnotes":""},"categories":[19],"tags":[89,90,35,39,38,36,37,34,40],"class_list":{"0":"post-30387","1":"post","2":"type-post","3":"status-publish","4":"format-standard","5":"has-post-thumbnail","7":"category-izklaide","8":"tag-entertainment","9":"tag-izklaide","10":"tag-latvia","11":"tag-latvian","12":"tag-latviesu","13":"tag-latviesu-valoda","14":"tag-latviesuvaloda","15":"tag-latvija","16":"tag-lv"},"share_on_mastodon":{"url":"https:\/\/pubeurope.com\/@lv\/115431360685645474","error":""},"_links":{"self":[{"href":"https:\/\/www.europesays.com\/lv\/wp-json\/wp\/v2\/posts\/30387","targetHints":{"allow":["GET"]}}],"collection":[{"href":"https:\/\/www.europesays.com\/lv\/wp-json\/wp\/v2\/posts"}],"about":[{"href":"https:\/\/www.europesays.com\/lv\/wp-json\/wp\/v2\/types\/post"}],"author":[{"embeddable":true,"href":"https:\/\/www.europesays.com\/lv\/wp-json\/wp\/v2\/users\/2"}],"replies":[{"embeddable":true,"href":"https:\/\/www.europesays.com\/lv\/wp-json\/wp\/v2\/comments?post=30387"}],"version-history":[{"count":0,"href":"https:\/\/www.europesays.com\/lv\/wp-json\/wp\/v2\/posts\/30387\/revisions"}],"wp:featuredmedia":[{"embeddable":true,"href":"https:\/\/www.europesays.com\/lv\/wp-json\/wp\/v2\/media\/30388"}],"wp:attachment":[{"href":"https:\/\/www.europesays.com\/lv\/wp-json\/wp\/v2\/media?parent=30387"}],"wp:term":[{"taxonomy":"category","embeddable":true,"href":"https:\/\/www.europesays.com\/lv\/wp-json\/wp\/v2\/categories?post=30387"},{"taxonomy":"post_tag","embeddable":true,"href":"https:\/\/www.europesays.com\/lv\/wp-json\/wp\/v2\/tags?post=30387"}],"curies":[{"name":"wp","href":"https:\/\/api.w.org\/{rel}","templated":true}]}}