{"id":30394,"date":"2025-10-24T22:12:11","date_gmt":"2025-10-24T22:12:11","guid":{"rendered":"https:\/\/www.europesays.com\/lv\/30394\/"},"modified":"2025-10-24T22:12:11","modified_gmt":"2025-10-24T22:12:11","slug":"vilnas-un-kaunas-lidostas-uz-laiku-aptureta-lidmasinu-satiksme","status":"publish","type":"post","link":"https:\/\/www.europesays.com\/lv\/30394\/","title":{"rendered":"Vi\u013c\u0146as un Kau\u0146as lidost\u0101s uz laiku aptur\u0113ta lidma\u0161\u012bnu satiksme"},"content":{"rendered":"<p>L\u0113mums ierobe\u017eot gaisa telpu tika pie\u0146emts saist\u012bb\u0101 ar meteorolo\u0123isko balonu lido\u0161anu Druskininku-\u0160al\u010dininku virzien\u0101. Gaisa satiksme ab\u0101s lidost\u0101s aptur\u0113ta ap plkst. 20.30 l\u012bdz plkst. 22.<\/p>\n<p>Kau\u0146as lidost\u0101 tika ietekm\u0113ti tr\u012bs reisi, bet Vi\u013c\u0146as lidost\u0101 &#8211; \u010detri reisi.<\/p>\n<p>K\u0101 inform\u0113ja Vi\u013c\u0146as apgabala policija, vi\u0146i sa\u0146\u0113ma inform\u0101ciju, ka lido &#8220;vair\u0101k nek\u0101 viens&#8221; balons.<\/p>\n<p>Valsts robe\u017esardze pav\u0113st\u012bja, ka v\u0113l nav p\u0101rtverts neviens balons. Robe\u017ekontroles punkti uz Baltkrievijas robe\u017eas nav sl\u0113gti.<\/p>\n<p>Jau zi\u0146ots, nakt\u012b no otrdienas uz tre\u0161dienu Lietuv\u0101 no Baltkrievijas ielidoju\u0161i vair\u0101ki desmiti balonu, kurus kontrabandisti izmanto cigare\u0161u p\u0101rvad\u0101\u0161anai.<\/p>\n<p>Incidents trauc\u0113ja Vi\u013c\u0146as lidostas darb\u012bbu, ietekm\u0113jot aptuveni 30 reisus un vair\u0101k nek\u0101 4000 pasa\u017eieru, un izrais\u012bja Medininku un \u0160al\u010dininku robe\u017ekontroles punktu pagaidu sl\u0113g\u0161anu.<\/p>\n","protected":false},"excerpt":{"rendered":"L\u0113mums ierobe\u017eot gaisa telpu tika pie\u0146emts saist\u012bb\u0101 ar meteorolo\u0123isko balonu lido\u0161anu Druskininku-\u0160al\u010dininku virzien\u0101. Gaisa satiksme ab\u0101s lidost\u0101s aptur\u0113ta&hellip;\n","protected":false},"author":2,"featured_media":30395,"comment_status":"","ping_status":"","sticky":false,"template":"","format":"standard","meta":{"footnotes":""},"categories":[14],"tags":[23,57,28,29,32,33,22,9221,30,31,35,39,38,36,37,34,426,1464,40,20,26,27,24,25,3395,54,55,56,21,58],"class_list":{"0":"post-30394","1":"post","2":"type-post","3":"status-publish","4":"format-standard","5":"has-post-thumbnail","7":"category-zinas-no-arvalstim","8":"tag-aktualitates","9":"tag-arvalstim","10":"tag-breaking-news","11":"tag-breakingnews","12":"tag-featured-news","13":"tag-featurednews","14":"tag-headlines","15":"tag-kauna","16":"tag-latest-news","17":"tag-latestnews","18":"tag-latvia","19":"tag-latvian","20":"tag-latviesu","21":"tag-latviesu-valoda","22":"tag-latviesuvaloda","23":"tag-latvija","24":"tag-lidosta","25":"tag-lietuva","26":"tag-lv","27":"tag-news","28":"tag-popularakas-zinas","29":"tag-popularakaszinas","30":"tag-top-stories","31":"tag-topstories","32":"tag-vilna","33":"tag-world","34":"tag-world-news","35":"tag-worldnews","36":"tag-zinas","37":"tag-zinas-no-arvalstim"},"share_on_mastodon":{"url":"https:\/\/pubeurope.com\/@lv\/115431443212379666","error":""},"_links":{"self":[{"href":"https:\/\/www.europesays.com\/lv\/wp-json\/wp\/v2\/posts\/30394","targetHints":{"allow":["GET"]}}],"collection":[{"href":"https:\/\/www.europesays.com\/lv\/wp-json\/wp\/v2\/posts"}],"about":[{"href":"https:\/\/www.europesays.com\/lv\/wp-json\/wp\/v2\/types\/post"}],"author":[{"embeddable":true,"href":"https:\/\/www.europesays.com\/lv\/wp-json\/wp\/v2\/users\/2"}],"replies":[{"embeddable":true,"href":"https:\/\/www.europesays.com\/lv\/wp-json\/wp\/v2\/comments?post=30394"}],"version-history":[{"count":0,"href":"https:\/\/www.europesays.com\/lv\/wp-json\/wp\/v2\/posts\/30394\/revisions"}],"wp:featuredmedia":[{"embeddable":true,"href":"https:\/\/www.europesays.com\/lv\/wp-json\/wp\/v2\/media\/30395"}],"wp:attachment":[{"href":"https:\/\/www.europesays.com\/lv\/wp-json\/wp\/v2\/media?parent=30394"}],"wp:term":[{"taxonomy":"category","embeddable":true,"href":"https:\/\/www.europesays.com\/lv\/wp-json\/wp\/v2\/categories?post=30394"},{"taxonomy":"post_tag","embeddable":true,"href":"https:\/\/www.europesays.com\/lv\/wp-json\/wp\/v2\/tags?post=30394"}],"curies":[{"name":"wp","href":"https:\/\/api.w.org\/{rel}","templated":true}]}}