{"id":30434,"date":"2025-10-25T02:09:08","date_gmt":"2025-10-25T02:09:08","guid":{"rendered":"https:\/\/www.europesays.com\/lv\/30434\/"},"modified":"2025-10-25T02:09:08","modified_gmt":"2025-10-25T02:09:08","slug":"par-neveiksmigiem-maksliniekiem-kruiza-kugiem-un-cilveka-dzilumiem-lente-lv","status":"publish","type":"post","link":"https:\/\/www.europesays.com\/lv\/30434\/","title":{"rendered":"par neveiksm\u012bgiem m\u0101ksliniekiem, kru\u012bza ku\u0123iem un cilv\u0113ka dzi\u013cumiem\u00a0\u2014\u00a0Lente.lv"},"content":{"rendered":"<p>Jaunums literat\u016bras pasaul\u0113: Eg\u012bla Ventera rom\u0101nu cikls \u00abAlbatross\u00bb sniedz ieskatu cilv\u0113ka dzi\u013cumos<\/p>\n<p>Apg\u0101ds &#8220;Dienas Gr\u0101mata&#8221; ar saj\u016bsmu pazi\u0146o par jaun\u0101k\u0101s Eg\u012bla Ventera gr\u0101matas \u00abAlbatross\u00bb izn\u0101k\u0161anu. \u0160is darbs, kas tiek rakturots k\u0101 mazo rom\u0101nu cikls, pied\u0101v\u0101 las\u012bt\u0101jiem tr\u012bs savstarp\u0113ji saist\u012btus notikumus, kas, saglab\u0101jot savu neatkar\u012bbu, kopum\u0101 veido dzi\u013cumu un daudzsl\u0101\u0146ainu st\u0101st\u012bjumu. Gr\u0101mata ir k\u0101 gaid\u012bts sveiciens rudens vakaru las\u012b\u0161anai, un t\u0101s atv\u0113r\u0161ana notika R\u012bgas Gr\u0101matu sv\u0113tkos 24. oktobr\u012b Latvijas Nacion\u0101l\u0101s bibliot\u0113kas &#8220;Draugu telp\u0101&#8221;.<\/p>\n<p>St\u0101stu me\u017eon\u012bba un cilv\u0113cisko attiec\u012bbu sare\u017e\u0123\u012bt\u012bba<\/p>\n<p>\u00abAlbatross\u00bb centr\u0101 ir tr\u012bs spilgti st\u0101sti, kas atspogu\u013co da\u017e\u0101das dz\u012bves situ\u0101cijas. Viens no tiem seko neveiksm\u012bgam m\u0101ksliniekam, kur\u0161 cen\u0161as atjaunot savu karjeru London\u0101. Vi\u0146a ce\u013c\u0161 ir pilns \u0161\u0137\u0113r\u0161\u013cu un p\u0101rbaud\u012bjumu, kas liek las\u012bt\u0101jam aizdom\u0101ties par rado\u0161\u0101s identit\u0101tes kr\u012bzi un alk\u0101m p\u0113c atzin\u012bbas. Otrs st\u0101sts ievelk m\u016bs R\u012bgas ost\u0101, kur ien\u0101k kristie\u0161u kru\u012bza ku\u0123is, radot negaid\u012btu satik\u0161anos un iesp\u0113jamu konfliktu starp da\u017e\u0101diem pasaules uzskatiem. Tre\u0161ais rom\u0101ns piev\u0113r\u0161as k\u0101da vienpat\u0146a c\u012b\u0146ai par savu person\u012bgo telpu, par &#8220;savu kakti\u0146u, savu st\u016br\u012bti zemes&#8221; pie j\u016bras. \u0160\u012b st\u0101sta centr\u0101 ir jaut\u0101jums par pieder\u012bbu un cilv\u0113ka vajadz\u012bbu p\u0113c dro\u0161\u012bbas un priv\u0101tuma.<\/p>\n<p>Lai gan katrs st\u0101sts ir autonoms, tie kopum\u0101 veido vienotu narat\u012bvu, kur\u0101 Ventera rakstniec\u012bbas unik\u0101lais rokraksts atsp\u012bd piln\u0101 kr\u0101\u0161\u0146um\u0101. K\u0101 nor\u0101da izdev\u0113ji, rom\u0101nu centr\u0101 ir tr\u012bs notikumi, kurus var apl\u016bkot gan katru atsevi\u0161\u0137i, gan visus kop\u0101, tiem nezaud\u0113jot autonomiju. Autors sp\u0113j viegli un ar gai\u0161iem, po\u0113tiskiem triepieniem gleznot dz\u012bves notikumus un metafiziskos impulsus, radot dzi\u013cuma pies\u0101tin\u0101tu p\u0113cgar\u0161u. \u0160\u012b sp\u0113ja p\u0101rv\u0113rst ikdieni\u0161\u0137o par kaut ko iev\u0113rojamu ir viena no Ventera dai\u013crades spilgt\u0101kaj\u0101m iez\u012bm\u0113m.<\/p>\n<p>M\u012blest\u012bbas s\u0101pes un netveram\u0101 paties\u012bba<\/p>\n<p>Literat\u016bras kriti\u0137e Gundega Blumberga raksturo Ventera varo\u0146us k\u0101 &#8220;m\u012blest\u012bbas s\u0101pin\u0101tus&#8221;. Vi\u0146a uzsver, ka vi\u0146i tik \u013coti alkst b\u016bt m\u012bl\u0113ti, ka, non\u0101ku\u0161i dzi\u0146u pavad\u0101, sp\u0113j pievilt, nodot, noklus\u0113t, izvair\u012bties, melot un mesties bezdiben\u012b. Rezult\u0101t\u0101 no cer\u0113t\u0101 ieguvuma paliek vien\u012bgi &#8220;atsp\u012bdums debes\u012bs&#8221;. \u0160\u012b doma par il\u016bziju un realit\u0101tes at\u0161\u0137ir\u012bbu ir \u013coti sp\u0113c\u012bga un atst\u0101j dzi\u013cu iespaidu uz las\u012bt\u0101ju. Blumberga piebilst, ka \u0161\u012b paties\u012bba ir &#8220;netverama, t\u0101pat k\u0101 atbilde uz jaut\u0101jumu \u2013 k\u0101d\u0113\u013c m\u0113s visam \u013c\u0101v\u0101m t\u0101 notikt?&#8221; \u0160\u012b atzi\u0146a liek aizdom\u0101ties par cilv\u0113ka atbild\u012bbu savas dz\u012bves notikumu priek\u0161\u0101.<\/p>\n<p>\u00abAlbatross\u00bb nebaid\u0101s pieskarties sare\u017e\u0123\u012bt\u0101m t\u0113m\u0101m, kas skar cilv\u0113ka dv\u0113seli. Gr\u0101mata izgaismo to, k\u0101 pag\u0101tne vienm\u0113r kl\u0101jas virs\u016b \u0161odienai, k\u0101 labiem nodomiem bru\u0123\u0113ts ce\u013c\u0161 var novest uz elli, un k\u0101 n\u0101kotne bie\u017ei vien sl\u0113pjas aiz izn\u012bc\u012bbas \u0161\u0137idrauta. Tom\u0113r, neskatoties uz \u0161o dr\u016bmo ainu, Venters saglab\u0101 vieglu un pat gai\u0161u toni, kas ne\u013cauj las\u012bt\u0101jam piln\u012bb\u0101 iegrimt depresij\u0101. Vi\u0146a sp\u0113ja atrast gaismu tums\u0101 ir tas, kas padara vi\u0146a darbus tik v\u0113rt\u012bgus.<\/p>\n<p>Eg\u012bla Ventera liter\u0101r\u0101 ce\u013ca z\u012bmes<\/p>\n<p>Eg\u012bls Venters nav jaunums Latvijas literat\u016bras vid\u0113. Vi\u0146\u0161 ir paz\u012bstams k\u0101 vienpadsmit prozas gr\u0101matu autors. Apg\u0101ds &#8220;Dienas Gr\u0101mata&#8221; jau iepriek\u0161 ir izdevis vi\u0146a noz\u012bm\u012bgos darbus, tai skait\u0101 rom\u0101nus &#8220;Radio Luxembourg&#8221; (2007) un &#8220;Main\u012bg\u0101 intervence&#8221; (2012). Par p\u0113d\u0113jo darbu Venters 2013. gad\u0101 sa\u0146\u0113ma Dzintara Soduma balvu par novatorismu literat\u016br\u0101 un tika nomin\u0113ts Latvijas Literat\u016bras gada balvai. \u0160ie apbalvojumi apliecina Ventera talantu un vi\u0146a noz\u012bm\u012bgo ieguld\u012bjumu Latvijas literat\u016br\u0101.<\/p>\n<p>Gr\u0101matas \u00abAlbatross\u00bb m\u0101kslinieks ir J\u0101nis Es\u012btis, kura darbs papildina Ventera st\u0101st\u012bjumu ar vizu\u0101lu dzi\u013cumu. Gr\u0101mata tika prezent\u0113ta R\u012bgas Gr\u0101matu sv\u0113tkos, kas norisin\u0101j\u0101s 24. un 25. oktobr\u012b Latvijas Nacion\u0101laj\u0101 bibliot\u0113k\u0101. \u0160ie sv\u0113tki pulc\u0113ja daudzus izdev\u0113jus, autorus un las\u012bt\u0101jus, radot dz\u012bv\u012bgu un rado\u0161u atmosf\u0113ru.<\/p>\n<p>R\u012bgas Gr\u0101matu sv\u0113tki \u2013 sv\u0113tki gr\u0101matu m\u012b\u013cot\u0101jiem<\/p>\n<p>R\u012bgas Gr\u0101matu sv\u0113tki, kas norisin\u0101j\u0101s Latvijas Nacion\u0101laj\u0101 bibliot\u0113k\u0101, bija iespaid\u012bgs pas\u0101kums, kas pulc\u0113ja tr\u012bsdesmit vienu izdev\u0113ju ar pla\u0161u jaun\u0101ko gr\u0101matu kl\u0101stu. Pas\u0101kuma programma bija daudzveid\u012bga un interesanta gan pieaugu\u0161ajiem, gan b\u0113rniem un jaunie\u0161iem. T\u0101 ietv\u0113ra autoru tik\u0161an\u0101s, diskusijas, darbn\u012bcas un pat detekt\u012bvvakaru ar lomu sp\u0113li mist\u0113rij\u0101 &#8220;Tro\u013c\u013cu m\u0101jas nosl\u0113pums&#8221;.<\/p>\n<p>\u0160ajos sv\u0113tkos \u012bpa\u0161i tika atz\u012bm\u0113ta Eg\u012bla Ventera jaun\u0101 \u012bsrom\u0101nu cikla \u00abAlbatross\u00bb atv\u0113r\u0161ana. T\u0101pat notika tik\u0161an\u0101s ar citiem autoriem, piem\u0113ram, Daci Judinu, un tika prezent\u0113tas jaunas gr\u0101matas. Pas\u0101kums deva iesp\u0113ju las\u012bt\u0101jiem ne tikai ieg\u0101d\u0101ties jaun\u0101k\u0101s gr\u0101matas par izdev\u0113ju cen\u0101m, bet ar\u012b satikt autorus un izdev\u0113jus kl\u0101tien\u0113, k\u0101 ar\u012b piedal\u012bties interesant\u0101s diskusij\u0101s.<\/p>\n<p>R\u012bgas Gr\u0101matu sv\u0113tki ir noz\u012bm\u012bgs notikums Latvijas kult\u016bras dz\u012bv\u0113, kas veicina las\u012b\u0161anas kult\u016bru un atbalsta gr\u0101matizdev\u0113jus. Tie sniedz iesp\u0113ju iepaz\u012bties ar jaun\u0101kaj\u0101m tendenc\u0113m gr\u0101matniec\u012bb\u0101 un satikties ar daudziem interesantiem cilv\u0113kiem no gr\u0101matu pasaules. \u0160ie sv\u0113tki ir k\u0101 aicin\u0101jums ikvienam iev\u0101kt gr\u0101matu ra\u017eu garajiem rudens un ziemas vakariem.<\/p>\n","protected":false},"excerpt":{"rendered":"Jaunums literat\u016bras pasaul\u0113: Eg\u012bla Ventera rom\u0101nu cikls \u00abAlbatross\u00bb sniedz ieskatu cilv\u0113ka dzi\u013cumos Apg\u0101ds &#8220;Dienas Gr\u0101mata&#8221; ar saj\u016bsmu pazi\u0146o&hellip;\n","protected":false},"author":2,"featured_media":30435,"comment_status":"","ping_status":"","sticky":false,"template":"","format":"standard","meta":{"footnotes":""},"categories":[19],"tags":[8323,9230,9229,89,90,35,39,38,3634,36,37,34,40,9231],"class_list":{"0":"post-30434","1":"post","2":"type-post","3":"status-publish","4":"format-standard","5":"has-post-thumbnail","7":"category-izklaide","8":"tag-dienas-gramata","9":"tag-albatross","10":"tag-egils-venteris","11":"tag-entertainment","12":"tag-izklaide","13":"tag-latvia","14":"tag-latvian","15":"tag-latviesu","16":"tag-latviesu-literatura","17":"tag-latviesu-valoda","18":"tag-latviesuvaloda","19":"tag-latvija","20":"tag-lv","21":"tag-mazie-romani"},"share_on_mastodon":{"url":"https:\/\/pubeurope.com\/@lv\/115432375242856677","error":""},"_links":{"self":[{"href":"https:\/\/www.europesays.com\/lv\/wp-json\/wp\/v2\/posts\/30434","targetHints":{"allow":["GET"]}}],"collection":[{"href":"https:\/\/www.europesays.com\/lv\/wp-json\/wp\/v2\/posts"}],"about":[{"href":"https:\/\/www.europesays.com\/lv\/wp-json\/wp\/v2\/types\/post"}],"author":[{"embeddable":true,"href":"https:\/\/www.europesays.com\/lv\/wp-json\/wp\/v2\/users\/2"}],"replies":[{"embeddable":true,"href":"https:\/\/www.europesays.com\/lv\/wp-json\/wp\/v2\/comments?post=30434"}],"version-history":[{"count":0,"href":"https:\/\/www.europesays.com\/lv\/wp-json\/wp\/v2\/posts\/30434\/revisions"}],"wp:featuredmedia":[{"embeddable":true,"href":"https:\/\/www.europesays.com\/lv\/wp-json\/wp\/v2\/media\/30435"}],"wp:attachment":[{"href":"https:\/\/www.europesays.com\/lv\/wp-json\/wp\/v2\/media?parent=30434"}],"wp:term":[{"taxonomy":"category","embeddable":true,"href":"https:\/\/www.europesays.com\/lv\/wp-json\/wp\/v2\/categories?post=30434"},{"taxonomy":"post_tag","embeddable":true,"href":"https:\/\/www.europesays.com\/lv\/wp-json\/wp\/v2\/tags?post=30434"}],"curies":[{"name":"wp","href":"https:\/\/api.w.org\/{rel}","templated":true}]}}