{"id":30444,"date":"2025-10-25T02:21:16","date_gmt":"2025-10-25T02:21:16","guid":{"rendered":"https:\/\/www.europesays.com\/lv\/30444\/"},"modified":"2025-10-25T02:21:16","modified_gmt":"2025-10-25T02:21:16","slug":"saskana-ar-kiniesu-horoskopu-ekstrasenss-atklaja-kam-2026-gada-bus-iespejas-un-kam-parbaudijumi","status":"publish","type":"post","link":"https:\/\/www.europesays.com\/lv\/30444\/","title":{"rendered":"Saska\u0146\u0101 ar \u0137\u012bnie\u0161u horoskopu, ekstrasenss atkl\u0101ja, kam 2026. gad\u0101 b\u016bs iesp\u0113jas un kam \u2013 p\u0101rbaud\u012bjumi"},"content":{"rendered":"<p><img loading=\"lazy\" decoding=\"async\" class=\"lazy lazy-hidden alignnone size-full wp-image-125372\" src=\"data:image\/gif;base64,R0lGODlhAQABAIAAAAAAAP\/\/\/yH5BAEAAAAALAAAAAABAAEAAAIBRAA7\" data-lazy-type=\"image\" data-lazy-src=\"https:\/\/www.europesays.com\/lv\/wp-content\/uploads\/2025\/10\/pexels-olly-720815.jpg\" alt=\"\" width=\"818\" height=\"545\" data-lazy- data-lazy-\/><\/p>\n<p>Uguns Zirga gads s\u0101kas 2026. gada 17. febru\u0101r\u012b \u2014 spilgtu notikumu, drosm\u012bgu l\u0113mumu un br\u012bv\u012bbas alkas laiks. \u0160\u012b stihija iededz p\u0101rmai\u0146u ener\u0123iju, vairo amb\u012bcijas un atmodina v\u0113lmi r\u012bkoties.<\/p>\n<p>Gads nes\u012bs pan\u0101kumus tiem, kas nebaid\u0101s uz\u0146emties iniciat\u012bvu un risk\u0113t savu sap\u0146u v\u0101rd\u0101. Tom\u0113r Uguns sp\u0113kam ir nepiecie\u0161ams iek\u0161\u0113js l\u012bdzsvars: ir svar\u012bgi izvair\u012bties no p\u0101rsteidz\u012bg\u0101m darb\u012bb\u0101m, str\u012bdiem un p\u0101rm\u0113r\u012bgas impulsivit\u0101tes.<\/p>\n<p>Gai\u0161re\u0123e Krist\u012bna Olhovaja skaidro, ko Uguns Zirga gads nes\u012bs katrai \u0137\u012bnie\u0161u zodiaka z\u012bmei.<\/p>\n<p><img loading=\"lazy\" decoding=\"async\" class=\"lazy lazy-hidden alignnone size-full wp-image-125374\" src=\"data:image\/gif;base64,R0lGODlhAQABAIAAAAAAAP\/\/\/yH5BAEAAAAALAAAAAABAAEAAAIBRAA7\" data-lazy-type=\"image\" data-lazy-src=\"https:\/\/www.europesays.com\/lv\/wp-content\/uploads\/2025\/10\/pexels-rdne-6724340.jpg\" alt=\"\" width=\"818\" height=\"545\" data-lazy- data-lazy-\/><\/p>\n<p>\u017durka (1948.; 1960.; 1972.; 1984.; 1996.; 2008.; 2020.)<\/p>\n<p>2026. gads nes\u012bs dinamiku un negaid\u012btus izaicin\u0101jumus. Iesp\u0113jami komand\u0113jumi, virziena mai\u0146a vai jauni projekti. Lai saglab\u0101tu stabilit\u0101ti, esiet elast\u012bgi un diplom\u0101tiski.<\/p>\n<p>M\u012blest\u012bba: iesp\u0113jami p\u0101rpratumu periodi \u2013 nov\u0113rt\u0113jiet uztic\u012bbu un stabilit\u0101ti.<\/p>\n<p>V\u0113rsis (1949.; 1961.; 1973.; 1985.; 1997.; 2009.; 2021.)<\/p>\n<p>Gads ir labv\u0113l\u012bgs karjeras izaugsmei un materi\u0101lo jaut\u0101jumu risin\u0101\u0161anai. J\u016bsu smagais darbs un neatlaid\u012bba tiks paman\u012bta un atalgota. ?<\/p>\n<p>Vesel\u012bba: r\u016bp\u0113jieties par savu mugurkaulu un loc\u012btav\u0101m.<\/p>\n<p><img loading=\"lazy\" decoding=\"async\" class=\"lazy lazy-hidden alignnone size-full wp-image-125379\" src=\"data:image\/gif;base64,R0lGODlhAQABAIAAAAAAAP\/\/\/yH5BAEAAAAALAAAAAABAAEAAAIBRAA7\" data-lazy-type=\"image\" data-lazy-src=\"https:\/\/www.europesays.com\/lv\/wp-content\/uploads\/2025\/10\/pexels-yankrukov-7315537.jpg\" alt=\"\" width=\"818\" height=\"545\" data-lazy- data-lazy-\/><\/p>\n<p>T\u012b\u0123eris (1950.; 1962.; 1974.; 1986.; 1998.; 2010.; 2022.)<\/p>\n<p>Viena no gada veiksm\u012bg\u0101kaj\u0101m z\u012bm\u0113m! Zirga ener\u0123ija pastiprina T\u012b\u0123era harizmu un ap\u0146\u0113m\u012bbu. J\u016bs gaida atzin\u012bba, pan\u0101kumi biznes\u0101 un p\u0113k\u0161\u0146as iesp\u0113jas.<\/p>\n<p>M\u012blest\u012bba: likten\u012bgas pazi\u0146as un vecu alian\u0161u nostiprin\u0101\u0161ana.<\/p>\n<p>Lasi v\u0113l:\u00a0<a style=\"color: #ff0000;\" href=\"https:\/\/abiem.baltic-course.com\/4-augi-kas-palidzes-nonemt-kondensatu-lai-samazinat-mitrumu-majas\/125256\" rel=\"nofollow noopener\" target=\"_blank\">4 augi, kas pal\u012bdz\u0113s no\u0146emt kondens\u0101tu, lai samazin\u0101t mitrumu m\u0101j\u0101s<\/a><\/p>\n<p>Trusis (1951.; 1963.; 1975.; 1987.; 1999.; 2011.; 2023.)<\/p>\n<p>Gads prasa piesardz\u012bbu un p\u0101rdom\u0101t\u012bbu. R\u012bkojieties saudz\u012bgi, izvairieties no atkl\u0101tiem konfliktiem.<\/p>\n<p>M\u012blest\u012bba: harmonija un komforts \u0123imen\u0113.<\/p>\n<p>Padoms: iesaist\u012bties pa\u0161att\u012bst\u012bb\u0101, izgl\u012bt\u012bb\u0101, gar\u012bgaj\u0101s praks\u0113s.<\/p>\n<p><img loading=\"lazy\" decoding=\"async\" class=\"lazy lazy-hidden alignnone size-full wp-image-125381\" src=\"data:image\/gif;base64,R0lGODlhAQABAIAAAAAAAP\/\/\/yH5BAEAAAAALAAAAAABAAEAAAIBRAA7\" data-lazy-type=\"image\" data-lazy-src=\"https:\/\/www.europesays.com\/lv\/wp-content\/uploads\/2025\/10\/pexels-cottonbro-4855552.jpg\" alt=\"\" width=\"818\" height=\"545\" data-lazy- data-lazy-\/><\/p>\n<p>P\u016b\u0137is (1952.; 1964.; 1976.; 1988.; 2000.; 2012.)<\/p>\n<p>J\u016bs gaida akt\u012bvs, notikumiem bag\u0101ts gads. Jaunas pazi\u0146as, spo\u017eas idejas un pied\u0101v\u0101jumi pav\u0113rs jums veiksmes durvis.<\/p>\n<p>M\u012blest\u012bba: romantika, kaisl\u012bba, spilgtas emocijas.<\/p>\n<p>Padoms: nep\u0101rp\u016blieties un sekojiet l\u012bdzi savam emocion\u0101lajam st\u0101voklim.<\/p>\n<p>\u010c\u016bska (1953.; 1965.; 1977.; 1989.; 2001.; 2013.)<\/p>\n<p>Gads ir divdom\u012bgs, bet daudzsolo\u0161s. Darb\u0101 iesp\u0113jamas intrigas, sl\u0113pti pretinieki.<\/p>\n<p>Padoms: labv\u0113l\u012bgs laiks gar\u012bgaj\u0101m praks\u0113m, medit\u0101cijai un intuit\u012bvam darbam.<\/p>\n<p><img loading=\"lazy\" decoding=\"async\" class=\"lazy lazy-hidden alignnone size-full wp-image-125383\" src=\"data:image\/gif;base64,R0lGODlhAQABAIAAAAAAAP\/\/\/yH5BAEAAAAALAAAAAABAAEAAAIBRAA7\" data-lazy-type=\"image\" data-lazy-src=\"https:\/\/www.europesays.com\/lv\/wp-content\/uploads\/2025\/10\/pexels-cottonbro-6109626.jpg\" alt=\"\" width=\"818\" height=\"545\" data-lazy- data-lazy-\/><\/p>\n<p>Zirgs (1954.; 1966.; 1978.; 1990.; 2002.; 2014.)<\/p>\n<p>\u0160is ir j\u016bsu gads \u2014 p\u0101rbaud\u012bjumu un lielisku iesp\u0113ju laiks! Viss, ko j\u016bs uz\u0146ematies, var nest pan\u0101kumus, ja r\u012bkosieties p\u0101rdom\u0101ti.<\/p>\n<p>M\u012blest\u012bba: spilgtas romances, likten\u012bgi l\u0113mumi, kaisl\u012bgas j\u016btas.<\/p>\n<p>Padoms: kontrol\u0113jiet savas emocijas \u2014 p\u0101rm\u0113r\u012bga impulsivit\u0101te var rad\u012bt zaud\u0113jumus.<\/p>\n<p>Aita (1955.; 1967.; 1979.; 1991.; 2003.; 2015.)<\/p>\n<p>Gads ir mier\u012bgs un p\u0101rdom\u0101ts. Koncentr\u0113jieties uz vecu lietu pabeig\u0161anu un savu poz\u012bciju nostiprin\u0101\u0161anu.<\/p>\n<p>M\u012blest\u012bba: tuvinieku atbalsts k\u013c\u016bs par j\u016bsu iedvesmas avotu.<\/p>\n<p>Padoms: r\u016bp\u0113jieties par savu m\u0101ju, rado\u0161umu, hobijiem.<\/p>\n<p><img loading=\"lazy\" decoding=\"async\" class=\"lazy lazy-hidden alignnone size-full wp-image-125385\" src=\"data:image\/gif;base64,R0lGODlhAQABAIAAAAAAAP\/\/\/yH5BAEAAAAALAAAAAABAAEAAAIBRAA7\" data-lazy-type=\"image\" data-lazy-src=\"https:\/\/www.europesays.com\/lv\/wp-content\/uploads\/2025\/10\/pexels-shvets-production-8417246.jpg\" alt=\"\" width=\"818\" height=\"544\" data-lazy- data-lazy-\/><\/p>\n<p>P\u0113rti\u0137is (1956.; 1968.; 1980.; 1992.; 2004.; 2016.)<\/p>\n<p>2026. gads sniegs daudzas iesp\u0113jas karjeras izaugsmei un ideju \u012bsteno\u0161anai.<\/p>\n<p>M\u012blest\u012bba: jaunas aizraujo\u0161as iepaz\u012b\u0161an\u0101s, ta\u010du ir svar\u012bgi b\u016bt god\u012bgam un atkl\u0101tam.<\/p>\n<p>Padoms: lielisks laiks ce\u013co\u0161anai un m\u0101c\u012bb\u0101m.<\/p>\n<p>Lasi v\u0113l:\u00a0<a style=\"color: #ff0000;\" href=\"https:\/\/abiem.baltic-course.com\/horoskops-25-oktobrim-dviniem-jautra-tiksanas-mezazim-parmainas\/125350\" rel=\"nofollow noopener\" target=\"_blank\">Horoskops 25. oktobrim: Dv\u012b\u0146iem \u2013 jautra tik\u0161an\u0101s, Me\u017e\u0101zim \u2013 p\u0101rmai\u0146as<\/a><\/p>\n<p>Gailis (1957.; 1969.; 1981.; 1993.; 2005.; 2017.)<\/p>\n<p>Nopelnu atzin\u012bbas gads! J\u016bs b\u016bsiet uzman\u012bbas centr\u0101, un j\u016bsu sasniegumi tiks nov\u0113rt\u0113ti.<\/p>\n<p>M\u012blest\u012bba: vientu\u013cos cilv\u0113kus gaida aizraujo\u0161as romances, un p\u0101ri stiprin\u0101s savu savien\u012bbu.<\/p>\n<p><img loading=\"lazy\" decoding=\"async\" class=\"lazy lazy-hidden alignnone size-full wp-image-125387\" src=\"data:image\/gif;base64,R0lGODlhAQABAIAAAAAAAP\/\/\/yH5BAEAAAAALAAAAAABAAEAAAIBRAA7\" data-lazy-type=\"image\" data-lazy-src=\"https:\/\/www.europesays.com\/lv\/wp-content\/uploads\/2025\/10\/pexels-mart-production-7252241.jpg\" alt=\"\" width=\"818\" height=\"545\" data-lazy- data-lazy-\/><\/p>\n<p>Suns (1958.; 1970.; 1982.; 1994.; 2006.; 2018.)<\/p>\n<p>2026. gads pras\u012bs iztur\u012bbu un gudr\u012bbu. Iesp\u0113jamas izmai\u0146as darba apst\u0101k\u013cos vai vid\u0113.<\/p>\n<p>M\u012blest\u012bba: izvairieties no greizsird\u012bbas, stipriniet uztic\u012bbu.<\/p>\n<p>Padoms: gads ir labs gar\u012bgai izaugsmei, m\u0101c\u012bb\u0101m, m\u0113r\u0137a atra\u0161anai.<\/p>\n<p>C\u016bka (1959.; 1971.; 1983.; 1995.; 2007.; 2019.)<\/p>\n<p>Harmonijas un labkl\u0101j\u012bbas gads. J\u016bs gaida ietekm\u012bgu cilv\u0113ku pal\u012bdz\u012bba un stabilit\u0101te vis\u0101s jom\u0101s.<\/p>\n<p>M\u012blest\u012bba: romantika, savstarp\u0113ja sapratne, \u0123imenes stiprin\u0101\u0161ana.<\/p>\n<p>Padoms: ide\u0101ls laiks laul\u012bb\u0101m vai sen lolotu sap\u0146u \u012bsteno\u0161anai.<\/p>\n<p>\u0160obr\u012bd daudzi lasa<a class=\"monsterinsights-inline-popular-posts-title\" href=\"https:\/\/abiem.baltic-course.com\/es-vairs-nekad-nevaru-bietes-ne-piles-udens-bez-netiriem-katliem-vai-nepatikamam-smakam\/125211\" rel=\"nofollow noopener\" target=\"_blank\">Es vairs nekad nev\u0101ru bietes \u2013 ne piles \u016bdens, bez net\u012briem katliem vai nepat\u012bkam\u0101m smak\u0101m<\/a><a class=\"monsterinsights-inline-popular-posts-title\" href=\"https:\/\/abiem.baltic-course.com\/patikamas-zinas-visiem-lidl-veikalu-cienitajiem-tagad-visiem-tas-bus-pa-rokai\/125236\" rel=\"nofollow noopener\" target=\"_blank\">Pat\u012bkamas zi\u0146as visiem \u201cLIDL\u201d veikalu cien\u012bt\u0101jiem: tagad visiem tas b\u016bs pa rokai<\/a><\/p>\n","protected":false},"excerpt":{"rendered":"Uguns Zirga gads s\u0101kas 2026. gada 17. febru\u0101r\u012b \u2014 spilgtu notikumu, drosm\u012bgu l\u0113mumu un br\u012bv\u012bbas alkas laiks. \u0160\u012b&hellip;\n","protected":false},"author":2,"featured_media":30445,"comment_status":"","ping_status":"","sticky":false,"template":"","format":"standard","meta":{"footnotes":""},"categories":[19],"tags":[89,90,35,39,38,36,37,34,40],"class_list":{"0":"post-30444","1":"post","2":"type-post","3":"status-publish","4":"format-standard","5":"has-post-thumbnail","7":"category-izklaide","8":"tag-entertainment","9":"tag-izklaide","10":"tag-latvia","11":"tag-latvian","12":"tag-latviesu","13":"tag-latviesu-valoda","14":"tag-latviesuvaloda","15":"tag-latvija","16":"tag-lv"},"share_on_mastodon":{"url":"https:\/\/pubeurope.com\/@lv\/115432422315310789","error":""},"_links":{"self":[{"href":"https:\/\/www.europesays.com\/lv\/wp-json\/wp\/v2\/posts\/30444","targetHints":{"allow":["GET"]}}],"collection":[{"href":"https:\/\/www.europesays.com\/lv\/wp-json\/wp\/v2\/posts"}],"about":[{"href":"https:\/\/www.europesays.com\/lv\/wp-json\/wp\/v2\/types\/post"}],"author":[{"embeddable":true,"href":"https:\/\/www.europesays.com\/lv\/wp-json\/wp\/v2\/users\/2"}],"replies":[{"embeddable":true,"href":"https:\/\/www.europesays.com\/lv\/wp-json\/wp\/v2\/comments?post=30444"}],"version-history":[{"count":0,"href":"https:\/\/www.europesays.com\/lv\/wp-json\/wp\/v2\/posts\/30444\/revisions"}],"wp:featuredmedia":[{"embeddable":true,"href":"https:\/\/www.europesays.com\/lv\/wp-json\/wp\/v2\/media\/30445"}],"wp:attachment":[{"href":"https:\/\/www.europesays.com\/lv\/wp-json\/wp\/v2\/media?parent=30444"}],"wp:term":[{"taxonomy":"category","embeddable":true,"href":"https:\/\/www.europesays.com\/lv\/wp-json\/wp\/v2\/categories?post=30444"},{"taxonomy":"post_tag","embeddable":true,"href":"https:\/\/www.europesays.com\/lv\/wp-json\/wp\/v2\/tags?post=30444"}],"curies":[{"name":"wp","href":"https:\/\/api.w.org\/{rel}","templated":true}]}}