{"id":30448,"date":"2025-10-25T02:33:06","date_gmt":"2025-10-25T02:33:06","guid":{"rendered":"https:\/\/www.europesays.com\/lv\/30448\/"},"modified":"2025-10-25T02:33:06","modified_gmt":"2025-10-25T02:33:06","slug":"kimai-kardasjanai-diagnostice-nopietnu-slimibu-vina-pie-tas-vaino-bijuso-viru-santa","status":"publish","type":"post","link":"https:\/\/www.europesays.com\/lv\/30448\/","title":{"rendered":"Kimai Karda\u0161janai diagnostic\u0113 nopietnu slim\u012bbu. Vi\u0146a pie t\u0101s vaino biju\u0161o v\u012bru \u2014 Santa"},"content":{"rendered":"<p>Ceturtdien tika public\u0113ts neliels ieskats taj\u0101, kas sagaid\u0101ms daudzu iem\u012b\u013cotaj\u0101 realit\u0101tes \u0161ov\u0101 \u00abKarda\u0161janas\u00bb un taj\u0101 atkl\u0101ts, ka influenceru klana galvenajai zvaigznei Kimai ir atkl\u0101ta aneirisma. \u00abMan ir neliela aneirisma,\u00bb klip\u0101 saka Karda\u0161jana. Turpm\u0101kajos kadros redzams, ka Kima jau ir g\u016blusies magn\u0113tisk\u0101s rezonanses iek\u0101rt\u0101, bet p\u0113c tam apspriedusi, ka \u0161o kaiti vi\u0146ai rad\u012bjis stress \u2013 darbs, \u010detri b\u0113rni un \u0161\u0137ir\u0161an\u0101s no v\u012bra Kanje Vesta.<\/p>\n<p>\u00abCilv\u0113ki dom\u0101, ka man ir t\u0101 ekskluz\u012bv\u0101 iesp\u0113ja vienk\u0101r\u0161i aiziet prom. Bet mans biju\u0161ais vienm\u0113r b\u016bs man\u0101 dz\u012bv\u0113,\u00bb nosaka Kima. Iepriek\u0161 influencere bija sac\u012bjusi, ka vi\u0146ai ir atgriezusies psori\u0101ze p\u0113c tam, kad vi\u0146u Kanje izvedis no paciet\u012bbas.<\/p>\n<p>Galvas smadze\u0146u asinsvadu aneirisma ir maisveida papla\u0161in\u0101jums k\u0101d\u0101 no galvas smadze\u0146u art\u0113rij\u0101m (bie\u017e\u0101k aort\u0101), ko rad\u012bjis iedzimts vai dz\u012bves laik\u0101 ieg\u016bts asinsvadu sieni\u0146as boj\u0101jums. Piepildoties ar asin\u012bm, art\u0113rijas papla\u0161in\u0101jums sp\u0113j \u012bs\u0101 laik\u0101 pieaugt izm\u0113ros, un rezult\u0101t\u0101 aneirisma s\u0101k rad\u012bt spiedienu uz smadze\u0146u audiem un nervu galiem, t\u0101d\u0113j\u0101di<\/p>\n<blockquote><p>&#13;<\/p>\n<p>pasliktinot asinsriti smadzen\u0113s un izraisot sp\u0113c\u012bgas galvass\u0101pes un citus ak\u016btus simptomus. <\/p>\n<p>&#13;\n<\/p><\/blockquote>\n<p>Papla\u0161in\u0101jumam pl\u012bstot, galvas smadzen\u0113s notiek\u00a0asinsizpl\u016bdums, kas var provoc\u0113t neirolo\u0123iska spektra trauc\u0113jumus, bet smag\u0101kos gad\u012bjumos \u2013 ar\u012b n\u0101ves iest\u0101\u0161anos.<\/p>\n<p>\u00a0<\/p>\n<p>        <img decoding=\"async\" class=\"no-convert\" alt=\"\" data-init=\"lazy-image\" src=\"https:\/\/www.europesays.com\/lv\/wp-content\/uploads\/2025\/10\/1cb95fd2e1d1.jpg\"\/><a target=\"_self\" href=\"https:\/\/www.santa.lv\/raksts\/ievasveseliba\/kadas-pazimes-var-zinot-ka-tev-ir-aneirisma-ne-tikai-galvassapes-64584\/\" aria-label=\"K\u0101das paz\u012bmes var zi\u0146ot, ka tev ir aneirisma? Ne tikai galvass\u0101pes!\" rel=\"nofollow noopener\"><img decoding=\"async\" class=\"no-convert\" data-init=\"lazy-image\" alt=\"K\u0101das paz\u012bmes var zi\u0146ot, ka tev ir aneirisma? Ne tikai galvass\u0101pes!\" src=\"https:\/\/www.europesays.com\/lv\/wp-content\/uploads\/2025\/10\/small_647edd6285aaf.jpg\"\/>Vija Stepi\u0146a-Baikova<img decoding=\"async\" class=\"no-convert\" alt=\"\" data-init=\"lazy-image\" src=\"https:\/\/www.europesays.com\/lv\/wp-content\/uploads\/2025\/10\/84bc3dd67122.jpg\"\/><a target=\"_self\" href=\"https:\/\/www.santa.lv\/raksts\/personibas\/aizgaja-teva-pedas.-modes-dama-kima-kardasjana-bus-juriste-74233\/\" aria-label=\"Aizg\u0101ja t\u0113va p\u0113d\u0101s. Modes d\u0101ma Kima Karda\u0161jana b\u016bs juriste\" rel=\"nofollow noopener\"><\/p>\n<p>Estere Jansone<\/p>\n<p><img decoding=\"async\" class=\"no-convert\" alt=\"\" data-init=\"lazy-image\" src=\"https:\/\/www.europesays.com\/lv\/wp-content\/uploads\/2025\/10\/1b4381a0ddb3.jpg\"\/><a target=\"_self\" href=\"https:\/\/www.santa.lv\/raksts\/izklaide\/foto-tik-saurs-viduklis-vel-nebija-redzets-kima-kardasjana-uzstive-moku-terpu-65155\/\" aria-label=\"FOTO: Tik \u0161aurs viduklis v\u0113l nebija redz\u0113ts! &lt;strong&gt;Kima Karda\u0161jana uzst\u012bv\u0113 moku t\u0113rpu&lt;\/strong&gt;\" rel=\"nofollow noopener\"><\/p>\n<p>Estere Jansone<\/p>\n","protected":false},"excerpt":{"rendered":"Ceturtdien tika public\u0113ts neliels ieskats taj\u0101, kas sagaid\u0101ms daudzu iem\u012b\u013cotaj\u0101 realit\u0101tes \u0161ov\u0101 \u00abKarda\u0161janas\u00bb un taj\u0101 atkl\u0101ts, ka influenceru&hellip;\n","protected":false},"author":2,"featured_media":30449,"comment_status":"","ping_status":"","sticky":false,"template":"","format":"standard","meta":{"footnotes":""},"categories":[5],"tags":[23,28,29,32,33,22,30,31,35,39,38,36,37,34,40,20,26,27,24,25,21],"class_list":{"0":"post-30448","1":"post","2":"type-post","3":"status-publish","4":"format-standard","5":"has-post-thumbnail","7":"category-aktualitates","8":"tag-aktualitates","9":"tag-breaking-news","10":"tag-breakingnews","11":"tag-featured-news","12":"tag-featurednews","13":"tag-headlines","14":"tag-latest-news","15":"tag-latestnews","16":"tag-latvia","17":"tag-latvian","18":"tag-latviesu","19":"tag-latviesu-valoda","20":"tag-latviesuvaloda","21":"tag-latvija","22":"tag-lv","23":"tag-news","24":"tag-popularakas-zinas","25":"tag-popularakaszinas","26":"tag-top-stories","27":"tag-topstories","28":"tag-zinas"},"share_on_mastodon":{"url":"https:\/\/pubeurope.com\/@lv\/115432469535861991","error":""},"_links":{"self":[{"href":"https:\/\/www.europesays.com\/lv\/wp-json\/wp\/v2\/posts\/30448","targetHints":{"allow":["GET"]}}],"collection":[{"href":"https:\/\/www.europesays.com\/lv\/wp-json\/wp\/v2\/posts"}],"about":[{"href":"https:\/\/www.europesays.com\/lv\/wp-json\/wp\/v2\/types\/post"}],"author":[{"embeddable":true,"href":"https:\/\/www.europesays.com\/lv\/wp-json\/wp\/v2\/users\/2"}],"replies":[{"embeddable":true,"href":"https:\/\/www.europesays.com\/lv\/wp-json\/wp\/v2\/comments?post=30448"}],"version-history":[{"count":0,"href":"https:\/\/www.europesays.com\/lv\/wp-json\/wp\/v2\/posts\/30448\/revisions"}],"wp:featuredmedia":[{"embeddable":true,"href":"https:\/\/www.europesays.com\/lv\/wp-json\/wp\/v2\/media\/30449"}],"wp:attachment":[{"href":"https:\/\/www.europesays.com\/lv\/wp-json\/wp\/v2\/media?parent=30448"}],"wp:term":[{"taxonomy":"category","embeddable":true,"href":"https:\/\/www.europesays.com\/lv\/wp-json\/wp\/v2\/categories?post=30448"},{"taxonomy":"post_tag","embeddable":true,"href":"https:\/\/www.europesays.com\/lv\/wp-json\/wp\/v2\/tags?post=30448"}],"curies":[{"name":"wp","href":"https:\/\/api.w.org\/{rel}","templated":true}]}}