{"id":30450,"date":"2025-10-25T02:39:22","date_gmt":"2025-10-25T02:39:22","guid":{"rendered":"https:\/\/www.europesays.com\/lv\/30450\/"},"modified":"2025-10-25T02:39:22","modified_gmt":"2025-10-25T02:39:22","slug":"plasas-debates-par-valodu-diena","status":"publish","type":"post","link":"https:\/\/www.europesays.com\/lv\/30450\/","title":{"rendered":"Pla\u0161as debates par valodu \/ Diena"},"content":{"rendered":"<p>\t\t&#13;<\/p>\n<p>Saeim\u0101 vakar pirmo reizi tika skat\u012bts Ministru kabineta sagatavotais zi\u0146ojums par paveikto un iecer\u0113to darb\u012bbu valsts valodas saglab\u0101\u0161an\u0101, aizsardz\u012bb\u0101, att\u012bst\u012b\u0161an\u0101 un ietekmes palielin\u0101\u0161an\u0101. P\u0113c izgl\u012bt\u012bbas un zin\u0101tnes ministres Daces Melb\u0101rdes (JV) izv\u0113rst\u0101s uzst\u0101\u0161an\u0101s notika pla\u0161as debates, kur\u0101s atkl\u0101j\u0101s da\u017e\u0101du politisko sp\u0113ku skat\u012bjums uz valodas politikas jaut\u0101jumiem.<\/p>\n<p>&#13;<br \/>\n&#13;<\/p>\n<p>Debat\u0113s piedal\u012bj\u0101s ar\u012b kult\u016bras ministre Agnese L\u0101ce (Progres\u012bvie) un \u0101rlietu ministre Baiba Bra\u017ee (JV), k\u0101 ar\u012b Tieslietu ministrijas parlament\u0101r\u0101 sekret\u0101re Lauma Paeg\u013ckalna (JV).<\/p>\n<p>&#13;<br \/>\n&#13;<\/p>\n<p>Iez\u012bm\u0113 probl\u0113mas <\/p>\n<p>&#13;<br \/>\n&#13;<\/p>\n<p>\u00abAr\u012b vair\u0101k nek\u0101 30 gadu p\u0113c neatkar\u012bbas ieg\u016b\u0161anas v\u0113rojama nepiecie\u0161am\u012bba nov\u0113rst padomju okup\u0101cijas sekas, jo diem\u017e\u0113l diezgan iev\u0113rojama Latvijas valstspieder\u012bgo da\u013ca izv\u0113las valsts valodu joproj\u0101m nelietot,\u00bb raksturojot situ\u0101ciju, nor\u0101d\u012bja D. Melb\u0101rde. Vi\u0146a atg\u0101din\u0101ja rakstnieka Alberta Bela teikto: \u00abNe valodu c\u012b\u0146a ir vajadz\u012bga, bet valodu cie\u0146a,\u00bb piebilstot, ka \u00abst\u0101voklis ir tik aizlaists, ka aicin\u0101jumi nevelk.\u00a0Kur nevar ar l\u016bgumu, vajag ar likumu. Un j\u0101atz\u012bst, ka likuma vara valodas aizsarg\u0101\u0161anai joproj\u0101m ir aktu\u0101la\u00bb.\u00a0<\/p>\n<p>&#13;<\/p>\n<p>Visu rakstu lasiet av\u012bzes Diena piektdienas, 24. oktobra, numur\u0101! Ja v\u0113laties laikraksta saturu turpm\u0101k las\u012bt druk\u0101t\u0101 form\u0101t\u0101, to iesp\u0113jams abon\u0113t <a href=\"https:\/&lt;b&gt;+&lt;\/strong&gt;&lt;\/p&gt;&#9;&#13;&#10;&#9;&#9;&#9;&lt;footer&gt;&#13;&#10;&#9;&#9;&lt;p&gt;&#13;&#10;&#9;&#9;&#9;&lt;strong&gt;&#13;&#10;&#9;&#9;&#9;&#9;Raksta pilno versiju var ieg\u0101d\u0101ties ar\u012b port\u0101l\u0101 Diena.lv - autoriz\u0113jies,  &lt;a href=\" https:=\"\" onclick=\"Diena.user.showLogin()\">klik\u0161\u0137inot \u0161eit!<\/a>&#13;<br \/>\n\t\t\t&#13;\n\t\t<\/p>\n<p class=\"paid-article-text__price\">&#13;<br \/>\n\t\t\tRaksta cena: \u20ac0.40&#13;\n\t\t<\/p>\n<p class=\"more\">&#13;<br \/>\n\t\t\t&#13;<br \/>\n\t\t\t<a target=\"_blank\" href=\"https:\/\/www.diena.lv\/maksas-saturs\" rel=\"nofollow noopener\">Vair\u0101k inform\u0101cijas<\/a>&#13;\n\t\t<\/p>\n","protected":false},"excerpt":{"rendered":"&#13; Saeim\u0101 vakar pirmo reizi tika skat\u012bts Ministru kabineta sagatavotais zi\u0146ojums par paveikto un iecer\u0113to darb\u012bbu valsts valodas&hellip;\n","protected":false},"author":2,"featured_media":30451,"comment_status":"","ping_status":"","sticky":false,"template":"","format":"standard","meta":{"footnotes":""},"categories":[5],"tags":[23,28,29,32,33,22,30,31,35,39,38,36,37,34,40,20,26,27,24,25,21],"class_list":{"0":"post-30450","1":"post","2":"type-post","3":"status-publish","4":"format-standard","5":"has-post-thumbnail","7":"category-aktualitates","8":"tag-aktualitates","9":"tag-breaking-news","10":"tag-breakingnews","11":"tag-featured-news","12":"tag-featurednews","13":"tag-headlines","14":"tag-latest-news","15":"tag-latestnews","16":"tag-latvia","17":"tag-latvian","18":"tag-latviesu","19":"tag-latviesu-valoda","20":"tag-latviesuvaloda","21":"tag-latvija","22":"tag-lv","23":"tag-news","24":"tag-popularakas-zinas","25":"tag-popularakaszinas","26":"tag-top-stories","27":"tag-topstories","28":"tag-zinas"},"share_on_mastodon":{"url":"https:\/\/pubeurope.com\/@lv\/115432493137605032","error":""},"_links":{"self":[{"href":"https:\/\/www.europesays.com\/lv\/wp-json\/wp\/v2\/posts\/30450","targetHints":{"allow":["GET"]}}],"collection":[{"href":"https:\/\/www.europesays.com\/lv\/wp-json\/wp\/v2\/posts"}],"about":[{"href":"https:\/\/www.europesays.com\/lv\/wp-json\/wp\/v2\/types\/post"}],"author":[{"embeddable":true,"href":"https:\/\/www.europesays.com\/lv\/wp-json\/wp\/v2\/users\/2"}],"replies":[{"embeddable":true,"href":"https:\/\/www.europesays.com\/lv\/wp-json\/wp\/v2\/comments?post=30450"}],"version-history":[{"count":0,"href":"https:\/\/www.europesays.com\/lv\/wp-json\/wp\/v2\/posts\/30450\/revisions"}],"wp:featuredmedia":[{"embeddable":true,"href":"https:\/\/www.europesays.com\/lv\/wp-json\/wp\/v2\/media\/30451"}],"wp:attachment":[{"href":"https:\/\/www.europesays.com\/lv\/wp-json\/wp\/v2\/media?parent=30450"}],"wp:term":[{"taxonomy":"category","embeddable":true,"href":"https:\/\/www.europesays.com\/lv\/wp-json\/wp\/v2\/categories?post=30450"},{"taxonomy":"post_tag","embeddable":true,"href":"https:\/\/www.europesays.com\/lv\/wp-json\/wp\/v2\/tags?post=30450"}],"curies":[{"name":"wp","href":"https:\/\/api.w.org\/{rel}","templated":true}]}}