{"id":30452,"date":"2025-10-25T02:45:23","date_gmt":"2025-10-25T02:45:23","guid":{"rendered":"https:\/\/www.europesays.com\/lv\/30452\/"},"modified":"2025-10-25T02:45:23","modified_gmt":"2025-10-25T02:45:23","slug":"lnb-aicina-parakstit-vesturisku-manifestu-tiesibas-uz-lasisanu","status":"publish","type":"post","link":"https:\/\/www.europesays.com\/lv\/30452\/","title":{"rendered":"LNB aicina parakst\u012bt v\u0113sturisku manifestu &#8220;Ties\u012bbas uz las\u012b\u0161anu&#8221;"},"content":{"rendered":"<p><a rel=\"noopener nofollow\" target=\"_blank\" href=\"https:\/\/www.delfi.lv\/temas\/41646907\/latvijas-nacionala-biblioteka\" tag-id=\"41646907\">Latvijas Nacion\u0101l\u0101 bibliot\u0113ka<\/a> (LNB) no piektdienas, 24. oktobra, pulksten 17 ikvienu sabiedr\u012bbas p\u0101rst\u0101vi aicina l\u012bdzdal\u012bbas platform\u0101 <a rel=\"noopener nofollow\" target=\"_blank\" href=\"https:\/\/manabalss.lv\/\" data-rel-date-range=\"[]\">&#8220;Mana balss&#8221; <\/a>parakst\u012bt R\u012bgas manifestu &#8220;Ties\u012bbas uz las\u012b\u0161anu&#8221; par katra cilv\u0113ka individu\u0101lo un sabiedr\u012bbas kop\u012bgo gribu stiprin\u0101t las\u012b\u0161anu k\u0101 vienu no n\u0101cijas past\u0101v\u0113\u0161anas un ilgtsp\u0113jas priek\u0161noteikumiem.<\/p>\n<p>R\u012bgas manifests &#8220;Ties\u012bbas uz las\u012b\u0161anu&#8221; uzsver las\u012b\u0161anas un kritisk\u0101s dom\u0101\u0161anas noz\u012bmi un potenci\u0101lu digit\u0101l\u0101s pasaules un informat\u012bvo apdraud\u0113jumu apst\u0101k\u013cos. Manifests un nacion\u0101la l\u012bme\u0146a las\u012b\u0161anas strat\u0113\u0123ija top p\u0113c LNB iniciat\u012bvas, iesaistot starpdisciplin\u0101ru ekspertu un sabiedr\u012bbas p\u0101rst\u0101vju komandu. T\u0101 centr\u0101 ir ideja, ka las\u012b\u0161ana ir pamatties\u012bbas, kas j\u0101nodro\u0161ina vienl\u012bdz\u012bgi \u2013 neatkar\u012bgi no ien\u0101kumiem, izgl\u012bt\u012bbas, vesel\u012bbas vai atra\u0161an\u0101s vietas, \u012bpa\u0161i uzsverot ties\u012bbas las\u012bt latvie\u0161u valod\u0101.<\/p>\n<p>Vai Latvijas n\u0101kotne b\u016bs laso\u0161as un kritiski dom\u0101jo\u0161as sabiedr\u012bbas rok\u0101s? To noteiks m\u016bsu \u0161odienas izv\u0113les un r\u012bc\u012bba, v\u0113sta LNB.<\/p>\n<p>Manifesta autores: Latvijas Nacion\u0101l\u0101s bibliot\u0113kas direktore Dagnija Balti\u0146a un P\u0113tniec\u012bbas un interpret\u0101cijas centra vad\u012bt\u0101ja Maija Treile.<\/p>\n<p>Darba grupa: Alise Avota, Aiga Balode, Ieva Be\u010dere, Nat\u0101lija \u010cer\u0146ecka, Pauls Daija, Inga Grencberga, Baiba \u012av\u0101ne, Helma Elv\u012bra Kri\u017eevica, M\u0101rti\u0146\u0161 Kri\u017eevics, Katr\u012bna Kukaine, M\u0101ra Liepniece, Nellija Lo\u010dmele, Ir\u012bna Me\u013c\u0146ika, Sanita Osipova, J\u0101nis Palkavnieks, Ren\u0101te Punka, Aiva Rozenberga, Zanda Rubene, Ingr\u012bda Segli\u0146a, Lelde Se\u0146ko, Inga Sindi, Anita Smeltere, Silvija Tretjakova, Laura Turlaja, Anita Veckalne, Latvijas Nacion\u0101l\u0101s bibliot\u0113kas Atbalsta biedr\u012bba.<\/p>\n<p>R\u012bgas manifests tiks pie\u0146emts simpozij\u0101 R\u012bgas Gr\u0101matu sv\u0113tku laik\u0101, 24. oktobr\u012b. LNB notikumu cikla &#8220;Latvie\u0161u gr\u0101matai 500&#8221; z\u012bm\u0113 paredz\u0113tais simpozijs &#8220;Ties\u012bbas uz las\u012b\u0161anu. R\u012bgas manifests&#8221; pulc\u0113s sabiedr\u012bbas person\u012bbas, kas akcent\u0113s nepiecie\u0161amo r\u012bc\u012bbu un pamatojumu kvalitat\u012bvai las\u012b\u0161anai k\u0101 n\u0101cijas past\u0101v\u0113\u0161anas un ilgtsp\u0113jas priek\u0161noteikumam. Dal\u012bba simpozij\u0101 ir bez maksas.<\/p>\n<p><a rel=\"noopener nofollow\" target=\"_blank\" href=\"https:\/\/www.biblioteka.lv\/wp-content\/uploads\/2025\/10\/Programma_Lasisanas-simpozijs_2025__.pdf\" data-rel-date-range=\"[]\">PROGRAMMA<\/a><\/p>\n<p>Starptautiskaj\u0101 simpozij\u0101 paredz\u0113ts apl\u016bkot c\u0113lo\u0146sakar\u012bbas starp las\u012b\u0161anu un valstiskumu, dro\u0161\u012bbu, kritisko dom\u0101\u0161anu, digit\u0101laj\u0101m tehnolo\u0123ij\u0101m un m\u0101ksl\u012bgo intelektu. K\u0101p\u0113c svar\u012bgi pan\u0101kt ikviena cilv\u0113ka iek\u013cau\u0161anu las\u012b\u0161an\u0101, k\u0101 un k\u0101p\u0113c \u0123imen\u0113 Latvij\u0101 un diaspor\u0101 veicin\u0101t las\u012b\u0161anu un k\u0101 las\u012b\u0161ana darba viet\u0101 var pan\u0101kt inov\u0101ciju un labv\u0113l\u012bg\u0101kus apst\u0101k\u013cus komand\u0101. Simpoziju uzrun\u0101s kult\u016bras ministre Agnese L\u0101ce, izgl\u012bt\u012bbas un zin\u0101tnes ministre Dace Melb\u0101rde, R\u012bgas m\u0113rs Viesturs Kleinbergs.<\/p>\n<p>Augst\u0101k\u0101s tiesas Civillietu departamenta senatore un Latvijas Universit\u0101tes Juridisk\u0101s fakult\u0101tes profesore Sanita Osipova uzsv\u0113rs las\u012btprasmi k\u0101 vienu no priek\u0161noteikumiem latvie\u0161u k\u0101 valstsn\u0101cijas izveidei. Latvijas Universit\u0101tes profesore un digit\u0101l\u0101s b\u0113rn\u012bbas p\u0113tniece Zanda Rubene raksturos las\u012b\u0161anu digit\u0101laj\u0101 laikmet\u0101, iz\u0161\u0137irot digit\u0101lo las\u012btprasmi un line\u0101ro jeb l\u0113no un dzi\u013co las\u012b\u0161anu.<\/p>\n<p>M\u0101ksl\u012bg\u0101 intelekta centra direktore Nat\u0101lija \u010cer\u0146ecka uzst\u0101\u0161an\u0101s laik\u0101 run\u0101s par to, k\u0101 gr\u0101matas ar savu ilgo v\u0113sturi pal\u012bdz mums izprast m\u0101ksl\u012bg\u0101 intelekta ra\u0161anos un t\u0101 izmanto\u0161anu, savuk\u0101rt \u017eurn\u0101la &#8220;Ir&#8221; galven\u0101 redaktore Nellija Lo\u010dmele uzsv\u0113rs, k\u0101p\u0113c las\u012b\u0161ana un kritisk\u0101 dom\u0101\u0161ana ir cie\u0161i saist\u012btas. Latvijas Bibliotek\u0101ru biedr\u012bbas un Latvijas St\u0101stnieku asoci\u0101cijas biedre, Salaspils novada bibliot\u0113kas galven\u0101 bibliogr\u0101fe Baiba \u012av\u0101ne uzskata, ka bibliot\u0113k\u0101s m\u012bt sp\u0113ks, kas var stiprin\u0101t kopienas, t\u0101p\u0113c simpozij\u0101 aicin\u0101s kl\u0101teso\u0161os uzdot sev jaut\u0101jumu, vai bibliot\u0113kas ir vietas, kas caur las\u012b\u0161anas pieredzi sniedz dro\u0161\u012bbu un patv\u0113rumu un vai las\u012b\u0161ana ir intelektu\u0101l\u0101s br\u012bv\u012bbas vai manipul\u0101cijas akts?<\/p>\n<p>Kust\u012bbas #LaiksLas\u012bt idejas autore un dibin\u0101t\u0101ja, pieaugu\u0161o las\u012b\u0161anas klubu akt\u012bviste un ment\u0101l\u0101s vesel\u012bbas v\u0113stnese Inga Grencberga, balstoties sav\u0101 pieredz\u0113, dal\u012bsies ar piem\u0113riem, k\u0101p\u0113c las\u012b\u0161ana un gr\u0101matas ir svar\u012bgas korporat\u012bvaj\u0101 vid\u0113, radot inov\u0101cijas darba vid\u0113 un veicinot darbinieku labb\u016bt\u012bbu.<\/p>\n<p>Biedr\u012bbas &#8220;Latvijas Autisma apvien\u012bba&#8221; vad\u012bt\u0101ja L\u012bga B\u0113rzi\u0146a aicin\u0101s aizdom\u0101ties, k\u0101p\u0113c las\u012b\u0161ana ir b\u016btiska visiem sabiedr\u012bbas locek\u013ciem, savuk\u0101rt raidieraksta &#8220;V\u0101rti&#8221; veidot\u0101ja, p\u0113tniece Inga Sindi st\u0101st\u012bs, k\u0101 las\u012bt gr\u0101matas latviski, kad att\u0101lums no Latvijas m\u0113rojams t\u016bksto\u0161os kilometru un k\u0101 p\u0101rvar\u0113t \u0161\u0137\u0113r\u0161\u013cus ne tikai pieejam\u012bbas, bet ar\u012b valodas un satura izpratnes zi\u0146\u0101. Simpoziju uzrun\u0101s ar\u012b laso\u0161\u0101s Kri\u017eevicu \u0123imenes p\u0101rst\u0101vji \u2013 t\u0113tis M\u0101rti\u0146\u0161 un meita Helma Elv\u012bra, jaut\u0101jot \u2013 las\u012b\u0161ana \u0123imen\u0113 ir sods vai izklaide?<\/p>\n<p>Starptautiskais simpozijs las\u012b\u0161anas un gr\u0101matu n\u0101kotnei norisin\u0101s R\u012bgas Gr\u0101matu sv\u0113tkos, ko atbalsta R\u012bgas valstspils\u0113tas pa\u0161vald\u012bba. Simpoziju r\u012bko Latvijas Nacion\u0101l\u0101 bibliot\u0113ka un Latvijas Gr\u0101matizdev\u0113ju asoci\u0101cija. Notikumu ciklu &#8220;Latvie\u0161u gr\u0101matai 500&#8221; atbalsta LR Kult\u016bras ministrija un Valsts kult\u016brkapit\u0101la fonds.<\/p>\n<p class=\"m-0\">Seko &#8220;Delfi&#8221; ar\u012b  <a target=\"_blank\" href=\"https:\/\/www.instagram.com\/delfi.lv\/\" rel=\"nofollow noopener\">Instagram<\/a>  un <a target=\"_blank\" href=\"https:\/\/www.youtube.com\/channel\/UCw5foWtcJvAbUm64rv7jwUQ\" rel=\"nofollow noopener\">YouTube<\/a>  profil\u0101 \u2013 pievienojies, lai uzzin\u0101tu svar\u012bg\u0101ko un interesant\u0101ko pirmais!<\/p>\n<p>Publik\u0101cijas saturs vai t\u0101s jebk\u0101da apjoma da\u013ca ir aizsarg\u0101ts autorties\u012bbu objekts Autorties\u012bbu likuma izpratn\u0113, un t\u0101 izmanto\u0161ana bez izdev\u0113ja at\u013caujas ir aizliegta. Vair\u0101k lasi  <a target=\"_blank\" href=\"https:\/\/www.delfi.lv\/noteikumi#autortiesibas\" rel=\"nofollow noopener\">\u0161eit<\/a><script async src=\"\/\/www.instagram.com\/embed.js\"><\/script><\/p>\n","protected":false},"excerpt":{"rendered":"Latvijas Nacion\u0101l\u0101 bibliot\u0113ka (LNB) no piektdienas, 24. oktobra, pulksten 17 ikvienu sabiedr\u012bbas p\u0101rst\u0101vi aicina l\u012bdzdal\u012bbas platform\u0101 &#8220;Mana balss&#8221;&hellip;\n","protected":false},"author":2,"featured_media":30453,"comment_status":"","ping_status":"","sticky":false,"template":"","format":"standard","meta":{"footnotes":""},"categories":[5],"tags":[23,28,29,32,33,22,30,31,35,39,38,36,37,34,7251,40,20,26,27,24,25,21],"class_list":{"0":"post-30452","1":"post","2":"type-post","3":"status-publish","4":"format-standard","5":"has-post-thumbnail","7":"category-aktualitates","8":"tag-aktualitates","9":"tag-breaking-news","10":"tag-breakingnews","11":"tag-featured-news","12":"tag-featurednews","13":"tag-headlines","14":"tag-latest-news","15":"tag-latestnews","16":"tag-latvia","17":"tag-latvian","18":"tag-latviesu","19":"tag-latviesu-valoda","20":"tag-latviesuvaloda","21":"tag-latvija","22":"tag-latvijas-nacionala-biblioteka","23":"tag-lv","24":"tag-news","25":"tag-popularakas-zinas","26":"tag-popularakaszinas","27":"tag-top-stories","28":"tag-topstories","29":"tag-zinas"},"share_on_mastodon":{"url":"https:\/\/pubeurope.com\/@lv\/115432516707166520","error":""},"_links":{"self":[{"href":"https:\/\/www.europesays.com\/lv\/wp-json\/wp\/v2\/posts\/30452","targetHints":{"allow":["GET"]}}],"collection":[{"href":"https:\/\/www.europesays.com\/lv\/wp-json\/wp\/v2\/posts"}],"about":[{"href":"https:\/\/www.europesays.com\/lv\/wp-json\/wp\/v2\/types\/post"}],"author":[{"embeddable":true,"href":"https:\/\/www.europesays.com\/lv\/wp-json\/wp\/v2\/users\/2"}],"replies":[{"embeddable":true,"href":"https:\/\/www.europesays.com\/lv\/wp-json\/wp\/v2\/comments?post=30452"}],"version-history":[{"count":0,"href":"https:\/\/www.europesays.com\/lv\/wp-json\/wp\/v2\/posts\/30452\/revisions"}],"wp:featuredmedia":[{"embeddable":true,"href":"https:\/\/www.europesays.com\/lv\/wp-json\/wp\/v2\/media\/30453"}],"wp:attachment":[{"href":"https:\/\/www.europesays.com\/lv\/wp-json\/wp\/v2\/media?parent=30452"}],"wp:term":[{"taxonomy":"category","embeddable":true,"href":"https:\/\/www.europesays.com\/lv\/wp-json\/wp\/v2\/categories?post=30452"},{"taxonomy":"post_tag","embeddable":true,"href":"https:\/\/www.europesays.com\/lv\/wp-json\/wp\/v2\/tags?post=30452"}],"curies":[{"name":"wp","href":"https:\/\/api.w.org\/{rel}","templated":true}]}}