{"id":30457,"date":"2025-10-25T03:27:08","date_gmt":"2025-10-25T03:27:08","guid":{"rendered":"https:\/\/www.europesays.com\/lv\/30457\/"},"modified":"2025-10-25T03:27:08","modified_gmt":"2025-10-25T03:27:08","slug":"meteorologisko-balonu-del-vilnas-un-kaunas-lidostas-aptureta-lidmasinu-satiksme-raksts","status":"publish","type":"post","link":"https:\/\/www.europesays.com\/lv\/30457\/","title":{"rendered":"Meteorolo\u0123isko balonu d\u0113\u013c Vi\u013c\u0146as un Kau\u0146as lidost\u0101s aptur\u0113ta lidma\u0161\u012bnu satiksme \/ Raksts"},"content":{"rendered":"<p>\n                        Vakar, 21:55                    <\/p>\n<p>\n                            Papildin\u0101ts vakar, 23:16                        <\/p>\n<p>                            <a target=\"_blank\" href=\"https:\/\/www.lsm.lv\/raksts\/zinas\/arzemes\/24.10.2025-meteorologisko-balonu-del-vilnas-un-kaunas-lidostas-aptureta-lidmasinu-satiksme.a619791\/javascript:;\" rel=\"nofollow noopener\"><img decoding=\"async\" src=\"https:\/\/www.europesays.com\/lv\/wp-content\/uploads\/2025\/10\/logo_593e5d8b93064.jpg\" alt=\"LETA\"\/><\/a>                        <\/p>\n<p>Meteorolo\u0123isko balonu d\u0113\u013c piektdienas, 24. oktobra, vakar\u0101 Vi\u013c\u0146as un Kau\u0146as lidost\u0101s uz laiku aptur\u0113ta lidma\u0161\u012bnu satiksme, zi\u0146o Transporta un sakaru ministrija.\u00a0<\/p>\n<p>L\u0113mums ierobe\u017eot gaisa telpu tika pie\u0146emts saist\u012bb\u0101 ar meteorolo\u0123isko balonu lido\u0161anu Druskininku \u2013 \u0160al\u010dininku virzien\u0101. Gaisa satiksme ab\u0101s lidost\u0101s tika aptur\u0113ta ap plkst. 20.30 l\u012bdz plkst. 22.<\/p>\n<blockquote>\n<p>Ap plkst. 22\u00a0Lietuvas transporta un komunik\u0101ciju ministrija pazi\u0146oja, ka pie\u0146emts l\u0113mums pagarin\u0101t gaisa satiksmes aptur\u0113\u0161anu l\u012bdz plkst. 2 nakt\u012b.<\/p>\n<\/blockquote>\n<p>Kau\u0146as lidost\u0101 tika ietekm\u0113ti tr\u012bs reisi, bet Vi\u013c\u0146as lidost\u0101 \u2013 \u010detri reisi.<\/p>\n<p>Lai skat\u012btu \u0161o resursu, mums ir nepiecie\u0161ama j\u016bsu piekri\u0161ana s\u012bkdatn\u0113m.<\/p>\n<p>Piekr\u012btu &#8220;Tre\u0161\u0101s puses&#8221; s\u012bkdatn\u0113mP\u0101rvald\u012bt s\u012bkdatnes<\/p>\n<p>K\u0101 inform\u0113ja Vi\u013c\u0146as apgabala policija, vi\u0146i sa\u0146\u0113mu\u0161i inform\u0101ciju, ka lido &#8220;vair\u0101k nek\u0101 viens&#8221; balons.<\/p>\n<p>Valsts robe\u017esardze pav\u0113st\u012bja, ka v\u0113l nav p\u0101rtverts neviens balons.<\/p>\n<p>Tikm\u0113r Lietuvas premjerministre Inga Ru\u0123iniene soci\u0101laj\u0101 vietn\u0113 &#8220;Facebook&#8221; pazi\u0146ojusi, ka l\u012bdz r\u012btdienas plkst. 12.00 b\u016bs sl\u0113gti Medininku un \u0160al\u010dininku robe\u017e\u0161\u0137\u0113rso\u0161anas punkti ar Baltkrieviju.<\/p>\n<p>Jau nakt\u012b no otrdienas uz tre\u0161dienu Lietuv\u0101 no Baltkrievijas bija ielidoju\u0161i vair\u0101ki desmiti balonu, kurus kontrabandisti izmanto cigare\u0161u p\u0101rvad\u0101\u0161anai.<\/p>\n<p>Incidents trauc\u0113ja <a href=\"https:\/\/www.lsm.lv\/raksts\/zinas\/arzemes\/22.10.2025-vilnas-lidosta-drosibas-apsverumu-del-partraukusi-darbu-ietekmeti-vairaki-airbaltic-lidojumi.a619300\/\" class=\"lsm-link\" data-type=\"article\" data-id=\"619300\" rel=\"nofollow noopener\" target=\"_blank\">Vi\u013c\u0146as lidostas darb\u012bbu,<\/a> ietekm\u0113jot aptuveni 30 reisus un vair\u0101k nek\u0101 4000 pasa\u017eieru, un izrais\u012bja Medininku un \u0160al\u010dininku robe\u017ekontroles punktu pagaidu sl\u0113g\u0161anu.<\/p>\n<p>                    Valodas k\u013c\u016bda rakst\u0101?<\/p>\n<p class=\"d-none d-md-block\">Iez\u012bm\u0113jiet tekstu un spiediet Ctrl+Enter, lai nos\u016bt\u012btu labojamo teksta fragmentu redaktoram! Par faktu k\u013c\u016bd\u0101m l\u016bdzam zi\u0146ot e-past\u0101 <a href=\"https:\/\/www.lsm.lv\/cdn-cgi\/l\/email-protection\" class=\"__cf_email__\" data-cfemail=\"30425554515b53595a51705c435d1e5c46\" rel=\"nofollow noopener\" target=\"_blank\">[email\u00a0protected]<\/a>.<\/p>\n<p class=\"d-md-none\">Iez\u012bm\u0113jiet tekstu un spiediet uz Zi\u0146ot par k\u013c\u016bdu pogas, lai nos\u016bt\u012btu labojamo teksta fragmentu redaktoram!<\/p>\n<p>\n                    Zi\u0146ot par k\u013c\u016bdu\n                <\/p>\n","protected":false},"excerpt":{"rendered":"Vakar, 21:55 Papildin\u0101ts vakar, 23:16 Meteorolo\u0123isko balonu d\u0113\u013c piektdienas, 24. oktobra, vakar\u0101 Vi\u013c\u0146as un Kau\u0146as lidost\u0101s uz laiku&hellip;\n","protected":false},"author":2,"featured_media":30458,"comment_status":"","ping_status":"","sticky":false,"template":"","format":"standard","meta":{"footnotes":""},"categories":[14],"tags":[23,57,28,29,32,33,22,30,31,35,39,38,36,37,34,40,20,26,27,24,25,54,55,56,21,58],"class_list":{"0":"post-30457","1":"post","2":"type-post","3":"status-publish","4":"format-standard","5":"has-post-thumbnail","7":"category-zinas-no-arvalstim","8":"tag-aktualitates","9":"tag-arvalstim","10":"tag-breaking-news","11":"tag-breakingnews","12":"tag-featured-news","13":"tag-featurednews","14":"tag-headlines","15":"tag-latest-news","16":"tag-latestnews","17":"tag-latvia","18":"tag-latvian","19":"tag-latviesu","20":"tag-latviesu-valoda","21":"tag-latviesuvaloda","22":"tag-latvija","23":"tag-lv","24":"tag-news","25":"tag-popularakas-zinas","26":"tag-popularakaszinas","27":"tag-top-stories","28":"tag-topstories","29":"tag-world","30":"tag-world-news","31":"tag-worldnews","32":"tag-zinas","33":"tag-zinas-no-arvalstim"},"share_on_mastodon":{"url":"https:\/\/pubeurope.com\/@lv\/115432681897564173","error":""},"_links":{"self":[{"href":"https:\/\/www.europesays.com\/lv\/wp-json\/wp\/v2\/posts\/30457","targetHints":{"allow":["GET"]}}],"collection":[{"href":"https:\/\/www.europesays.com\/lv\/wp-json\/wp\/v2\/posts"}],"about":[{"href":"https:\/\/www.europesays.com\/lv\/wp-json\/wp\/v2\/types\/post"}],"author":[{"embeddable":true,"href":"https:\/\/www.europesays.com\/lv\/wp-json\/wp\/v2\/users\/2"}],"replies":[{"embeddable":true,"href":"https:\/\/www.europesays.com\/lv\/wp-json\/wp\/v2\/comments?post=30457"}],"version-history":[{"count":0,"href":"https:\/\/www.europesays.com\/lv\/wp-json\/wp\/v2\/posts\/30457\/revisions"}],"wp:featuredmedia":[{"embeddable":true,"href":"https:\/\/www.europesays.com\/lv\/wp-json\/wp\/v2\/media\/30458"}],"wp:attachment":[{"href":"https:\/\/www.europesays.com\/lv\/wp-json\/wp\/v2\/media?parent=30457"}],"wp:term":[{"taxonomy":"category","embeddable":true,"href":"https:\/\/www.europesays.com\/lv\/wp-json\/wp\/v2\/categories?post=30457"},{"taxonomy":"post_tag","embeddable":true,"href":"https:\/\/www.europesays.com\/lv\/wp-json\/wp\/v2\/tags?post=30457"}],"curies":[{"name":"wp","href":"https:\/\/api.w.org\/{rel}","templated":true}]}}