{"id":30479,"date":"2025-10-25T04:47:15","date_gmt":"2025-10-25T04:47:15","guid":{"rendered":"https:\/\/www.europesays.com\/lv\/30479\/"},"modified":"2025-10-25T04:47:15","modified_gmt":"2025-10-25T04:47:15","slug":"krievijas-naftas-pirceji-aktivi-mekle-ka-apiet-asv-sankcijas","status":"publish","type":"post","link":"https:\/\/www.europesays.com\/lv\/30479\/","title":{"rendered":"Krievijas naftas pirc\u0113ji akt\u012bvi mekl\u0113, k\u0101 apiet ASV sankcijas"},"content":{"rendered":"<p class=\"descr\">Ung\u0101rija mekl\u0113 veidu, k\u0101 apiet ASV sankcijas pret Krievijas naftas uz\u0146\u0113mumiem, piektdien pazi\u0146oja premjerministrs Viktors Orb\u0101ns.<\/p>\n<p>ASV tre\u0161dien noteica <a href=\"https:\/\/nra.lv\/birka\/asv-sankcijas\/\" target=\"_blank\" rel=\"noopener nofollow\">sankcijas<\/a> div\u0101m liel\u0101kaj\u0101m Krievijas naftas komp\u0101nij\u0101m &#8220;Ros\u0146eftj&#8221; un &#8220;<a href=\"https:\/\/nra.lv\/birka\/lukoil\/\" target=\"_blank\" rel=\"noopener nofollow\">Lukoil<\/a>&#8220;, k\u0101 iemeslu minot Krievijas diktatora Vladimira Putina &#8220;atteik\u0161anos izbeigt \u0161o bezj\u0113dz\u012bgo karu&#8221; Ukrain\u0101. \u0160\u012b ir pirm\u0101s sankcijas, ko ASV prezidents Donalds Tramps piem\u0113rojis Krievijai kop\u0161 atgrie\u0161an\u0101s Baltaj\u0101 nam\u0101 \u0161\u012b gada janv\u0101r\u012b.<\/p>\n<p>Trampa spertais solis ir paaugstin\u0101jis naftas cenas un rais\u012bjis satraukumu Ung\u0101rij\u0101 un Slov\u0101kij\u0101, kas ir liel\u0101k\u0101s <a href=\"https:\/\/nra.lv\/birka\/krievijas-nafta\/\" target=\"_blank\" rel=\"noopener nofollow\">Krievijas naftas<\/a> pirc\u0113jas Eiropas Savien\u012bb\u0101.<\/p>\n<p><a href=\"https:\/\/nra.lv\/birka\/viktors-orbans\/\" target=\"_blank\" rel=\"noopener nofollow\">Orb\u0101ns<\/a> pazi\u0146oja, ka ir apspriedis \u0161\u012bs sankcijas ar Ung\u0101rijas naftas un g\u0101zes uz\u0146\u0113mumu MOL. &#8220;M\u0113s str\u0101d\u0101jam pie t\u0101, k\u0101 apiet \u0161\u012bs sankcijas,&#8221; intervij\u0101 valsts radio &#8220;Kossuth&#8221; pazi\u0146oja premjerministrs.<\/p>\n<p>MOL naftas p\u0101rstr\u0101des r\u016bpn\u012bcas <a href=\"https:\/\/nra.lv\/birka\/ungarija\/\" target=\"_blank\" rel=\"noopener nofollow\">Ung\u0101rij\u0101<\/a> un Slov\u0101kij\u0101 ir atkar\u012bgas no Krievijas naftas, kas tiek transport\u0113ta pa naftas cauru\u013cvadu &#8220;Dru\u017eba&#8221;.<\/p>\n<p>MOL <a href=\"https:\/\/nra.lv\/birka\/slovakija\/\" target=\"_blank\" rel=\"noopener nofollow\">Slov\u0101kijas<\/a> strukt\u016brvien\u012bba &#8220;Slovnaft&#8221; ceturtdien pazi\u0146oja, ka t\u0101 analiz\u0113 ASV sankciju potenci\u0101lo ietekmi.<\/p>\n<p>\t\t\t\t\t\tinfo<\/p>\n<p>Uzzini pirmais<br \/>kas interesants noticis Latvij\u0101 un pasaul\u0113,<br \/>pievienojoties mums <a href=\"https:\/\/t.me\/neatkariga\" rel=\"nofollow\">Telegram<\/a> vai <a href=\"https:\/\/whatsapp.com\/channel\/0029VaMLFUH5K3zLU5s4wm3y\" rel=\"nofollow noopener\" target=\"_blank\">Whatsapp<\/a> kan\u0101l\u0101<\/p>\n","protected":false},"excerpt":{"rendered":"Ung\u0101rija mekl\u0113 veidu, k\u0101 apiet ASV sankcijas pret Krievijas naftas uz\u0146\u0113mumiem, piektdien pazi\u0146oja premjerministrs Viktors Orb\u0101ns. ASV tre\u0161dien&hellip;\n","protected":false},"author":2,"featured_media":30480,"comment_status":"","ping_status":"","sticky":false,"template":"","format":"standard","meta":{"footnotes":""},"categories":[5],"tags":[23,28,29,32,33,22,30,31,35,39,38,36,37,34,40,20,26,27,24,25,21],"class_list":{"0":"post-30479","1":"post","2":"type-post","3":"status-publish","4":"format-standard","5":"has-post-thumbnail","7":"category-aktualitates","8":"tag-aktualitates","9":"tag-breaking-news","10":"tag-breakingnews","11":"tag-featured-news","12":"tag-featurednews","13":"tag-headlines","14":"tag-latest-news","15":"tag-latestnews","16":"tag-latvia","17":"tag-latvian","18":"tag-latviesu","19":"tag-latviesu-valoda","20":"tag-latviesuvaloda","21":"tag-latvija","22":"tag-lv","23":"tag-news","24":"tag-popularakas-zinas","25":"tag-popularakaszinas","26":"tag-top-stories","27":"tag-topstories","28":"tag-zinas"},"share_on_mastodon":{"url":"https:\/\/pubeurope.com\/@lv\/115432996404045426","error":""},"_links":{"self":[{"href":"https:\/\/www.europesays.com\/lv\/wp-json\/wp\/v2\/posts\/30479","targetHints":{"allow":["GET"]}}],"collection":[{"href":"https:\/\/www.europesays.com\/lv\/wp-json\/wp\/v2\/posts"}],"about":[{"href":"https:\/\/www.europesays.com\/lv\/wp-json\/wp\/v2\/types\/post"}],"author":[{"embeddable":true,"href":"https:\/\/www.europesays.com\/lv\/wp-json\/wp\/v2\/users\/2"}],"replies":[{"embeddable":true,"href":"https:\/\/www.europesays.com\/lv\/wp-json\/wp\/v2\/comments?post=30479"}],"version-history":[{"count":0,"href":"https:\/\/www.europesays.com\/lv\/wp-json\/wp\/v2\/posts\/30479\/revisions"}],"wp:featuredmedia":[{"embeddable":true,"href":"https:\/\/www.europesays.com\/lv\/wp-json\/wp\/v2\/media\/30480"}],"wp:attachment":[{"href":"https:\/\/www.europesays.com\/lv\/wp-json\/wp\/v2\/media?parent=30479"}],"wp:term":[{"taxonomy":"category","embeddable":true,"href":"https:\/\/www.europesays.com\/lv\/wp-json\/wp\/v2\/categories?post=30479"},{"taxonomy":"post_tag","embeddable":true,"href":"https:\/\/www.europesays.com\/lv\/wp-json\/wp\/v2\/tags?post=30479"}],"curies":[{"name":"wp","href":"https:\/\/api.w.org\/{rel}","templated":true}]}}