{"id":30483,"date":"2025-10-25T04:55:13","date_gmt":"2025-10-25T04:55:13","guid":{"rendered":"https:\/\/www.europesays.com\/lv\/30483\/"},"modified":"2025-10-25T04:55:13","modified_gmt":"2025-10-25T04:55:13","slug":"robezsargi-ar-policiju-dzenas-pakal-narkotiku-kontrabandistiem","status":"publish","type":"post","link":"https:\/\/www.europesays.com\/lv\/30483\/","title":{"rendered":"Robe\u017esargi ar policiju dzenas paka\u013c narkotiku kontrabandistiem"},"content":{"rendered":"<p class=\"descr\">Pirmdien, 29. septembr\u012b, robe\u017esargi sadarb\u012bb\u0101 ar Valsts policijas amatperson\u0101m Balvu novad\u0101 aiztur\u0113ja \u010detrus Latvijas pilso\u0146us, kas cent\u0101s p\u0101ri valsts robe\u017eai p\u0101rvietot vair\u0101kus desmitus stipru narkotisku vielu.<\/p>\n<p>Veicot operat\u012bv\u0101s darb\u012bbas pas\u0101kumus, robe\u017esargi <a href=\"https:\/\/nra.lv\/birka\/balvu-novads\/\" target=\"_blank\" rel=\"noopener nofollow\">Balvu novada<\/a> \u0160\u0137ilb\u0113nu pagast\u0101 konstat\u0113ja personas, kuras nodarboj\u0101s ar pre\u010du nelikum\u012bgu p\u0101rvieto\u0161anu robe\u017eas virzien\u0101. Veicot personu aiztur\u0113\u0161anu, t\u0101s nepak\u013c\u0101v\u0101s robe\u017esargu likum\u012bgaj\u0101m pras\u012bb\u0101m un met\u0101s b\u0113gt.<\/p>\n<p>Piesaistot <a href=\"https:\/\/nra.lv\/birka\/kinologi\/\" target=\"_blank\" rel=\"noopener nofollow\">kinologu<\/a> ar dienesta suni, aptuveni 100 metrus no valsts robe\u017eas konstat\u0113tas tr\u012bs somas ar iesp\u0113jam\u0101m kontrabandas prec\u0113m.<\/p>\n<p>Turpinot operat\u012bv\u0101s darb\u012bbas pas\u0101kumus, <a href=\"https:\/\/nra.lv\/birka\/robezsargi\/\" target=\"_blank\" rel=\"noopener nofollow\">robe\u017esargi<\/a> uz autoce\u013ca C\u0113rpene-Balvi aptur\u0113ja divus transportl\u012bdzek\u013cus un par kontrabandas pre\u010du nelikum\u012bgas p\u0101rvieto\u0161anas m\u0113\u0123in\u0101jumu aiztur\u0113ja divus Latvijas pilso\u0146us &#8211; noziedz\u012bga nodar\u012bjuma atbalst\u012bt\u0101jus.<\/p>\n<p>Savuk\u0101rt nedaudz v\u0113l\u0101k robe\u017esargi sadarb\u012bb\u0101 ar <a href=\"https:\/\/nra.lv\/birka\/valsts-policija\/\" target=\"_blank\" rel=\"noopener nofollow\">Valsts policijas<\/a> amatperson\u0101m turpat Balvu novad\u0101 aptur\u0113ja k\u0101du Volkswagen Passat markas automa\u0161\u012bnu, kur\u0101 atrad\u0101s persona, kas p\u0101rvietoja iepriek\u0161 min\u0113t\u0101s somas, un vi\u0146a l\u012bdzdal\u012bbnieks.<\/p>\n<p>Uzs\u0101kts krimin\u0101lprocess p\u0113c Krimin\u0101llikuma 190. panta tre\u0161\u0101s da\u013cas par kontrabandu liel\u0101 apm\u0113r\u0101, kas izmekl\u0113\u0161anas gait\u0101 p\u0113c piekrit\u012bbas nodots Valsts ie\u0146\u0113mumu dienesta Nodok\u013cu un muitas policijas p\u0101rvaldei turpm\u0101ku procesu\u0101lo darb\u012bbu veik\u0161anai, jo veicot somu apskati, konstat\u0113ts, ka taj\u0101s atrodas tum\u0161as kr\u0101sas cieta viela &#8211; iesp\u0113jams <a href=\"https:\/\/nra.lv\/birka\/narkotikas\/\" target=\"_blank\" rel=\"noopener nofollow\">ha\u0161i\u0161s<\/a>.<\/p>\n<p>\t\t\t\t\t\tinfo<\/p>\n<p>Uzzini pirmais<br \/>kas interesants noticis Latvij\u0101 un pasaul\u0113,<br \/>pievienojoties mums <a href=\"https:\/\/t.me\/neatkariga\" rel=\"nofollow\">Telegram<\/a> vai <a href=\"https:\/\/whatsapp.com\/channel\/0029VaMLFUH5K3zLU5s4wm3y\" rel=\"nofollow noopener\" target=\"_blank\">Whatsapp<\/a> kan\u0101l\u0101<\/p>\n","protected":false},"excerpt":{"rendered":"Pirmdien, 29. septembr\u012b, robe\u017esargi sadarb\u012bb\u0101 ar Valsts policijas amatperson\u0101m Balvu novad\u0101 aiztur\u0113ja \u010detrus Latvijas pilso\u0146us, kas cent\u0101s p\u0101ri&hellip;\n","protected":false},"author":2,"featured_media":30484,"comment_status":"","ping_status":"","sticky":false,"template":"","format":"standard","meta":{"footnotes":""},"categories":[5],"tags":[23,28,29,32,33,22,30,31,35,39,38,36,37,34,40,20,26,27,24,25,21],"class_list":{"0":"post-30483","1":"post","2":"type-post","3":"status-publish","4":"format-standard","5":"has-post-thumbnail","7":"category-aktualitates","8":"tag-aktualitates","9":"tag-breaking-news","10":"tag-breakingnews","11":"tag-featured-news","12":"tag-featurednews","13":"tag-headlines","14":"tag-latest-news","15":"tag-latestnews","16":"tag-latvia","17":"tag-latvian","18":"tag-latviesu","19":"tag-latviesu-valoda","20":"tag-latviesuvaloda","21":"tag-latvija","22":"tag-lv","23":"tag-news","24":"tag-popularakas-zinas","25":"tag-popularakaszinas","26":"tag-top-stories","27":"tag-topstories","28":"tag-zinas"},"share_on_mastodon":{"url":"https:\/\/pubeurope.com\/@lv\/115433027841905396","error":""},"_links":{"self":[{"href":"https:\/\/www.europesays.com\/lv\/wp-json\/wp\/v2\/posts\/30483","targetHints":{"allow":["GET"]}}],"collection":[{"href":"https:\/\/www.europesays.com\/lv\/wp-json\/wp\/v2\/posts"}],"about":[{"href":"https:\/\/www.europesays.com\/lv\/wp-json\/wp\/v2\/types\/post"}],"author":[{"embeddable":true,"href":"https:\/\/www.europesays.com\/lv\/wp-json\/wp\/v2\/users\/2"}],"replies":[{"embeddable":true,"href":"https:\/\/www.europesays.com\/lv\/wp-json\/wp\/v2\/comments?post=30483"}],"version-history":[{"count":0,"href":"https:\/\/www.europesays.com\/lv\/wp-json\/wp\/v2\/posts\/30483\/revisions"}],"wp:featuredmedia":[{"embeddable":true,"href":"https:\/\/www.europesays.com\/lv\/wp-json\/wp\/v2\/media\/30484"}],"wp:attachment":[{"href":"https:\/\/www.europesays.com\/lv\/wp-json\/wp\/v2\/media?parent=30483"}],"wp:term":[{"taxonomy":"category","embeddable":true,"href":"https:\/\/www.europesays.com\/lv\/wp-json\/wp\/v2\/categories?post=30483"},{"taxonomy":"post_tag","embeddable":true,"href":"https:\/\/www.europesays.com\/lv\/wp-json\/wp\/v2\/tags?post=30483"}],"curies":[{"name":"wp","href":"https:\/\/api.w.org\/{rel}","templated":true}]}}