{"id":30501,"date":"2025-10-25T05:49:08","date_gmt":"2025-10-25T05:49:08","guid":{"rendered":"https:\/\/www.europesays.com\/lv\/30501\/"},"modified":"2025-10-25T05:49:08","modified_gmt":"2025-10-25T05:49:08","slug":"foto-gandriz-3-miljoni-par-tadu-summu-pardots-viens-no-skaistakajiem-namiem-vecriga-jauns-lv","status":"publish","type":"post","link":"https:\/\/www.europesays.com\/lv\/30501\/","title":{"rendered":"FOTO: gandr\u012bz 3 miljoni &#8211; par t\u0101du summu p\u0101rdots viens no skaist\u0101kajiem namiem Vecr\u012bg\u0101 &#8211; Jauns.lv"},"content":{"rendered":"<ol>\n<li><a href=\"https:\/\/news.google.com\/rss\/articles\/CBMivwFBVV95cUxQT05iR3QtdHBPalJNQS05NVIyclhHU2VSZmJvdDE2OHpGR19jeUNWdXVvcHFDQ2VfUjFJRFA1VlVPMzhSQk5aZGJQcEcxMlVuOHJvWWFqMUFfRXZ0SVd2cU1vb0RLdy12ci0yWmgxcVBXSEdYd055UVduY2lEVXN6b0ZyRFFxak81U2hPRXU4c2c4TlRVWEt0OXJOVk9wTXBweE0yN0d1NWRWbS14US01TVR2b1BWa3pXMzJBZ0UzSQ?oc=5\" target=\"_blank\" rel=\"nofollow noopener\">FOTO: gandr\u012bz 3 miljoni &#8211; par t\u0101du summu p\u0101rdots viens no skaist\u0101kajiem namiem Vecr\u012bg\u0101<\/a>&nbsp;&nbsp;Jauns.lv<\/li>\n<li><a href=\"https:\/\/news.google.com\/rss\/articles\/CBMiekFVX3lxTE5LZ0dFb2NOLVlYeFJia1dSUTBMZXJ6NEd4eFF2bjlCXzU2SmQ3Um5fcGlNWjRvbFdrUFVTTVFpUHBjM0pTTmNWU0F1UXJRemxKYW83LTVDLUlCcHZ4allqVDAxTF9la0NhRUhydEhvQ1pCTjF2SEJQRFJn?oc=5\" target=\"_blank\" rel=\"nofollow noopener\">Par 4,28 miljoniem eiro izsol\u012bti \u012bpa\u0161umi Vecr\u012bg\u0101<\/a>&nbsp;&nbsp;Dienas Bizness<\/li>\n<li><a href=\"https:\/\/news.google.com\/rss\/articles\/CBMiiAFBVV95cUxPTkpjYVFKbldwQVkxYlRKOVRzd1FsWU5lN19ONUFKXzhBdGRqZHZsMnVDZ2Y2M01tZHR3Z0dWNlJGNjhIeEJaSDd5d3RCQ1JOMkZ3WDQwLWRBc1REX1NPdmRuZWdwME42NDdlTy1obVR0Szd6dWd0R3l4cXYwOUF3aEhnRU5uWkxC?oc=5\" target=\"_blank\" rel=\"nofollow noopener\">FOTO \u27e9 Izsol\u012bts viens no slaven\u0101kajiem Vecr\u012bgas namiem<\/a>&nbsp;&nbsp;TVNET<\/li>\n<li><a href=\"https:\/\/news.google.com\/rss\/articles\/CBMi9gFBVV95cUxQMER3cDFDRUhlaVdVMWs2ZTFZYTZuWHRlRmpIMHNDWWR4RWZndDVZdDAxRXhZcFh3VGYyNF9Vb0hXV2JzLTZKQzNhSE5RM1gwcHRpNjVpOFc5U3lPUFg0blRuWEJYTUt6QzBJM2R3YXFjeFVwVnNLcDN1emlYZkYtVWpLbHUwTXc0NE8xaGR6cmVET3FiT2pHcTRib01VdWNEUFhqSDBDeTF2dnhsRXYwZDBWVDluOU5JZjdtbXVDOGZreTYzTkwwVG9iUnBfQnZLejE3V0J4anhJMWtIY1FSdHJ3bGV2WElCRVoxLVpMUHc5empKb2c?oc=5\" target=\"_blank\" rel=\"nofollow noopener\">Le\u0123end\u0101rais klubs &#8220;Depo&#8221; pamet Va\u013c\u0146u ielu: VN\u012a izsol\u0113 p\u0101rdota v\u0113sturisk\u0101 \u0113ka par vair\u0101k nek\u0101 1,5 miljoniem eiro<\/a>&nbsp;&nbsp;Lente.lv<\/li>\n<li><a href=\"https:\/\/news.google.com\/rss\/articles\/CBMivgFBVV95cUxOR0dIT3lObE1Bajg2MlJwSHFlT1pHRFdCcTFrRkI4M2M3akpLSFdla2tUSkVHQ0R5QjJPc0NnaDQwaHUzWHF0Tlg2ekJKVFFzTnhUVVc5NS1CRUlkREhla1hZN2N1ODBZem9JcDlHUlp3Q0s5alQzX0xGSVB2YlVsUWJBQU12MzJmX1FMX3U3eE84TzVGY0NWQzQxQ0hMMjZScngyRXFvNS1oZ3g5WkMzeDZ3R3dVMHFOTUFiV3Rn?oc=5\" target=\"_blank\" rel=\"nofollow noopener\">Par vair\u0101k nek\u0101 4 miljoniem eiro izsol\u012btas divas \u0113kas Vecr\u012bg\u0101 \/ Raksts<\/a>&nbsp;&nbsp;LSM<\/li>\n<\/ol>\n","protected":false},"excerpt":{"rendered":"FOTO: gandr\u012bz 3 miljoni &#8211; par t\u0101du summu p\u0101rdots viens no skaist\u0101kajiem namiem Vecr\u012bg\u0101&nbsp;&nbsp;Jauns.lv Par 4,28 miljoniem eiro&hellip;\n","protected":false},"author":2,"featured_media":30502,"comment_status":"","ping_status":"","sticky":false,"template":"","format":"standard","meta":{"footnotes":""},"categories":[5],"tags":[23,28,29,32,33,22,30,31,35,39,38,36,37,34,40,20,26,27,24,25,21],"class_list":{"0":"post-30501","1":"post","2":"type-post","3":"status-publish","4":"format-standard","5":"has-post-thumbnail","7":"category-aktualitates","8":"tag-aktualitates","9":"tag-breaking-news","10":"tag-breakingnews","11":"tag-featured-news","12":"tag-featurednews","13":"tag-headlines","14":"tag-latest-news","15":"tag-latestnews","16":"tag-latvia","17":"tag-latvian","18":"tag-latviesu","19":"tag-latviesu-valoda","20":"tag-latviesuvaloda","21":"tag-latvija","22":"tag-lv","23":"tag-news","24":"tag-popularakas-zinas","25":"tag-popularakaszinas","26":"tag-top-stories","27":"tag-topstories","28":"tag-zinas"},"share_on_mastodon":{"url":"https:\/\/pubeurope.com\/@lv\/115433240101035475","error":""},"_links":{"self":[{"href":"https:\/\/www.europesays.com\/lv\/wp-json\/wp\/v2\/posts\/30501","targetHints":{"allow":["GET"]}}],"collection":[{"href":"https:\/\/www.europesays.com\/lv\/wp-json\/wp\/v2\/posts"}],"about":[{"href":"https:\/\/www.europesays.com\/lv\/wp-json\/wp\/v2\/types\/post"}],"author":[{"embeddable":true,"href":"https:\/\/www.europesays.com\/lv\/wp-json\/wp\/v2\/users\/2"}],"replies":[{"embeddable":true,"href":"https:\/\/www.europesays.com\/lv\/wp-json\/wp\/v2\/comments?post=30501"}],"version-history":[{"count":0,"href":"https:\/\/www.europesays.com\/lv\/wp-json\/wp\/v2\/posts\/30501\/revisions"}],"wp:featuredmedia":[{"embeddable":true,"href":"https:\/\/www.europesays.com\/lv\/wp-json\/wp\/v2\/media\/30502"}],"wp:attachment":[{"href":"https:\/\/www.europesays.com\/lv\/wp-json\/wp\/v2\/media?parent=30501"}],"wp:term":[{"taxonomy":"category","embeddable":true,"href":"https:\/\/www.europesays.com\/lv\/wp-json\/wp\/v2\/categories?post=30501"},{"taxonomy":"post_tag","embeddable":true,"href":"https:\/\/www.europesays.com\/lv\/wp-json\/wp\/v2\/tags?post=30501"}],"curies":[{"name":"wp","href":"https:\/\/api.w.org\/{rel}","templated":true}]}}