{"id":30531,"date":"2025-10-25T06:24:07","date_gmt":"2025-10-25T06:24:07","guid":{"rendered":"https:\/\/www.europesays.com\/lv\/30531\/"},"modified":"2025-10-25T06:24:07","modified_gmt":"2025-10-25T06:24:07","slug":"piektdien-celu-satiksmes-negadijumos-cietusi-20-cilveki-piekerti-11-dzerajsoferi","status":"publish","type":"post","link":"https:\/\/www.europesays.com\/lv\/30531\/","title":{"rendered":"Piektdien ce\u013cu satiksmes negad\u012bjumos cietu\u0161i 20 cilv\u0113ki; pie\u0137erti 11 dz\u0113r\u0101j\u0161oferi"},"content":{"rendered":"<p>Starp cietu\u0161ajiem ir viens g\u0101j\u0113js un tr\u012bs velosip\u0113disti.<\/p>\n<p>R\u012bgas re\u0123ion\u0101 pie\u0137erti se\u0161i automa\u0161\u012bnu vai motociklu vad\u012bt\u0101ji alkohola reibum\u0101, Kurzem\u0113 &#8211; divi, bet Latgal\u0113, Vidzem\u0113 un Zemgal\u0113 &#8211; pa vienam.<\/p>\n<p>Se\u0161os gad\u012bjumos par brauk\u0161anu alkohola reibum\u0101 s\u0101kti krimin\u0101lprocesi, bet piecos &#8211; administrat\u012bv\u0101 p\u0101rk\u0101puma procesi, kas noz\u012bm\u0113, ka \u0161o vad\u012bt\u0101ju organism\u0101 alkohola koncentr\u0101cija nep\u0101rsniedza 1,5 promiles.<\/p>\n<p>Diennakts laik\u0101 ce\u013cu satiksmes jom\u0101 valst\u012b kopum\u0101 noform\u0113ts 521 administrat\u012bv\u0101 p\u0101rk\u0101puma protokols, no tiem 246 par \u0101truma p\u0101rsnieg\u0161anu, bet \u010detri &#8211; par agres\u012bvu brauk\u0161anu, liecina policijas apkopotie dati.<\/p>\n<p>Kopum\u0101 diennakts laik\u0101 valst\u012b re\u0123istr\u0113ti 154 <a href=\"https:\/\/www.tvnet.lv\/term\/567182\/celu-satiksmes-negadijumi\" class=\"topicLink\" target=\"_blank\" rel=\"nofollow noopener\">ce\u013cu satiksmes negad\u012bjumi<\/a>, no kuriem 15 biju\u0161i ar cietu\u0161ajiem, bet boj\u0101g\u0101ju\u0161o nav.<\/p>\n<p>Teju puse no visiem ce\u013cu satiksmes negad\u012bjumiem ar cietu\u0161ajiem notikusi R\u012bgas re\u0123ion\u0101, kur septi\u0146\u0101s av\u0101rij\u0101s traumas guvu\u0161i asto\u0146i cilv\u0113ki, tostarp viens g\u0101j\u0113js, liecina policijas apkopot\u0101 statistika.<\/p>\n","protected":false},"excerpt":{"rendered":"Starp cietu\u0161ajiem ir viens g\u0101j\u0113js un tr\u012bs velosip\u0113disti. R\u012bgas re\u0123ion\u0101 pie\u0137erti se\u0161i automa\u0161\u012bnu vai motociklu vad\u012bt\u0101ji alkohola reibum\u0101,&hellip;\n","protected":false},"author":2,"featured_media":30532,"comment_status":"","ping_status":"","sticky":false,"template":"","format":"standard","meta":{"footnotes":""},"categories":[12],"tags":[23,28,29,119,32,33,22,30,31,35,39,38,36,37,34,40,20,26,27,1528,24,25,21],"class_list":{"0":"post-30531","1":"post","2":"type-post","3":"status-publish","4":"format-standard","5":"has-post-thumbnail","7":"category-latvija","8":"tag-aktualitates","9":"tag-breaking-news","10":"tag-breakingnews","11":"tag-celu-satiksmes-negadijumi","12":"tag-featured-news","13":"tag-featurednews","14":"tag-headlines","15":"tag-latest-news","16":"tag-latestnews","17":"tag-latvia","18":"tag-latvian","19":"tag-latviesu","20":"tag-latviesu-valoda","21":"tag-latviesuvaloda","22":"tag-latvija","23":"tag-lv","24":"tag-news","25":"tag-popularakas-zinas","26":"tag-popularakaszinas","27":"tag-satiksmes-drosiba","28":"tag-top-stories","29":"tag-topstories","30":"tag-zinas"},"share_on_mastodon":{"url":"https:\/\/pubeurope.com\/@lv\/115433377832569757","error":""},"_links":{"self":[{"href":"https:\/\/www.europesays.com\/lv\/wp-json\/wp\/v2\/posts\/30531","targetHints":{"allow":["GET"]}}],"collection":[{"href":"https:\/\/www.europesays.com\/lv\/wp-json\/wp\/v2\/posts"}],"about":[{"href":"https:\/\/www.europesays.com\/lv\/wp-json\/wp\/v2\/types\/post"}],"author":[{"embeddable":true,"href":"https:\/\/www.europesays.com\/lv\/wp-json\/wp\/v2\/users\/2"}],"replies":[{"embeddable":true,"href":"https:\/\/www.europesays.com\/lv\/wp-json\/wp\/v2\/comments?post=30531"}],"version-history":[{"count":0,"href":"https:\/\/www.europesays.com\/lv\/wp-json\/wp\/v2\/posts\/30531\/revisions"}],"wp:featuredmedia":[{"embeddable":true,"href":"https:\/\/www.europesays.com\/lv\/wp-json\/wp\/v2\/media\/30532"}],"wp:attachment":[{"href":"https:\/\/www.europesays.com\/lv\/wp-json\/wp\/v2\/media?parent=30531"}],"wp:term":[{"taxonomy":"category","embeddable":true,"href":"https:\/\/www.europesays.com\/lv\/wp-json\/wp\/v2\/categories?post=30531"},{"taxonomy":"post_tag","embeddable":true,"href":"https:\/\/www.europesays.com\/lv\/wp-json\/wp\/v2\/tags?post=30531"}],"curies":[{"name":"wp","href":"https:\/\/api.w.org\/{rel}","templated":true}]}}