{"id":30539,"date":"2025-10-25T06:37:23","date_gmt":"2025-10-25T06:37:23","guid":{"rendered":"https:\/\/www.europesays.com\/lv\/30539\/"},"modified":"2025-10-25T06:37:23","modified_gmt":"2025-10-25T06:37:23","slug":"sinoptiku-laika-prognoze-oktobra-pedejam-septinam-dienam","status":"publish","type":"post","link":"https:\/\/www.europesays.com\/lv\/30539\/","title":{"rendered":"Sinopti\u0137u laika prognoze oktobra p\u0113d\u0113j\u0101m septi\u0146\u0101m dien\u0101m"},"content":{"rendered":"<p>Sestdien, 25. oktobr\u012b, debesis kl\u0101s bieza m\u0101ko\u0146u sega, gaid\u0101ms lietus, valsts rietumu un centr\u0101laj\u0101 da\u013c\u0101 l\u012bs ilgsto\u0161i, viet\u0101m ar\u012b stipri &#8211; nokri\u0161\u0146u daudzums var sasniegt 30 milimetrus. Sp\u0113c\u012bg\u0101s lietavas skars ar\u012b galvaspils\u0113tu. Gaisa temperat\u016bra nakt\u012b un dien\u0101 b\u016bs +8..+12 gr\u0101di.<\/p>\n<p>Sv\u0113tdien un pirmdien b\u016bs m\u0101ko\u0146ains laiks, kas da\u017ebr\u012bd skaidrosies. Daudzviet gaid\u0101ms lietus. V\u0113j\u0161 l\u0113ni l\u012bdz m\u0113reni stipri p\u016bt\u012bs no dienvidu puses. Gaisa temperat\u016bra sv\u0101rst\u012bsies starp +1 un +11 gr\u0101diem.<\/p>\n<p>Ar\u012b turpm\u0101kaj\u0101s dien\u0101s br\u012b\u017eiem l\u012bs, gaisa temperat\u016bra daudz nemain\u012bsies.<\/p>\n<p>Saska\u0146\u0101 ar Eiropas Vid\u0113ja termi\u0146a laika progno\u017eu centra datiem novembris Latvij\u0101 gaid\u0101ms silt\u0101ks nek\u0101 ierasts, nokri\u0161\u0146u daudzums var\u0113tu b\u016bt nedaudz liel\u0101ks par normu.<\/p>\n","protected":false},"excerpt":{"rendered":"Sestdien, 25. oktobr\u012b, debesis kl\u0101s bieza m\u0101ko\u0146u sega, gaid\u0101ms lietus, valsts rietumu un centr\u0101laj\u0101 da\u013c\u0101 l\u012bs ilgsto\u0161i, viet\u0101m&hellip;\n","protected":false},"author":2,"featured_media":30540,"comment_status":"","ping_status":"","sticky":false,"template":"","format":"standard","meta":{"footnotes":""},"categories":[5],"tags":[23,28,29,32,33,22,396,397,30,31,35,39,38,36,37,34,40,20,26,27,155,24,25,21],"class_list":{"0":"post-30539","1":"post","2":"type-post","3":"status-publish","4":"format-standard","5":"has-post-thumbnail","7":"category-aktualitates","8":"tag-aktualitates","9":"tag-breaking-news","10":"tag-breakingnews","11":"tag-featured-news","12":"tag-featurednews","13":"tag-headlines","14":"tag-laika-zinas","15":"tag-laikapstakli","16":"tag-latest-news","17":"tag-latestnews","18":"tag-latvia","19":"tag-latvian","20":"tag-latviesu","21":"tag-latviesu-valoda","22":"tag-latviesuvaloda","23":"tag-latvija","24":"tag-lv","25":"tag-news","26":"tag-popularakas-zinas","27":"tag-popularakaszinas","28":"tag-rudens","29":"tag-top-stories","30":"tag-topstories","31":"tag-zinas"},"share_on_mastodon":{"url":"https:\/\/pubeurope.com\/@lv\/115433428953034506","error":""},"_links":{"self":[{"href":"https:\/\/www.europesays.com\/lv\/wp-json\/wp\/v2\/posts\/30539","targetHints":{"allow":["GET"]}}],"collection":[{"href":"https:\/\/www.europesays.com\/lv\/wp-json\/wp\/v2\/posts"}],"about":[{"href":"https:\/\/www.europesays.com\/lv\/wp-json\/wp\/v2\/types\/post"}],"author":[{"embeddable":true,"href":"https:\/\/www.europesays.com\/lv\/wp-json\/wp\/v2\/users\/2"}],"replies":[{"embeddable":true,"href":"https:\/\/www.europesays.com\/lv\/wp-json\/wp\/v2\/comments?post=30539"}],"version-history":[{"count":0,"href":"https:\/\/www.europesays.com\/lv\/wp-json\/wp\/v2\/posts\/30539\/revisions"}],"wp:featuredmedia":[{"embeddable":true,"href":"https:\/\/www.europesays.com\/lv\/wp-json\/wp\/v2\/media\/30540"}],"wp:attachment":[{"href":"https:\/\/www.europesays.com\/lv\/wp-json\/wp\/v2\/media?parent=30539"}],"wp:term":[{"taxonomy":"category","embeddable":true,"href":"https:\/\/www.europesays.com\/lv\/wp-json\/wp\/v2\/categories?post=30539"},{"taxonomy":"post_tag","embeddable":true,"href":"https:\/\/www.europesays.com\/lv\/wp-json\/wp\/v2\/tags?post=30539"}],"curies":[{"name":"wp","href":"https:\/\/api.w.org\/{rel}","templated":true}]}}