{"id":30543,"date":"2025-10-25T06:41:07","date_gmt":"2025-10-25T06:41:07","guid":{"rendered":"https:\/\/www.europesays.com\/lv\/30543\/"},"modified":"2025-10-25T06:41:07","modified_gmt":"2025-10-25T06:41:07","slug":"asv-piemero-sankcijas-kolumbijas-prezidentam","status":"publish","type":"post","link":"https:\/\/www.europesays.com\/lv\/30543\/","title":{"rendered":"ASV piem\u0113ro sankcijas Kolumbijas prezidentam"},"content":{"rendered":"<p>&#8220;Prezidents Petro ir \u013c\u0101vis narkotiku karte\u013ciem zelt un ir atteicies aptur\u0113t \u0161o darb\u012bbu,&#8221; sac\u012bja <a href=\"https:\/\/www.tvnet.lv\/term\/555410\/asv\" class=\"topicLink\" target=\"_blank\" rel=\"nofollow noopener\">ASV<\/a> finan\u0161u ministrs Skots Besents pazi\u0146ojum\u0101 par sankcij\u0101m.<\/p>\n<p>&#8220;[ASV] prezidents [Donalds] Tramps stingri r\u012bkojas, lai aizsarg\u0101tu m\u016bsu valsti un liktu saprast, ka m\u0113s neciet\u012bsim narkotiku kontrabandu uz m\u016bsu valsti,&#8221; piebilda Besents.<\/p>\n<p><a href=\"https:\/\/www.tvnet.lv\/term\/556173\/sankcijas\" class=\"topicLink\" target=\"_blank\" rel=\"nofollow noopener\">Sankcijas<\/a> noteiktas laik\u0101, kad v\u0113r\u0161as pla\u0161um\u0101 str\u012bds starp Petro un Trampu. Kolumbijas prezidents aps\u016bdz savu ASV kol\u0113\u0123i &#8220;\u0101rpustiesas n\u0101vessodu izpild\u0113&#8221;, kas &#8220;p\u0101rk\u0101pj starptautisk\u0101s ties\u012bbas&#8221;, ar uzbrukumiem narkotiku kontrabandas ku\u0123iem Dienvidamerikas tuvum\u0101.<\/p>\n<p>ASV nepilnos divos m\u0113ne\u0161os ir izn\u012bcin\u0101ju\u0161as 10 \u0161\u0101dus ku\u0123us, nogalinot vismaz 43 cilv\u0113kus.<\/p>\n<p><a href=\"https:\/\/www.tvnet.lv\/term\/556825\/kolumbija\" class=\"topicLink\" target=\"_blank\" rel=\"nofollow noopener\">Kolumbija<\/a> ir piepras\u012bjusi, lai Va\u0161ingtona izbeigtu \u0161os uzbrukumus. Tramps uz to rea\u0123\u0113jis, nosaucot Petro par &#8220;band\u012btu&#8221; un narkotiku kontrabandistu.<\/p>\n<p>Tramps ar\u012b pazi\u0146ojis par ASV pal\u012bdz\u012bbas izbeig\u0161anu Kolumbijai simtiem miljonu ASV dol\u0101ru apm\u0113r\u0101 un draud\u0113jis noteikt lielus muitas tarifus Kolumbijas pre\u010du importam.<\/p>\n","protected":false},"excerpt":{"rendered":"&#8220;Prezidents Petro ir \u013c\u0101vis narkotiku karte\u013ciem zelt un ir atteicies aptur\u0113t \u0161o darb\u012bbu,&#8221; sac\u012bja ASV finan\u0161u ministrs Skots&hellip;\n","protected":false},"author":2,"featured_media":30544,"comment_status":"","ping_status":"","sticky":false,"template":"","format":"standard","meta":{"footnotes":""},"categories":[14],"tags":[23,57,292,28,29,32,33,22,8355,30,31,35,39,38,36,37,34,40,20,26,27,511,24,25,54,55,56,21,58],"class_list":{"0":"post-30543","1":"post","2":"type-post","3":"status-publish","4":"format-standard","5":"has-post-thumbnail","7":"category-zinas-no-arvalstim","8":"tag-aktualitates","9":"tag-arvalstim","10":"tag-asv","11":"tag-breaking-news","12":"tag-breakingnews","13":"tag-featured-news","14":"tag-featurednews","15":"tag-headlines","16":"tag-kolumbija","17":"tag-latest-news","18":"tag-latestnews","19":"tag-latvia","20":"tag-latvian","21":"tag-latviesu","22":"tag-latviesu-valoda","23":"tag-latviesuvaloda","24":"tag-latvija","25":"tag-lv","26":"tag-news","27":"tag-popularakas-zinas","28":"tag-popularakaszinas","29":"tag-sankcijas","30":"tag-top-stories","31":"tag-topstories","32":"tag-world","33":"tag-world-news","34":"tag-worldnews","35":"tag-zinas","36":"tag-zinas-no-arvalstim"},"share_on_mastodon":{"url":"https:\/\/pubeurope.com\/@lv\/115433444652737577","error":""},"_links":{"self":[{"href":"https:\/\/www.europesays.com\/lv\/wp-json\/wp\/v2\/posts\/30543","targetHints":{"allow":["GET"]}}],"collection":[{"href":"https:\/\/www.europesays.com\/lv\/wp-json\/wp\/v2\/posts"}],"about":[{"href":"https:\/\/www.europesays.com\/lv\/wp-json\/wp\/v2\/types\/post"}],"author":[{"embeddable":true,"href":"https:\/\/www.europesays.com\/lv\/wp-json\/wp\/v2\/users\/2"}],"replies":[{"embeddable":true,"href":"https:\/\/www.europesays.com\/lv\/wp-json\/wp\/v2\/comments?post=30543"}],"version-history":[{"count":0,"href":"https:\/\/www.europesays.com\/lv\/wp-json\/wp\/v2\/posts\/30543\/revisions"}],"wp:featuredmedia":[{"embeddable":true,"href":"https:\/\/www.europesays.com\/lv\/wp-json\/wp\/v2\/media\/30544"}],"wp:attachment":[{"href":"https:\/\/www.europesays.com\/lv\/wp-json\/wp\/v2\/media?parent=30543"}],"wp:term":[{"taxonomy":"category","embeddable":true,"href":"https:\/\/www.europesays.com\/lv\/wp-json\/wp\/v2\/categories?post=30543"},{"taxonomy":"post_tag","embeddable":true,"href":"https:\/\/www.europesays.com\/lv\/wp-json\/wp\/v2\/tags?post=30543"}],"curies":[{"name":"wp","href":"https:\/\/api.w.org\/{rel}","templated":true}]}}