{"id":30555,"date":"2025-10-25T07:03:07","date_gmt":"2025-10-25T07:03:07","guid":{"rendered":"https:\/\/www.europesays.com\/lv\/30555\/"},"modified":"2025-10-25T07:03:07","modified_gmt":"2025-10-25T07:03:07","slug":"kijiva-krievu-rakesu-uzbrukumos-nogalinats-viens-un-ievainoti-desmit-cilveki","status":"publish","type":"post","link":"https:\/\/www.europesays.com\/lv\/30555\/","title":{"rendered":"Kijiv\u0101 krievu ra\u0137e\u0161u uzbrukumos nogalin\u0101ts viens un ievainoti desmit cilv\u0113ki"},"content":{"rendered":"<p>P\u0113c Kijivas m\u0113ra Vit\u0101lija K\u013ci\u010dko teikt\u0101, lieli ugunsgr\u0113ki izc\u0113lu\u0161ies nedz\u012bvojam\u0101s \u0113k\u0101s Des\u0146as un Darnicas rajonos.<\/p>\n<p>K\u013ci\u010dko pazi\u0146oja, ka Krievijas karasp\u0113ks ap\u0161aud\u012bjis Kijivu ar ballistiskaj\u0101m ra\u0137et\u0113m.<\/p>\n<p>Kijivas milit\u0101r\u0101s administr\u0101cijas vad\u012bt\u0101js Timurs Tka\u010denko pazi\u0146oja, ka Krievijas trieciena rezult\u0101t\u0101 boj\u0101ta b\u0113rnud\u0101rza \u0113ka D\u0146ipro rajon\u0101.<\/p>\n<p>P\u0113c vi\u0146a teikt\u0101, &#8220;ir izsisti logi, boj\u0101tas automa\u0161\u012bnas, dz\u012bvojam\u0101s \u0113kas pagalm\u0101 ir kr\u0101teris&#8221;.<\/p>\n<p>Krievija nakt\u012b uz sestdienu uzbruka Ukrainai ar devi\u0146\u0101m ballistiskaj\u0101m ra\u0137et\u0113m &#8220;Iskander-M&#8221; no Rostovas un Kurskas apgabaliem, k\u0101 ar\u012b ar 62 bezpilota lidapar\u0101tiem, pazi\u0146oja Ukrainas Gaisa sp\u0113ki.<\/p>\n<p>\u010cetras ra\u0137etes un 50 dronus izdevies notriekt vai neitraliz\u0113t un tika re\u0123istr\u0113ti piecu ballistisko ra\u0137e\u0161u un 12 uzbrukuma bezpilota lidapar\u0101tu triecieni 11 viet\u0101s, teikts pazi\u0146ojum\u0101.<\/p>\n","protected":false},"excerpt":{"rendered":"P\u0113c Kijivas m\u0113ra Vit\u0101lija K\u013ci\u010dko teikt\u0101, lieli ugunsgr\u0113ki izc\u0113lu\u0161ies nedz\u012bvojam\u0101s \u0113k\u0101s Des\u0146as un Darnicas rajonos. K\u013ci\u010dko pazi\u0146oja, ka&hellip;\n","protected":false},"author":2,"featured_media":30556,"comment_status":"","ping_status":"","sticky":false,"template":"","format":"standard","meta":{"footnotes":""},"categories":[14],"tags":[23,57,28,29,32,33,22,210,74,30,31,35,39,38,36,37,34,40,20,26,27,24,25,276,54,55,56,21,58],"class_list":{"0":"post-30555","1":"post","2":"type-post","3":"status-publish","4":"format-standard","5":"has-post-thumbnail","7":"category-zinas-no-arvalstim","8":"tag-aktualitates","9":"tag-arvalstim","10":"tag-breaking-news","11":"tag-breakingnews","12":"tag-featured-news","13":"tag-featurednews","14":"tag-headlines","15":"tag-kijiva","16":"tag-krievijas-iebrukums-ukraina","17":"tag-latest-news","18":"tag-latestnews","19":"tag-latvia","20":"tag-latvian","21":"tag-latviesu","22":"tag-latviesu-valoda","23":"tag-latviesuvaloda","24":"tag-latvija","25":"tag-lv","26":"tag-news","27":"tag-popularakas-zinas","28":"tag-popularakaszinas","29":"tag-top-stories","30":"tag-topstories","31":"tag-ukraina","32":"tag-world","33":"tag-world-news","34":"tag-worldnews","35":"tag-zinas","36":"tag-zinas-no-arvalstim"},"share_on_mastodon":{"url":"https:\/\/pubeurope.com\/@lv\/115433531191063521","error":""},"_links":{"self":[{"href":"https:\/\/www.europesays.com\/lv\/wp-json\/wp\/v2\/posts\/30555","targetHints":{"allow":["GET"]}}],"collection":[{"href":"https:\/\/www.europesays.com\/lv\/wp-json\/wp\/v2\/posts"}],"about":[{"href":"https:\/\/www.europesays.com\/lv\/wp-json\/wp\/v2\/types\/post"}],"author":[{"embeddable":true,"href":"https:\/\/www.europesays.com\/lv\/wp-json\/wp\/v2\/users\/2"}],"replies":[{"embeddable":true,"href":"https:\/\/www.europesays.com\/lv\/wp-json\/wp\/v2\/comments?post=30555"}],"version-history":[{"count":0,"href":"https:\/\/www.europesays.com\/lv\/wp-json\/wp\/v2\/posts\/30555\/revisions"}],"wp:featuredmedia":[{"embeddable":true,"href":"https:\/\/www.europesays.com\/lv\/wp-json\/wp\/v2\/media\/30556"}],"wp:attachment":[{"href":"https:\/\/www.europesays.com\/lv\/wp-json\/wp\/v2\/media?parent=30555"}],"wp:term":[{"taxonomy":"category","embeddable":true,"href":"https:\/\/www.europesays.com\/lv\/wp-json\/wp\/v2\/categories?post=30555"},{"taxonomy":"post_tag","embeddable":true,"href":"https:\/\/www.europesays.com\/lv\/wp-json\/wp\/v2\/tags?post=30555"}],"curies":[{"name":"wp","href":"https:\/\/api.w.org\/{rel}","templated":true}]}}