{"id":30559,"date":"2025-10-25T07:21:07","date_gmt":"2025-10-25T07:21:07","guid":{"rendered":"https:\/\/www.europesays.com\/lv\/30559\/"},"modified":"2025-10-25T07:21:07","modified_gmt":"2025-10-25T07:21:07","slug":"emilija-loze-izdod-pirmo-singlu-latviesu-valoda-neizteiktie-sapni","status":"publish","type":"post","link":"https:\/\/www.europesays.com\/lv\/30559\/","title":{"rendered":"Em\u012blija Loze izdod pirmo singlu latvie\u0161u valod\u0101 \u2013 \u201eNeizteiktie sap\u0146i\u201c"},"content":{"rendered":"<p>Em\u012blija Loze ir paz\u012bstama ar samtainu, emocion\u0101lu vok\u0101lu, kas apvieno lirisku maigumu ar m\u016bsdien\u012bgu R&amp;B stilistiku.<\/p>\n<p>Ar dziesmu \u201cNeizteiktie Sap\u0146i\u201d vi\u0146a apliecina sevi k\u0101 daudzpus\u012bgu m\u0101kslinieci, kas l\u012bdz\u0101s R&amp;B un neosoula ietekm\u0113m mekl\u0113 jaunas izpausmes ar\u012b dzimtaj\u0101 valod\u0101, vienlaikus radot savu unik\u0101lo balss nospiedumu Latvijas m\u016bzikas vid\u0113.<\/p>\n<p>Dziesmas v\u0101rdi atkl\u0101j st\u0101stu par trausl\u0101m saj\u016bt\u0101m un klusajiem sap\u0146iem, kas paliek neizteikti starp diviem cilv\u0113kiem.<\/p>\n<p>\u201cMan \u0161\u012b dziesma ir \u012bpa\u0161a \u2013 pirmo reizi dziedu latviski, un tas \u013cauj run\u0101t daudz tie\u0161\u0101k. \u201cNeizteiktie Sap\u0146i\u201d ir par to, ko bie\u017ei nepasak\u0101m, bet kas dz\u012bvo m\u016bsos tikpat sp\u0113c\u012bgi,\u201d saka Em\u012blija.<\/p>\n<p class=\"tv3-fw-500\">Zi\u0146o par k\u013c\u016bdu rakst\u0101<\/p>\n<p class=\"d-md-block d-none\">Iez\u012bm\u0113 k\u013c\u016bdaino tekstu un spied Ctrl+Enter.<\/p>\n<p class=\"d-md-none d-block\">Iez\u012bm\u0113 k\u013c\u016bdaino tekstu un zi\u0146o par to!<\/p>\n","protected":false},"excerpt":{"rendered":"Em\u012blija Loze ir paz\u012bstama ar samtainu, emocion\u0101lu vok\u0101lu, kas apvieno lirisku maigumu ar m\u016bsdien\u012bgu R&amp;B stilistiku. Ar dziesmu&hellip;\n","protected":false},"author":2,"featured_media":30560,"comment_status":"","ping_status":"","sticky":false,"template":"","format":"standard","meta":{"footnotes":""},"categories":[14],"tags":[23,57,28,29,9260,32,33,22,30,31,35,39,38,36,37,34,40,20,26,27,24,25,54,55,56,21,58],"class_list":{"0":"post-30559","1":"post","2":"type-post","3":"status-publish","4":"format-standard","5":"has-post-thumbnail","7":"category-zinas-no-arvalstim","8":"tag-aktualitates","9":"tag-arvalstim","10":"tag-breaking-news","11":"tag-breakingnews","12":"tag-emilija-lozejauna-dziesma","13":"tag-featured-news","14":"tag-featurednews","15":"tag-headlines","16":"tag-latest-news","17":"tag-latestnews","18":"tag-latvia","19":"tag-latvian","20":"tag-latviesu","21":"tag-latviesu-valoda","22":"tag-latviesuvaloda","23":"tag-latvija","24":"tag-lv","25":"tag-news","26":"tag-popularakas-zinas","27":"tag-popularakaszinas","28":"tag-top-stories","29":"tag-topstories","30":"tag-world","31":"tag-world-news","32":"tag-worldnews","33":"tag-zinas","34":"tag-zinas-no-arvalstim"},"share_on_mastodon":{"url":"https:\/\/pubeurope.com\/@lv\/115433601977283134","error":""},"_links":{"self":[{"href":"https:\/\/www.europesays.com\/lv\/wp-json\/wp\/v2\/posts\/30559","targetHints":{"allow":["GET"]}}],"collection":[{"href":"https:\/\/www.europesays.com\/lv\/wp-json\/wp\/v2\/posts"}],"about":[{"href":"https:\/\/www.europesays.com\/lv\/wp-json\/wp\/v2\/types\/post"}],"author":[{"embeddable":true,"href":"https:\/\/www.europesays.com\/lv\/wp-json\/wp\/v2\/users\/2"}],"replies":[{"embeddable":true,"href":"https:\/\/www.europesays.com\/lv\/wp-json\/wp\/v2\/comments?post=30559"}],"version-history":[{"count":0,"href":"https:\/\/www.europesays.com\/lv\/wp-json\/wp\/v2\/posts\/30559\/revisions"}],"wp:featuredmedia":[{"embeddable":true,"href":"https:\/\/www.europesays.com\/lv\/wp-json\/wp\/v2\/media\/30560"}],"wp:attachment":[{"href":"https:\/\/www.europesays.com\/lv\/wp-json\/wp\/v2\/media?parent=30559"}],"wp:term":[{"taxonomy":"category","embeddable":true,"href":"https:\/\/www.europesays.com\/lv\/wp-json\/wp\/v2\/categories?post=30559"},{"taxonomy":"post_tag","embeddable":true,"href":"https:\/\/www.europesays.com\/lv\/wp-json\/wp\/v2\/tags?post=30559"}],"curies":[{"name":"wp","href":"https:\/\/api.w.org\/{rel}","templated":true}]}}