{"id":30579,"date":"2025-10-25T07:44:15","date_gmt":"2025-10-25T07:44:15","guid":{"rendered":"https:\/\/www.europesays.com\/lv\/30579\/"},"modified":"2025-10-25T07:44:15","modified_gmt":"2025-10-25T07:44:15","slug":"kinas-inzenieri-boja-asml-iekartu-meginot-atklat-noslepumus-un-ludz-razotaju-pec-palidzibas-lente-lv","status":"publish","type":"post","link":"https:\/\/www.europesays.com\/lv\/30579\/","title":{"rendered":"\u0136\u012bnas in\u017eenieri boj\u0101 ASML iek\u0101rtu, m\u0113\u0123inot atkl\u0101t nosl\u0113pumus, un l\u016bdz ra\u017eot\u0101ju p\u0113c pal\u012bdz\u012bbas\u00a0\u2014\u00a0Lente.lv"},"content":{"rendered":"<p>\u0136\u012bnas amb\u012bcijas un ASML iek\u0101rtu boj\u0101jumi<\/p>\n<p>Nesen\u0101 atgad\u012bjum\u0101, kad nenoteikta \u0136\u012bnas organiz\u0101cija m\u0113\u0123in\u0101ja atkl\u0101t nosl\u0113pumus, kas sl\u0113pjas N\u012bderlandes uz\u0146\u0113muma ASML Holding izstr\u0101d\u0101taj\u0101s litogr\u0101fijas iek\u0101rt\u0101s, tika fiks\u0113ts b\u016btisks incidents. \u0160\u012bs iek\u0101rtas ir tehnolo\u0123iski vismodern\u0101k\u0101s pasaul\u0113, nodro\u0161inot iesp\u0113ju ra\u017eot mikrosh\u0113mas, kas ir m\u016bsdienu digit\u0101l\u0101s pasaules pamat\u0101. Lai gan daudzas valstis un uz\u0146\u0113mumi cen\u0161as atk\u0101rtot ASML sasniegumus, \u0136\u012bnas centieni \u0161aj\u0101 jom\u0101 joproj\u0101m prasa iev\u0113rojamu att\u012bst\u012bbu.<\/p>\n<p>Avoti, atsaucoties uz dro\u0161\u012bbas speci\u0101listu Brendonu Vaichertu, nor\u0101da, ka \u0136\u012bnas in\u017eenieri ir izr\u0101d\u012bju\u0161i sp\u0113c\u012bgu v\u0113lmi izprast vec\u0101ku ASML Deep Ultraviolet (DUV) litogr\u0101fijas iek\u0101rtu iek\u0161\u0113jo meh\u0101nismu darb\u012bbu. Vi\u0146u galvenais m\u0113r\u0137is ir rad\u012bt pa\u0161u ra\u017eo\u0161anas jaudas mikrosh\u0113mu ra\u017eo\u0161anai, k\u0101 ar\u012b att\u012bst\u012bt v\u0113l progres\u012bv\u0101kas litogr\u0101fijas sist\u0113mas. Diem\u017e\u0113l \u0161ie m\u0113\u0123in\u0101jumi atv\u0113rt un izp\u0113t\u012bt iek\u0101rtu, lai atdarin\u0101tu t\u0101s tehnolo\u0123iju, novedu\u0161i pie iek\u0101rtas boj\u0101\u0161anas.<\/p>\n<p>Sekas un tehnolo\u0123isk\u0101 c\u012b\u0146a<\/p>\n<p>Rezult\u0101t\u0101, saboj\u0101jot DUV iek\u0101rtu, \u0137\u012bnie\u0161u in\u017eenieri bija spiesti v\u0113rsties p\u0113c pal\u012bdz\u012bbas pie pa\u0161as ASML. N\u012bderlandes speci\u0101listi, ierodoties \u0136\u012bn\u0101, \u0101tri konstat\u0113ja, ka iek\u0101rtu m\u0113\u0123in\u0101ts izjaukt un p\u0113c tam atk\u0101rtoti salikt, kas, ac\u012bmredzot, tika paveikts neveiksm\u012bgi. \u0160is incidents ir uzskat\u0101ms par spilgtu ilustr\u0101ciju tam, cik liels ir ASML tehnolo\u0123iju nosl\u0113pumain\u012bbas l\u012bmenis un cik gr\u016bti ir t\u0101s atk\u0101rtot bez atbilsto\u0161\u0101m zin\u0101\u0161an\u0101m un at\u013cauj\u0101m.<\/p>\n<p>Vaicherts uzsver, ka \u0161\u0101ds gad\u012bjums atspogu\u013co ASV noteikto sankciju un eksporta ierobe\u017eojumu posto\u0161o ietekmi uz \u0136\u012bnas centieniem att\u012bst\u012bt savu augsto tehnolo\u0123iju nozari. Pirms biju\u0161ais ASV prezidents Donalds Tramps ieviesa \u0161os ierobe\u017eojumus, \u0136\u012bna akt\u012bvi ieg\u0101d\u0101j\u0101s lietotu un vec\u0101ku apr\u012bkojumu mikrosh\u0113mu ra\u017eo\u0161anai. Tom\u0113r, zaud\u0113jot leg\u0101los importa ce\u013cus, \u0136\u012bna tagad ir spiesta mekl\u0113t radik\u0101l\u0101kus risin\u0101jumus.<\/p>\n<p>\u0136\u012bnas strat\u0113\u0123ija un glob\u0101l\u0101s industri\u0101l\u0101s p\u0101rmai\u0146as<\/p>\n<p>Vaicherts ilgsto\u0161i seko l\u012bdzi \u0136\u012bnas ce\u013cam uz ekonomisko uzplaukumu, atz\u012bm\u0113jot, ka valsts un t\u0101s uz\u0146\u0113mumi bie\u017ei vien ir guvu\u0161i pan\u0101kumus, balstoties uz eso\u0161u inov\u0101ciju kop\u0113\u0161anu vai adapt\u0101ciju no tehnolo\u0123iski att\u012bst\u012bt\u0101k\u0101m valst\u012bm. \u0160obr\u012bd \u0161ie pa\u0161i sp\u0113l\u0113t\u0101ji cen\u0161as ieg\u016bt un reproduc\u0113t Rietumu valstu progres\u012bv\u0101s ra\u017eo\u0161anas tehnolo\u0123ijas, lai ne tikai palielin\u0101tu savus finan\u0161u ie\u0146\u0113mumus, bet ar\u012b nostiprin\u0101tu \u0136\u012bnas strat\u0113\u0123isko poz\u012bciju glob\u0101laj\u0101 mikrosh\u0113mu un m\u0101ksl\u012bg\u0101 intelekta (MI) industrij\u0101.<\/p>\n<p>Tikm\u0113r Eiropas un citu Rietumu valstu auto ra\u017eot\u0101ji un uz\u0146\u0113mumi, kas nodarbojas ar \u201cza\u013c\u0101s\u201d ener\u0123ijas tehnolo\u0123iju izstr\u0101di, ir izteiku\u0161i \u0161oku par saviem jaun\u0101kajiem apmekl\u0113jumiem \u0136\u012bn\u0101. Vi\u0146us p\u0101rsteidz visaptvero\u0161\u0101 automatiz\u0101cija un robotiz\u0101cija, kas jau tiek pla\u0161i izmantota ra\u017eo\u0161an\u0101. Vienlaikus Eiropas automobi\u013cu industrija gatavojas potenci\u0101lajam ra\u017eo\u0161anas \u0161okam, ko var izrais\u012bt \u0136\u012bnas eksporta ierobe\u017eojumi pusvad\u012bt\u0101jiem no uz\u0146\u0113muma Nexperia, kas ir noz\u012bm\u012bgs pieg\u0101d\u0101t\u0101js auto ra\u017eo\u0161anas sektoram.<\/p>\n","protected":false},"excerpt":{"rendered":"\u0136\u012bnas amb\u012bcijas un ASML iek\u0101rtu boj\u0101jumi Nesen\u0101 atgad\u012bjum\u0101, kad nenoteikta \u0136\u012bnas organiz\u0101cija m\u0113\u0123in\u0101ja atkl\u0101t nosl\u0113pumus, kas sl\u0113pjas N\u012bderlandes&hellip;\n","protected":false},"author":2,"featured_media":30580,"comment_status":"","ping_status":"","sticky":false,"template":"","format":"standard","meta":{"footnotes":""},"categories":[16],"tags":[8917,77,76,4213,35,39,38,36,37,34,8918,40,6860,8919],"class_list":{"0":"post-30579","1":"post","2":"type-post","3":"status-publish","4":"format-standard","5":"has-post-thumbnail","7":"category-bizness","8":"tag-asml","9":"tag-bizness","10":"tag-business","11":"tag-kina","12":"tag-latvia","13":"tag-latvian","14":"tag-latviesu","15":"tag-latviesu-valoda","16":"tag-latviesuvaloda","17":"tag-latvija","18":"tag-litografija","19":"tag-lv","20":"tag-mikroshemas","21":"tag-tehnologiju-zadziba"},"share_on_mastodon":{"url":"https:\/\/pubeurope.com\/@lv\/115433692436866826","error":""},"_links":{"self":[{"href":"https:\/\/www.europesays.com\/lv\/wp-json\/wp\/v2\/posts\/30579","targetHints":{"allow":["GET"]}}],"collection":[{"href":"https:\/\/www.europesays.com\/lv\/wp-json\/wp\/v2\/posts"}],"about":[{"href":"https:\/\/www.europesays.com\/lv\/wp-json\/wp\/v2\/types\/post"}],"author":[{"embeddable":true,"href":"https:\/\/www.europesays.com\/lv\/wp-json\/wp\/v2\/users\/2"}],"replies":[{"embeddable":true,"href":"https:\/\/www.europesays.com\/lv\/wp-json\/wp\/v2\/comments?post=30579"}],"version-history":[{"count":0,"href":"https:\/\/www.europesays.com\/lv\/wp-json\/wp\/v2\/posts\/30579\/revisions"}],"wp:featuredmedia":[{"embeddable":true,"href":"https:\/\/www.europesays.com\/lv\/wp-json\/wp\/v2\/media\/30580"}],"wp:attachment":[{"href":"https:\/\/www.europesays.com\/lv\/wp-json\/wp\/v2\/media?parent=30579"}],"wp:term":[{"taxonomy":"category","embeddable":true,"href":"https:\/\/www.europesays.com\/lv\/wp-json\/wp\/v2\/categories?post=30579"},{"taxonomy":"post_tag","embeddable":true,"href":"https:\/\/www.europesays.com\/lv\/wp-json\/wp\/v2\/tags?post=30579"}],"curies":[{"name":"wp","href":"https:\/\/api.w.org\/{rel}","templated":true}]}}