{"id":30589,"date":"2025-10-25T08:11:22","date_gmt":"2025-10-25T08:11:22","guid":{"rendered":"https:\/\/www.europesays.com\/lv\/30589\/"},"modified":"2025-10-25T08:11:22","modified_gmt":"2025-10-25T08:11:22","slug":"pabeigta-balta-nama-dalas-nojauksana-lai-atbrivotu-vietu-trampa-deju-zalei","status":"publish","type":"post","link":"https:\/\/www.europesays.com\/lv\/30589\/","title":{"rendered":"Pabeigta Balt\u0101 nama da\u013cas nojauk\u0161ana, lai atbr\u012bvotu vietu Trampa deju z\u0101lei"},"content":{"rendered":"<p>Va\u0161ington\u0101 ir pabeigta Balt\u0101 nama Austrumu sp\u0101rna nojauk\u0161ana, lai atbr\u012bvotu vietu ASV prezidenta Donalda Trampa iecer\u0113t\u0101s deju z\u0101les uzcel\u0161anai par 300 miljoniem ASV dol\u0101ru, ceturtdien liecin\u0101ja satel\u012btatt\u0113li.<\/p>\n<p>Nojauk\u0161anas darbi tika pabeigti laik\u0101, kad Baltais nams public\u0113ja deju z\u0101les ziedot\u0101ju sarakstu, kur\u0101 ir uz\u0146\u0113mumi &#8220;Apple&#8221;, &#8220;Google&#8221; un &#8220;Meta&#8221;.<\/p>\n<p>Viet\u0101, kur atrad\u0101s Austrumu sp\u0101rns, tagad ir redzama pel\u0113kbr\u016bna gruve\u0161u kaudze.<\/p>\n<p>Prezidents uzst\u0101j, ka deju z\u0101le ar 1000 viet\u0101m ir \u013coti vajadz\u012bga, jo valsts banketi un citi lieli pas\u0101kumi pa\u0161laik ir j\u0101r\u012bko telt\u012bs, kuras uz laiku tiek uzslietas Balt\u0101 nama mauri\u0146\u0101.<\/p>\n<p>Tramps ar\u012b pateica, ka jaun\u0101 deju z\u0101le izmaks\u0101s 300 miljonus dol\u0101ru. <\/p>\n<p><img decoding=\"async\" src=\"https:\/\/www.europesays.com\/lv\/wp-content\/uploads\/2025\/10\/510ca7d3f448918421a6baa12706a71c.jpg\" title=\"Baltais nams. Foto: scanpix\/AP Photo\/Jacquelyn Martin\" alt=\"Baltais nams. Foto: scanpix\/AP Photo\/Jacquelyn Martin\"\/><\/p>\n<p class=\"article-img-desc\">Baltais nams. Foto: scanpix\/AP Photo\/Jacquelyn Martin<\/p>\n","protected":false},"excerpt":{"rendered":"Va\u0161ington\u0101 ir pabeigta Balt\u0101 nama Austrumu sp\u0101rna nojauk\u0161ana, lai atbr\u012bvotu vietu ASV prezidenta Donalda Trampa iecer\u0113t\u0101s deju z\u0101les&hellip;\n","protected":false},"author":2,"featured_media":30590,"comment_status":"","ping_status":"","sticky":false,"template":"","format":"standard","meta":{"footnotes":""},"categories":[5],"tags":[129,960,23,28,29,32,33,22,30,31,35,39,38,36,37,34,40,20,26,27,961,962,24,25,21],"class_list":{"0":"post-30589","1":"post","2":"type-post","3":"status-publish","4":"format-standard","5":"has-post-thumbnail","7":"category-aktualitates","8":"tag-__typenameadvicekeyword","9":"tag-id1007","10":"tag-aktualitates","11":"tag-breaking-news","12":"tag-breakingnews","13":"tag-featured-news","14":"tag-featurednews","15":"tag-headlines","16":"tag-latest-news","17":"tag-latestnews","18":"tag-latvia","19":"tag-latvian","20":"tag-latviesu","21":"tag-latviesu-valoda","22":"tag-latviesuvaloda","23":"tag-latvija","24":"tag-lv","25":"tag-news","26":"tag-popularakas-zinas","27":"tag-popularakaszinas","28":"tag-slugdonalds-tramps","29":"tag-titledonalds-tramps","30":"tag-top-stories","31":"tag-topstories","32":"tag-zinas"},"share_on_mastodon":{"url":"https:\/\/pubeurope.com\/@lv\/115433798695038320","error":""},"_links":{"self":[{"href":"https:\/\/www.europesays.com\/lv\/wp-json\/wp\/v2\/posts\/30589","targetHints":{"allow":["GET"]}}],"collection":[{"href":"https:\/\/www.europesays.com\/lv\/wp-json\/wp\/v2\/posts"}],"about":[{"href":"https:\/\/www.europesays.com\/lv\/wp-json\/wp\/v2\/types\/post"}],"author":[{"embeddable":true,"href":"https:\/\/www.europesays.com\/lv\/wp-json\/wp\/v2\/users\/2"}],"replies":[{"embeddable":true,"href":"https:\/\/www.europesays.com\/lv\/wp-json\/wp\/v2\/comments?post=30589"}],"version-history":[{"count":0,"href":"https:\/\/www.europesays.com\/lv\/wp-json\/wp\/v2\/posts\/30589\/revisions"}],"wp:featuredmedia":[{"embeddable":true,"href":"https:\/\/www.europesays.com\/lv\/wp-json\/wp\/v2\/media\/30590"}],"wp:attachment":[{"href":"https:\/\/www.europesays.com\/lv\/wp-json\/wp\/v2\/media?parent=30589"}],"wp:term":[{"taxonomy":"category","embeddable":true,"href":"https:\/\/www.europesays.com\/lv\/wp-json\/wp\/v2\/categories?post=30589"},{"taxonomy":"post_tag","embeddable":true,"href":"https:\/\/www.europesays.com\/lv\/wp-json\/wp\/v2\/tags?post=30589"}],"curies":[{"name":"wp","href":"https:\/\/api.w.org\/{rel}","templated":true}]}}