{"id":30594,"date":"2025-10-25T08:17:13","date_gmt":"2025-10-25T08:17:13","guid":{"rendered":"https:\/\/www.europesays.com\/lv\/30594\/"},"modified":"2025-10-25T08:17:13","modified_gmt":"2025-10-25T08:17:13","slug":"riga-notiek-plasa-meroga-evakuacijas-macibas-lente-lv","status":"publish","type":"post","link":"https:\/\/www.europesays.com\/lv\/30594\/","title":{"rendered":"R\u012bg\u0101 notiek pla\u0161a m\u0113roga evaku\u0101cijas m\u0101c\u012bbas\u00a0\u2014\u00a0Lente.lv"},"content":{"rendered":"<p>R\u012bdzinieki gatavojas dabas stihij\u0101m: R\u012bg\u0101 norit pla\u0161a m\u0113roga evaku\u0101cijas m\u0101c\u012bbas<\/p>\n<p>R\u012bg\u0101, piektdien, 24. oktobr\u012b, norisin\u0101j\u0101s pla\u0161a m\u0113roga evaku\u0101cijas m\u0101c\u012bbas, kur\u0101s vair\u0101ki desmiti galvaspils\u0113tas iedz\u012bvot\u0101ju tika aicin\u0101ti iejusties re\u0101l\u0101 kr\u012bzes situ\u0101cij\u0101. M\u0101c\u012bbu scen\u0101rijs paredz\u0113ja, ka cilv\u0113ki steidzami pamet savas m\u0101jvietas, lai gl\u0101btos no pl\u016bdu draudiem, un dodas uz pa\u0161vald\u012bbas nodro\u0161in\u0101tu dro\u0161u patv\u0113rumu. \u0160\u012b iniciat\u012bva, ko organiz\u0113ja Latvijas Sarkanais Krusts sadarb\u012bb\u0101 ar Valsts ugunsdz\u0113s\u012bbas un gl\u0101b\u0161anas dienestu un R\u012bgas pa\u0161vald\u012bbas Civil\u0101s aizsardz\u012bbas un operat\u012bv\u0101s inform\u0101cijas p\u0101rvaldi, sniedza dal\u012bbniekiem v\u0113rt\u012bgu praktisku pieredzi neparedzamu notikumu risin\u0101\u0161an\u0101.<\/p>\n<p>Simul\u0113t\u0101 kr\u012bze R\u012bgas 9. vidusskol\u0101<\/p>\n<p>Par m\u0101c\u012bbu norises vietu tika izv\u0113l\u0113ta R\u012bgas 9. vidusskola, kas p\u0101rtapa par dro\u0161u patv\u0113rumu desmitiem r\u012bdzinieku. Vi\u0146i tika evaku\u0113ti no diviem galvenajiem pulc\u0113\u0161an\u0101s punktiem \u2013 Nat\u0101lijas Draudzi\u0146as vidusskolas un R\u012bgas Ark\u0101dijas vidusskolas. Dal\u012bbniekiem tika nodro\u0161in\u0101ts transports uz R\u012bgas 9. vidusskolu, kur vi\u0146i pieredz\u0113ja praktisku evaku\u0101cijas centra atv\u0113r\u0161anas simul\u0101ciju. Tas \u013c\u0101va sajust re\u0101l\u0101s situ\u0101cijas spriedzi un nepiecie\u0161am\u012bbu r\u012bkoties dro\u0161\u0101 un kontrol\u0113t\u0101 vid\u0113, sniedzot p\u0101rliec\u012bbu par sav\u0101m sp\u0113j\u0101m neparedzamos apst\u0101k\u013cos.<\/p>\n<p>Sagatavo\u0161an\u0101s un praktisk\u0101s iema\u0146as<\/p>\n<p>M\u0101c\u012bbu laik\u0101 dal\u012bbniekiem bija iesp\u0113ja ne tikai izdz\u012bvot simul\u0113tu evaku\u0101ciju, bet ar\u012b atsvaidzin\u0101t zin\u0101\u0161anas par pirmo pal\u012bdz\u012bbu un uzzin\u0101t, k\u0101 sagatavot nepiecie\u0161amo &#8220;72 stundu somu&#8221; jeb kr\u012bzes gatav\u012bbas komplektu. \u0160\u0101da soma ir b\u016btiska ikvienai \u0123imenei, lai nodro\u0161in\u0101tu sevi ar nepiecie\u0161amaj\u0101m liet\u0101m pirmaj\u0101m trim dien\u0101m, ja rodas nepiecie\u0161am\u012bba pamest m\u0101jokli. Latvijas Sarkan\u0101 krusta p\u0101rst\u0101vis Lauris Mainieks uzsv\u0113ra, ka tiek test\u0113tas ar\u012b evaku\u0101cijas centra person\u0101la sp\u0113jas: &#8220;M\u0113s test\u0113jam evaku\u0101cijas centra person\u0101la sp\u0113jas iek\u0101rtot centru un uz\u0146emt \u0161os iedz\u012bvot\u0101jus. Tas noz\u012bm\u0113 ne tikai novietot vi\u0146iem gultu skolas z\u0101l\u0113, bet re\u0123istr\u0113t vi\u0146us, izsniegt vi\u0146iem vakari\u0146as, nodro\u0161in\u0101t ar higi\u0113nas prec\u0113m, sniegt pirmo medic\u012bnisko un psiholo\u0123isko pal\u012bdz\u012bbu.&#8221; R\u012bgas pa\u0161vald\u012bba mudina iedz\u012bvot\u0101jus izmantot \u0161\u0101das unik\u0101las iesp\u0113jas, jo dro\u0161\u012bba s\u0101kas ar individu\u0101lu atbild\u012bbu un zin\u0101\u0161an\u0101m.<\/p>\n<p>Pl\u016bdu draudi R\u012bg\u0101 \u2013 re\u0101la probl\u0113ma<\/p>\n<p>R\u012bgas pils\u0113tas atra\u0161an\u0101s Daugavas lejtec\u0113 pie R\u012bgas j\u016bras l\u012b\u010da padara to \u012bpa\u0161i uz\u0146\u0113m\u012bgu pret pl\u016bdiem. Klimata p\u0101rmai\u0146u prognozes liecina, ka n\u0101kotn\u0113 appl\u016b\u0161anas varb\u016bt\u012bba un apjoms var pieaugt. V\u0113juzpl\u016bdi rada iev\u0113rojami liel\u0101kus draudus nek\u0101 pavasara palu izrais\u012btie pl\u016bdi. Lai gan eso\u0161\u0101 pretpl\u016bdu aizsardz\u012bba pagaid\u0101m pasarg\u0101 pils\u0113tu no v\u0113juzpl\u016bdiem, kas nep\u0101rsniedz noteiktus metrus, ir svar\u012bgi past\u0101v\u012bgi dom\u0101t par risin\u0101jumiem, kas nodro\u0161in\u0101tu iedz\u012bvot\u0101jiem iesp\u0113jami maz\u0101kus zaud\u0113jumus un ilgtsp\u0113j\u012bgu pils\u0113tas att\u012bst\u012bbu. Valsts ugunsdz\u0113s\u012bbas un gl\u0101b\u0161anas dienests (VUGD) sniedz rekomend\u0101cijas iedz\u012bvot\u0101jiem par r\u012bc\u012bbu pl\u016bdu apdraud\u0113juma gad\u012bjum\u0101, uzsverot, ka sagatavo\u0161an\u0101s noz\u012bm\u0113 maz\u0101ku uztraukumu un apdraud\u0113jumu. Lai samazin\u0101tu materi\u0101los zaud\u0113jumus, ieteicams p\u0101rvietot mantas no pagrabtelp\u0101m un pirmajiem st\u0101viem uz augst\u0101kiem, nostiprin\u0101t pagalm\u0101 eso\u0161os priek\u0161metus un sagatavot evaku\u0101cijai nepiecie\u0161amo transportu un peldl\u012bdzek\u013cus. Atst\u0101jot m\u0101ju, j\u0101atceras atsl\u0113gt elektroener\u0123ijas un g\u0101zes padevi, k\u0101 ar\u012b aizv\u0113rt logus un durvis.<\/p>\n<p>Iedz\u012bvot\u0101ju gatav\u012bba un atbild\u012bba<\/p>\n<p>R\u012bgas pa\u0161vald\u012bba aicina iedz\u012bvot\u0101jus akt\u012bvi piedal\u012bties l\u012bdz\u012bg\u0101s m\u0101c\u012bb\u0101s n\u0101kotn\u0113, lai pilnveidotu savas kr\u012bzes gatav\u012bbas prasmes. \u0160\u0101das praktisk\u0101s nodarb\u012bbas ir nenov\u0113rt\u0113jamas, jo pal\u012bdz p\u0101rvar\u0113t psiholo\u0123isko barjeru un sniedz p\u0101rliec\u012bbu par sav\u0101m sp\u0113j\u0101m r\u012bkoties pareizi, kad tas b\u016bs visvair\u0101k nepiecie\u0161ams. Ir svar\u012bgi, lai ikviens r\u012bdzinieks iepaz\u012btos ar civil\u0101s aizsardz\u012bbas pl\u0101niem un noder\u012bgiem informat\u012bvajiem materi\u0101liem, kas pieejami pa\u0161vald\u012bbas t\u012bmek\u013cvietn\u0113s. \u0160\u0101da inform\u0101cija pal\u012bdz lab\u0101k izprast r\u012bc\u012bbu da\u017e\u0101d\u0101s \u0101rk\u0101rtas situ\u0101cij\u0101s, padarot sabiedr\u012bbu kopum\u0101 notur\u012bg\u0101ku pret neparedzamiem notikumiem.<\/p>\n<p>M\u0101c\u012bbas R\u012bgas 9. vidusskol\u0101 ilga l\u012bdz sestdienas, 25. oktobra, r\u012btam, dodot dal\u012bbniekiem iesp\u0113ju pilnv\u0113rt\u012bgi izbaud\u012bt un apg\u016bt nepiecie\u0161am\u0101s zin\u0101\u0161anas un iema\u0146as.<\/p>\n","protected":false},"excerpt":{"rendered":"R\u012bdzinieki gatavojas dabas stihij\u0101m: R\u012bg\u0101 norit pla\u0161a m\u0113roga evaku\u0101cijas m\u0101c\u012bbas R\u012bg\u0101, piektdien, 24. oktobr\u012b, norisin\u0101j\u0101s pla\u0161a m\u0113roga evaku\u0101cijas&hellip;\n","protected":false},"author":2,"featured_media":30595,"comment_status":"","ping_status":"","sticky":false,"template":"","format":"standard","meta":{"footnotes":""},"categories":[5],"tags":[23,9268,28,29,9267,32,33,22,9269,30,31,35,39,38,36,37,34,40,20,4821,26,27,172,24,25,21],"class_list":{"0":"post-30594","1":"post","2":"type-post","3":"status-publish","4":"format-standard","5":"has-post-thumbnail","7":"category-aktualitates","8":"tag-aktualitates","9":"tag-arkartas-situacijas","10":"tag-breaking-news","11":"tag-breakingnews","12":"tag-evakuacijas-macibas","13":"tag-featured-news","14":"tag-featurednews","15":"tag-headlines","16":"tag-iedzivotaju-drosiba","17":"tag-latest-news","18":"tag-latestnews","19":"tag-latvia","20":"tag-latvian","21":"tag-latviesu","22":"tag-latviesu-valoda","23":"tag-latviesuvaloda","24":"tag-latvija","25":"tag-lv","26":"tag-news","27":"tag-pludi","28":"tag-popularakas-zinas","29":"tag-popularakaszinas","30":"tag-riga","31":"tag-top-stories","32":"tag-topstories","33":"tag-zinas"},"share_on_mastodon":{"url":"https:\/\/pubeurope.com\/@lv\/115433822067441052","error":""},"_links":{"self":[{"href":"https:\/\/www.europesays.com\/lv\/wp-json\/wp\/v2\/posts\/30594","targetHints":{"allow":["GET"]}}],"collection":[{"href":"https:\/\/www.europesays.com\/lv\/wp-json\/wp\/v2\/posts"}],"about":[{"href":"https:\/\/www.europesays.com\/lv\/wp-json\/wp\/v2\/types\/post"}],"author":[{"embeddable":true,"href":"https:\/\/www.europesays.com\/lv\/wp-json\/wp\/v2\/users\/2"}],"replies":[{"embeddable":true,"href":"https:\/\/www.europesays.com\/lv\/wp-json\/wp\/v2\/comments?post=30594"}],"version-history":[{"count":0,"href":"https:\/\/www.europesays.com\/lv\/wp-json\/wp\/v2\/posts\/30594\/revisions"}],"wp:featuredmedia":[{"embeddable":true,"href":"https:\/\/www.europesays.com\/lv\/wp-json\/wp\/v2\/media\/30595"}],"wp:attachment":[{"href":"https:\/\/www.europesays.com\/lv\/wp-json\/wp\/v2\/media?parent=30594"}],"wp:term":[{"taxonomy":"category","embeddable":true,"href":"https:\/\/www.europesays.com\/lv\/wp-json\/wp\/v2\/categories?post=30594"},{"taxonomy":"post_tag","embeddable":true,"href":"https:\/\/www.europesays.com\/lv\/wp-json\/wp\/v2\/tags?post=30594"}],"curies":[{"name":"wp","href":"https:\/\/api.w.org\/{rel}","templated":true}]}}