{"id":30600,"date":"2025-10-25T08:37:09","date_gmt":"2025-10-25T08:37:09","guid":{"rendered":"https:\/\/www.europesays.com\/lv\/30600\/"},"modified":"2025-10-25T08:37:09","modified_gmt":"2025-10-25T08:37:09","slug":"kekavas-florbolisti-majas-spele-izcina-uzvaru-bullisu-serija","status":"publish","type":"post","link":"https:\/\/www.europesays.com\/lv\/30600\/","title":{"rendered":"\u0136ekavas florbolisti m\u0101jas sp\u0113l\u0113 izc\u012bna uzvaru &#8220;bull\u012b\u0161u&#8221; s\u0113rij\u0101"},"content":{"rendered":"<p>Pie diviem punktiem un tre\u0161\u0101s uzvaras sezon\u0101 piektdien vakar\u0101 Latvijas florbola virsl\u012bgas sp\u0113l\u0113 tika \u201c\u0136ekava\/RB&amp;B\u201d komanda, kas sav\u0101s m\u0101j\u0101s p\u0113csp\u0113les metienu s\u0113rij\u0101 p\u0101rsp\u0113ja florbola klubu \u201cValmiera\u201d. Pirmaj\u0101 l\u012bg\u0101 uzvaru svin\u0113ja \u201cMasters Ulbroka\u201d florbolisti.<\/p>\n<p>\u0136ekavas un Valmieras komandu c\u012b\u0146\u0101 vad\u012bb\u0101 p\u0101rmai\u0146us izvirz\u012bj\u0101s abi s\u0101ncen\u0161i, bet vien\u012bgo reizi divu v\u0101rtu p\u0101rsvars k\u0101dai komandai bija tre\u0161\u0101s ceturtda\u013cas s\u0101kum\u0101, kad \u0137ekavie\u0161i bija pan\u0101ku\u0161i 7:5. Jau n\u0101kamo nepilnu \u010detru min\u016b\u0161u laik\u0101 valmierie\u0161i izl\u012bdzin\u0101ja rezult\u0101tu, un ne atliku\u0161aj\u0101 pamatlaik\u0101, ne pagarin\u0101jum\u0101 uzvaras v\u0101rtus nevienai g\u016bt neizdev\u0101s.<\/p>\n<p>Uzvar\u0113t\u0101jus bija j\u0101nnoskaidro p\u0113csp\u0113les metienu s\u0113rij\u0101, un taj\u0101 ar 3:1 p\u0101r\u0101ki bija \u201c\u0136ekava\/RB&amp;B\u201d florbolisti \u2013 uzvara 8:7. Patriks Bliska \u0137ekavie\u0161u rind\u0101s izc\u0113l\u0101s ar \u201chettriku\u201d, K\u0101rlim Deginam un Reinim Melgailim pa 1+1.<\/p>\n<p>Virsl\u012bgas turn\u012bra tabul\u0101 \u0136ekavas florbolisti ie\u0146em sept\u012bto vietu \u2013 9 punkti 8 sp\u0113l\u0113s. Tikpat punktu, bet sp\u0113le rezerv\u0113 ir florbola klubam \u201cS\u0100C\u201d. L\u012bdere ar 23 punktiem asto\u0146os ma\u010dos ir \u201cMasters Ulbroka\u201d\/LU komanda.<\/p>\n<p>Latvijas pirm\u0101s l\u012bgas turn\u012br\u0101 \u201cMasters Ulbroka\u201d kluba otr\u0101 komanda piektdien viesoj\u0101s pie sporta kluba \u201cSlampe\u201d\/\u201dZevid\u201d florbolistiem un jau pirmaj\u0101 tre\u0161da\u013c\u0101 ielika sol\u012bdus pamatus uzvarai (5:1). Laukuma saimnieki sp\u0113les gait\u0101 starp\u012bbu samazin\u0101ja l\u012bdz diviem goliem, ta\u010du tre\u0161aj\u0101 tre\u0161da\u013c\u0101 ar trim prec\u012bziem metieniem tr\u012bsarpus min\u016b\u0161u laik\u0101 ulbrokie\u0161i iz\u0161\u0137\u012bra c\u012b\u0146as izn\u0101kumu \u2013 12:7 (Ren\u0101ram Liepi\u0146am 4+2, Markum Sanderam 3+0, Gustavam Liekni\u0146am 2+1, Robertam Timmam 1+3).<\/p>\n<p>Ar \u010detr\u0101m uzvar\u0101m un 11 punktiem se\u0161\u0101s sp\u0113l\u0113s \u201cMasters Ulbroka\u201d Rietumu grup\u0101 ie\u0146em tre\u0161o vietu.<\/p>\n","protected":false},"excerpt":{"rendered":"Pie diviem punktiem un tre\u0161\u0101s uzvaras sezon\u0101 piektdien vakar\u0101 Latvijas florbola virsl\u012bgas sp\u0113l\u0113 tika \u201c\u0136ekava\/RB&amp;B\u201d komanda, kas sav\u0101s&hellip;\n","protected":false},"author":2,"featured_media":30601,"comment_status":"","ping_status":"","sticky":false,"template":"","format":"standard","meta":{"footnotes":""},"categories":[17],"tags":[118,35,39,38,36,37,34,40,443,67],"class_list":{"0":"post-30600","1":"post","2":"type-post","3":"status-publish","4":"format-standard","5":"has-post-thumbnail","7":"category-sports","8":"tag-kekava","9":"tag-latvia","10":"tag-latvian","11":"tag-latviesu","12":"tag-latviesu-valoda","13":"tag-latviesuvaloda","14":"tag-latvija","15":"tag-lv","16":"tag-ropazi","17":"tag-sports"},"share_on_mastodon":{"url":"https:\/\/pubeurope.com\/@lv\/115433900774621618","error":""},"_links":{"self":[{"href":"https:\/\/www.europesays.com\/lv\/wp-json\/wp\/v2\/posts\/30600","targetHints":{"allow":["GET"]}}],"collection":[{"href":"https:\/\/www.europesays.com\/lv\/wp-json\/wp\/v2\/posts"}],"about":[{"href":"https:\/\/www.europesays.com\/lv\/wp-json\/wp\/v2\/types\/post"}],"author":[{"embeddable":true,"href":"https:\/\/www.europesays.com\/lv\/wp-json\/wp\/v2\/users\/2"}],"replies":[{"embeddable":true,"href":"https:\/\/www.europesays.com\/lv\/wp-json\/wp\/v2\/comments?post=30600"}],"version-history":[{"count":0,"href":"https:\/\/www.europesays.com\/lv\/wp-json\/wp\/v2\/posts\/30600\/revisions"}],"wp:featuredmedia":[{"embeddable":true,"href":"https:\/\/www.europesays.com\/lv\/wp-json\/wp\/v2\/media\/30601"}],"wp:attachment":[{"href":"https:\/\/www.europesays.com\/lv\/wp-json\/wp\/v2\/media?parent=30600"}],"wp:term":[{"taxonomy":"category","embeddable":true,"href":"https:\/\/www.europesays.com\/lv\/wp-json\/wp\/v2\/categories?post=30600"},{"taxonomy":"post_tag","embeddable":true,"href":"https:\/\/www.europesays.com\/lv\/wp-json\/wp\/v2\/tags?post=30600"}],"curies":[{"name":"wp","href":"https:\/\/api.w.org\/{rel}","templated":true}]}}