{"id":3061,"date":"2025-09-23T15:01:08","date_gmt":"2025-09-23T15:01:08","guid":{"rendered":"https:\/\/www.europesays.com\/lv\/3061\/"},"modified":"2025-09-23T15:01:08","modified_gmt":"2025-09-23T15:01:08","slug":"ceturtdien-notiks-viens-no-retajiem-openkart-attistibas-ligas-posmiem-motoru-sports-sportacentrs-com","status":"publish","type":"post","link":"https:\/\/www.europesays.com\/lv\/3061\/","title":{"rendered":"Ceturtdien notiks viens no retajiem &#8220;Openkart&#8221; Att\u012bst\u012bbas l\u012bgas posmiem \u2013 Motoru sports \u2013 Sportacentrs.com"},"content":{"rendered":"<p>Tiks izmantota trase virzien\u0101 pa pulksteni, k\u0101 tas ir ikdien\u0101. Posms b\u016bs ar\u012b SWS &#8220;Sprint Cup&#8221; un &#8220;Junior Cup&#8221; sac\u012bkste ar div\u0101m ieskait\u0113m. Form\u0101ts ar trim kvalifik\u0101cijas sesij\u0101m un 15 ap\u013cus gariem fin\u0101liem ar trim &#8220;Joker&#8221; ap\u013ciem.<\/p>\n<p>\u0160\u012b b\u016bs otr\u0101 Att\u012bst\u012bbas l\u012bgas sac\u012bkste \u0161ogad, august\u0101 \u0161aj\u0101 pa\u0161\u0101 tras\u0113 uzvaru izc\u012bn\u012bja Ri\u010dards Alekss \u0160vaglis.<\/p>\n<p>&#8220;Openkart&#8221; Att\u012bst\u012bbas l\u012bgas sac\u012bkstes tika ieviestas 2014.gada sezon\u0101. Att\u012bst\u012bbas l\u012bga ir treni\u0146sac\u012bkstes brauc\u0113jiem un smil\u0161kaste sacens\u012bbu r\u012bkot\u0101jiem, kur notest\u0113t da\u017e\u0101das idejas, k\u0101 ar\u012b iztest\u0113t trases. Kop\u0161 2020. gada Att\u012bst\u012bbas l\u012bgas sac\u012bkstes notiek visai reti, vair\u0101k koncentr\u0113joties uz \u010dempion\u0101ta norisi.<\/p>\n<p>Kopum\u0101 ir notiku\u0161as 53 &#8220;Openkart&#8221; Att\u012bst\u012bbas l\u012bgas sac\u012bkstes, no t\u0101m pa 12 Sporta kompleksa &#8220;333&#8221; Lielaj\u0101 un Mazaj\u0101 tras\u0113, 8 &#8220;Bi\u0137ernieku hall\u0113&#8221; (savulaik &#8220;\u0100truma Cilt&#8221; kartinga halle), 6 &#8220;XL R\u012bga&#8221;, 5 &#8220;Kartings.lv&#8221; hall\u0113, 4 &#8220;Rull\u012bt\u012b&#8221;, 2 Preses nama kartinga hall\u0113, bet pa vienai &#8220;GoPlanet&#8221;, Uzvaras park\u0101, &#8220;333&#8221; Dro\u0161as brauk\u0161anas poligon\u0101 un &#8220;333&#8221; Spices tras\u0113. Kop\u0113jais dal\u012bbnieku skaits &#8211; 459. Visvair\u0101k sac\u012bk\u0161u ir aizvad\u012bjis Kristaps \u0136ilkuts &#8211; 29, Kaspars Ritums &#8211; 23 un Edgars Spro\u0123is &#8211; 20.<\/p>\n<p>Aizvad\u012btaj\u0101s 53 sac\u012bkst\u0113s uzvar\u0113t sp\u0113ju\u0161i 26 dal\u012bbnieki &#8211; 12 reizes Andrejs Laipnieks, pa \u010detr\u0101m Kristaps Gr\u012bnieks, Harijs C\u012brulis un Kaspars Ritums, tr\u012bs reizes \u0112rnijs Bitenieks un J\u0101nis \u010cudovs, bet pa div\u0101m Normunds Skreija, Art\u016brs Freimanis un Dzintars Raits. V\u0113l 17 brauc\u0113jiem ir pa vienai uzvarai. Uz pjedest\u0101la viesoju\u0161ies diezgan daudz brauc\u0113ju &#8211; 69, bet visbie\u017e\u0101k Laipnieks 14 reizes.<\/p>\n<p>Izmantotie resursi:<br \/><a target=\"_blank\" href=\"http:\/\/www.openkart.lv\" rel=\"nofollow noopener\">openkart.lv<br \/>&#8211; amatieru kartinga sacens\u012bbas<\/a><\/p>\n","protected":false},"excerpt":{"rendered":"Tiks izmantota trase virzien\u0101 pa pulksteni, k\u0101 tas ir ikdien\u0101. Posms b\u016bs ar\u012b SWS &#8220;Sprint Cup&#8221; un &#8220;Junior&hellip;\n","protected":false},"author":2,"featured_media":3062,"comment_status":"","ping_status":"","sticky":false,"template":"","format":"standard","meta":{"footnotes":""},"categories":[17],"tags":[35,39,38,36,37,34,40,165,67],"class_list":{"0":"post-3061","1":"post","2":"type-post","3":"status-publish","4":"format-standard","5":"has-post-thumbnail","7":"category-sports","8":"tag-latvia","9":"tag-latvian","10":"tag-latviesu","11":"tag-latviesu-valoda","12":"tag-latviesuvaloda","13":"tag-latvija","14":"tag-lv","15":"tag-motoru-sports","16":"tag-sports"},"share_on_mastodon":{"url":"","error":""},"_links":{"self":[{"href":"https:\/\/www.europesays.com\/lv\/wp-json\/wp\/v2\/posts\/3061","targetHints":{"allow":["GET"]}}],"collection":[{"href":"https:\/\/www.europesays.com\/lv\/wp-json\/wp\/v2\/posts"}],"about":[{"href":"https:\/\/www.europesays.com\/lv\/wp-json\/wp\/v2\/types\/post"}],"author":[{"embeddable":true,"href":"https:\/\/www.europesays.com\/lv\/wp-json\/wp\/v2\/users\/2"}],"replies":[{"embeddable":true,"href":"https:\/\/www.europesays.com\/lv\/wp-json\/wp\/v2\/comments?post=3061"}],"version-history":[{"count":0,"href":"https:\/\/www.europesays.com\/lv\/wp-json\/wp\/v2\/posts\/3061\/revisions"}],"wp:featuredmedia":[{"embeddable":true,"href":"https:\/\/www.europesays.com\/lv\/wp-json\/wp\/v2\/media\/3062"}],"wp:attachment":[{"href":"https:\/\/www.europesays.com\/lv\/wp-json\/wp\/v2\/media?parent=3061"}],"wp:term":[{"taxonomy":"category","embeddable":true,"href":"https:\/\/www.europesays.com\/lv\/wp-json\/wp\/v2\/categories?post=3061"},{"taxonomy":"post_tag","embeddable":true,"href":"https:\/\/www.europesays.com\/lv\/wp-json\/wp\/v2\/tags?post=3061"}],"curies":[{"name":"wp","href":"https:\/\/api.w.org\/{rel}","templated":true}]}}