{"id":30639,"date":"2025-10-25T09:27:07","date_gmt":"2025-10-25T09:27:07","guid":{"rendered":"https:\/\/www.europesays.com\/lv\/30639\/"},"modified":"2025-10-25T09:27:07","modified_gmt":"2025-10-25T09:27:07","slug":"tramps-par-kara-izbeigsanu-ukraina-es-gribetu-lai-kina-mums-palidzetu-jauns-lv","status":"publish","type":"post","link":"https:\/\/www.europesays.com\/lv\/30639\/","title":{"rendered":"Tramps par kara izbeig\u0161anu Ukrain\u0101: &quot;Es grib\u0113tu, lai \u0136\u012bna mums pal\u012bdz\u0113tu&quot; &#8211; Jauns.lv"},"content":{"rendered":"<ol>\n<li><a href=\"https:\/\/news.google.com\/rss\/articles\/CBMirAFBVV95cUxORHd1b0NsU0RlMjdkS1FtNE82TkIwRkV4ZG5jMFB2UXhVWE9aSHhiODBITVZ3ZGc2T0g5ZnFnakpyUzNnVFJXVVQ5Y2lIZ1JtOVg1TzVKS2Mza3VXTTdQeTBoVUdWWFIxc3h6cTF4TnlOZV9Ya0pFYXRuWmlDdGZ0dk9QQ0pqSGp3MTNQUUgyY0p5WVdOVElLY2tSU0FfdllHQndUNHRzNmE2UkFQ?oc=5\" target=\"_blank\" rel=\"nofollow noopener\">Tramps par kara izbeig\u0161anu Ukrain\u0101: &#8220;Es grib\u0113tu, lai \u0136\u012bna mums pal\u012bdz\u0113tu&#8221;<\/a>&nbsp;&nbsp;Jauns.lv<\/li>\n<li><a href=\"https:\/\/news.google.com\/rss\/articles\/CBMipgFBVV95cUxPMzkyaVlORV9kN3NCYkRhRlVjMDhGcVdRcWM2UVBjcldwTm1UZ0wyWU5zdmxTTVVIUHE2d3pSdmEtMzZFbVd1aUVYZWVGWk9jZzJCem1ZT2hRakVFVzlDdl9QaG51bzFLaVAwY2l3b0h4S3lodjVlZWZndTIyR0Z4aXB4S2NfbHJWRlp5ZXE2ZThXMkVsM2tHWlZjWVhWbFRqZGpDaVFn?oc=5\" target=\"_blank\" rel=\"nofollow noopener\">\u201cPutins vi\u0146u respekt\u0113\u2026\u201d Tramps nosauc politi\u0137i, kur\u0161 var\u0113tu pal\u012bdz\u0113t izbeigt karu Ukrain\u0101<\/a>&nbsp;&nbsp;LA.LV<\/li>\n<li><a href=\"https:\/\/news.google.com\/rss\/articles\/CBMijwFBVV95cUxQMlRONEJjaFZ4VE14YVdJRWVDS2FwUWJlRHRQQVJ5eEF1QU9ON2V1MUVaYUhucExBSzNNWWdQZWt5djc5c3VKdmJ2c183Vm11V2R3TmtBcGZMUjFkelhDN2VtSDRyazBFNWxSMTl3R0NpMk5EV09JMnZBdXBoMmdWUUlleWJ4WUpBamx0YUc4MA?oc=5\" target=\"_blank\" rel=\"nofollow noopener\">Tramps dosies viz\u012bt\u0113 uz Malaiziju, Jap\u0101nu un Dienvidkoreju<\/a>&nbsp;&nbsp;TVNET<\/li>\n<li><a href=\"https:\/\/news.google.com\/rss\/articles\/CBMixwFBVV95cUxPY0ZIdHFNU2Z1VkY1UTlvTlAwdFNlbmVxay1ibDgzV1NybDNEMnc4N1gwNkxRUE96ZENDRUlHOUJXM1A0cEdPTkxVLXVoRi1ZYjdEZkppRW9iNk5GM09vOGx5bGR1UjdReDN5OURNTHBRSUVnejFlc2xxODZTTlVDdEo4QldBSTFadDI3V1A3VUlNSFlZX2pocV9Ba0xhRWV2ZUFPMUFHd0ZzSDNPX0MwcVBwXzNtcXVLZGE0T0NqOWZmX3c4ZjVF0gHMAUFVX3lxTE9KMGxMM2VTYURFUHFMLW9DU1hvUWxnaU83TXF3UzJlVnBxTnY0Qkg5Zzk5THU3OENVaXVOSnhPQ29SU3NCWDRBWndWYm5LUFBSdnNiTTlMTlBkal9CUmhMVno5WDNkM0dmQXdMSlZYNWlKeHhCVmxXN0ZwaU1QLVA2aTVhM2JYeDlEcll5cHZobTl2d1p1Y0dtZWx6Z1FHRFBoTkRXcDZWZGtsaWZ6Qlp6QkRYLUFEQ3FoYTZQemFPT3ZJbV90d1gtOHF2RQ?oc=5\" target=\"_blank\" rel=\"nofollow noopener\">Eksperti: \u0136\u012bnas Sji vair\u0101k nek\u0101 citi l\u012bderi ietekm\u0113 miera samita norisi<\/a>&nbsp;&nbsp;bb.lv<\/li>\n<li><a href=\"https:\/\/news.google.com\/rss\/articles\/CBMisAFBVV95cUxPUHdpQ1pKcXJWclB3Nml3S3ljdldXMVA5cWx4MncwclRpS1dNZ3VXTXU1bHZmVFBpOHVCM3BWWGNpVHJpZTNySkFMampfVEZoN3lNU19NVTcwNl9MT285aEYySlFFV09md2EtWkJESXpsbk5UdTh6Yzc0OS1FVHliOFlxaVZKWmw0cFgzLVIzaFdtRlhBcGVUbnlUOTRwTUZQN05xTnN3YkFJZFJpd05yaw?oc=5\" target=\"_blank\" rel=\"nofollow noopener\">Trampa pirm\u0101 \u0100zijas viz\u012bte: Invest\u012bcijas, miers un Sji Dzi\u0146pina sarunas<\/a>&nbsp;&nbsp;Lente.lv<\/li>\n<\/ol>\n","protected":false},"excerpt":{"rendered":"Tramps par kara izbeig\u0161anu Ukrain\u0101: &#8220;Es grib\u0113tu, lai \u0136\u012bna mums pal\u012bdz\u0113tu&#8221;&nbsp;&nbsp;Jauns.lv \u201cPutins vi\u0146u respekt\u0113\u2026\u201d Tramps nosauc politi\u0137i, kur\u0161&hellip;\n","protected":false},"author":2,"featured_media":30640,"comment_status":"","ping_status":"","sticky":false,"template":"","format":"standard","meta":{"footnotes":""},"categories":[14],"tags":[23,57,28,29,32,33,22,30,31,35,39,38,36,37,34,40,20,26,27,24,25,54,55,56,21,58],"class_list":{"0":"post-30639","1":"post","2":"type-post","3":"status-publish","4":"format-standard","5":"has-post-thumbnail","7":"category-zinas-no-arvalstim","8":"tag-aktualitates","9":"tag-arvalstim","10":"tag-breaking-news","11":"tag-breakingnews","12":"tag-featured-news","13":"tag-featurednews","14":"tag-headlines","15":"tag-latest-news","16":"tag-latestnews","17":"tag-latvia","18":"tag-latvian","19":"tag-latviesu","20":"tag-latviesu-valoda","21":"tag-latviesuvaloda","22":"tag-latvija","23":"tag-lv","24":"tag-news","25":"tag-popularakas-zinas","26":"tag-popularakaszinas","27":"tag-top-stories","28":"tag-topstories","29":"tag-world","30":"tag-world-news","31":"tag-worldnews","32":"tag-zinas","33":"tag-zinas-no-arvalstim"},"share_on_mastodon":{"url":"https:\/\/pubeurope.com\/@lv\/115434097328315062","error":""},"_links":{"self":[{"href":"https:\/\/www.europesays.com\/lv\/wp-json\/wp\/v2\/posts\/30639","targetHints":{"allow":["GET"]}}],"collection":[{"href":"https:\/\/www.europesays.com\/lv\/wp-json\/wp\/v2\/posts"}],"about":[{"href":"https:\/\/www.europesays.com\/lv\/wp-json\/wp\/v2\/types\/post"}],"author":[{"embeddable":true,"href":"https:\/\/www.europesays.com\/lv\/wp-json\/wp\/v2\/users\/2"}],"replies":[{"embeddable":true,"href":"https:\/\/www.europesays.com\/lv\/wp-json\/wp\/v2\/comments?post=30639"}],"version-history":[{"count":0,"href":"https:\/\/www.europesays.com\/lv\/wp-json\/wp\/v2\/posts\/30639\/revisions"}],"wp:featuredmedia":[{"embeddable":true,"href":"https:\/\/www.europesays.com\/lv\/wp-json\/wp\/v2\/media\/30640"}],"wp:attachment":[{"href":"https:\/\/www.europesays.com\/lv\/wp-json\/wp\/v2\/media?parent=30639"}],"wp:term":[{"taxonomy":"category","embeddable":true,"href":"https:\/\/www.europesays.com\/lv\/wp-json\/wp\/v2\/categories?post=30639"},{"taxonomy":"post_tag","embeddable":true,"href":"https:\/\/www.europesays.com\/lv\/wp-json\/wp\/v2\/tags?post=30639"}],"curies":[{"name":"wp","href":"https:\/\/api.w.org\/{rel}","templated":true}]}}