{"id":30655,"date":"2025-10-25T09:51:04","date_gmt":"2025-10-25T09:51:04","guid":{"rendered":"https:\/\/www.europesays.com\/lv\/30655\/"},"modified":"2025-10-25T09:51:04","modified_gmt":"2025-10-25T09:51:04","slug":"francijas-tiesa-piespriez-alzirietei-muza-ieslodzijumu-par-skolnieces-slepkavibu","status":"publish","type":"post","link":"https:\/\/www.europesays.com\/lv\/30655\/","title":{"rendered":"Francijas tiesa piesprie\u017e al\u017e\u012brietei m\u016b\u017ea ieslodz\u012bjumu par skolnieces slepkav\u012bbu"},"content":{"rendered":"<p>27 gadus vec\u0101 Dahbija Benkireda sa\u0146\u0113ma m\u016b\u017ea ieslodz\u012bjumu bez priek\u0161laic\u012bgas atbr\u012bvo\u0161anas iesp\u0113jas, k\u013c\u016bstot par pirmo sievieti, kurai Francij\u0101 piespriests \u0161is maksim\u0101lais sods.<\/p>\n<p>Benkireda tika atz\u012bta par vain\u012bgu 12 gadus vec\u0101s Lolas Dav\u012btas slepkav\u012bb\u0101, kas 2022. gad\u0101 tika izdar\u012bta Par\u012bze. \u0160\u012b lieta \u0161ausmin\u0101ja Franciju un izrais\u012bja noska\u0146ojumu pret imigr\u0101ciju, jo \u0161ai sievietei nebija ties\u012bbu atrasties Francij\u0101.<\/p>\n<p>Benkireda tika aiztur\u0113ta p\u0113c tam, kad Dav\u012bta pazuda Par\u012bzes zieme\u013caustrumos. Meitenes l\u012b\u0137is p\u0113c tam tika atrasts \u010demod\u0101n\u0101 \u0113kas vestibil\u0101, kur vi\u0146as t\u0113vs un m\u0101te str\u0101d\u0101ja par uzraugiem.<\/p>\n<p>Pr\u0101vas vado\u0161ais tiesnesis piemin\u0113ja &#8220;noziedz\u012bgo darb\u012bbu gal\u0113jo ne\u017e\u0113l\u012bbu&#8221;, raksturojot t\u0101s k\u0101 &#8220;\u012bstu sp\u012bdzin\u0101\u0161anu&#8221;.<\/p>\n<p>&#8220;Nosakot piem\u0113roto sodu, tiesa \u0146\u0113ma v\u0113r\u0101 neaprakst\u0101mo psiholo\u0123isko kait\u0113jumu, kas nodar\u012bts upurim un vi\u0146as \u0123imenei tik vardarb\u012bgos un gandr\u012bz neaprakst\u0101mos apst\u0101k\u013cos,&#8221; sac\u012bja tiesnesis.<\/p>\n<p>Prokurors piepras\u012bja piespriest &#8220;nesamazin\u0101mu m\u016b\u017ea ieslodz\u012bjumu&#8221;, kas ir smag\u0101kais Francijas krimin\u0101lkodeks\u0101 paredz\u0113tais sods, lai atspogu\u013cotu izdar\u012bto noziegumu &#8220;\u012bpa\u0161o smagumu&#8221;, &#8220;to ne\u017e\u0113l\u012bbu&#8221; un \u0123imenei nodar\u012bt\u0101s &#8220;cie\u0161anas&#8221;.<\/p>\n<p>Izmekl\u0113t\u0101ji konstat\u0113ja, ka Benkireda izvaroja un sp\u012bdzin\u0101ja meiteni pirms vi\u0146as nosmac\u0113\u0161anas.<\/p>\n<p>Pr\u0101vas s\u0101kum\u0101 pag\u0101ju\u0161aj\u0101 ned\u0113\u013c\u0101 al\u017e\u012briete atvainoj\u0101s par sav\u0101m &#8220;briesm\u012bgaj\u0101m&#8221; darb\u012bb\u0101m.<\/p>\n<p>Tr\u012bs psihiatrijas eksperti pazi\u0146oja, ka ir atz\u012bm\u0113ju\u0161i aps\u016bdz\u0113t\u0101s &#8220;psihop\u0101tisk\u0101s&#8221; tendences un neuzskata, ka vi\u0146a sirgtu ar k\u0101du psihisk\u0101s vesel\u012bbas st\u0101vokli, kas b\u016btu \u0101rst\u0113jams.<\/p>\n<p>Konservat\u012bvie un gal\u0113ji lab\u0113jie politi\u0137i izmantoja \u0161o lietu, lai aicin\u0101tu lab\u0101k piem\u0113rot imigr\u0101cijas likumu, jo bija konstat\u0113ts, ka Benkiredai bija beidzies studentu v\u012bzas termi\u0146\u0161 un vi\u0146a neiev\u0113roja r\u012bkojumu atst\u0101t Franciju.<\/p>\n<p>Noslepkavot\u0101s meitenes m\u0101te ir aicin\u0101jusi politi\u0137us izbeigt vi\u0146as meitas n\u0101ves izmanto\u0161anu sav\u0101s interes\u0113s.<\/p>\n","protected":false},"excerpt":{"rendered":"27 gadus vec\u0101 Dahbija Benkireda sa\u0146\u0113ma m\u016b\u017ea ieslodz\u012bjumu bez priek\u0161laic\u012bgas atbr\u012bvo\u0161anas iesp\u0113jas, k\u013c\u016bstot par pirmo sievieti, kurai Francij\u0101&hellip;\n","protected":false},"author":2,"featured_media":30656,"comment_status":"","ping_status":"","sticky":false,"template":"","format":"standard","meta":{"footnotes":""},"categories":[14],"tags":[23,57,28,29,32,33,1309,22,30,31,35,39,38,36,37,34,40,20,26,27,595,24,25,54,55,56,21,58],"class_list":{"0":"post-30655","1":"post","2":"type-post","3":"status-publish","4":"format-standard","5":"has-post-thumbnail","7":"category-zinas-no-arvalstim","8":"tag-aktualitates","9":"tag-arvalstim","10":"tag-breaking-news","11":"tag-breakingnews","12":"tag-featured-news","13":"tag-featurednews","14":"tag-francija","15":"tag-headlines","16":"tag-latest-news","17":"tag-latestnews","18":"tag-latvia","19":"tag-latvian","20":"tag-latviesu","21":"tag-latviesu-valoda","22":"tag-latviesuvaloda","23":"tag-latvija","24":"tag-lv","25":"tag-news","26":"tag-popularakas-zinas","27":"tag-popularakaszinas","28":"tag-slepkaviba","29":"tag-top-stories","30":"tag-topstories","31":"tag-world","32":"tag-world-news","33":"tag-worldnews","34":"tag-zinas","35":"tag-zinas-no-arvalstim"},"share_on_mastodon":{"url":"https:\/\/pubeurope.com\/@lv\/115434191782803171","error":""},"_links":{"self":[{"href":"https:\/\/www.europesays.com\/lv\/wp-json\/wp\/v2\/posts\/30655","targetHints":{"allow":["GET"]}}],"collection":[{"href":"https:\/\/www.europesays.com\/lv\/wp-json\/wp\/v2\/posts"}],"about":[{"href":"https:\/\/www.europesays.com\/lv\/wp-json\/wp\/v2\/types\/post"}],"author":[{"embeddable":true,"href":"https:\/\/www.europesays.com\/lv\/wp-json\/wp\/v2\/users\/2"}],"replies":[{"embeddable":true,"href":"https:\/\/www.europesays.com\/lv\/wp-json\/wp\/v2\/comments?post=30655"}],"version-history":[{"count":0,"href":"https:\/\/www.europesays.com\/lv\/wp-json\/wp\/v2\/posts\/30655\/revisions"}],"wp:featuredmedia":[{"embeddable":true,"href":"https:\/\/www.europesays.com\/lv\/wp-json\/wp\/v2\/media\/30656"}],"wp:attachment":[{"href":"https:\/\/www.europesays.com\/lv\/wp-json\/wp\/v2\/media?parent=30655"}],"wp:term":[{"taxonomy":"category","embeddable":true,"href":"https:\/\/www.europesays.com\/lv\/wp-json\/wp\/v2\/categories?post=30655"},{"taxonomy":"post_tag","embeddable":true,"href":"https:\/\/www.europesays.com\/lv\/wp-json\/wp\/v2\/tags?post=30655"}],"curies":[{"name":"wp","href":"https:\/\/api.w.org\/{rel}","templated":true}]}}