{"id":30659,"date":"2025-10-25T09:57:07","date_gmt":"2025-10-25T09:57:07","guid":{"rendered":"https:\/\/www.europesays.com\/lv\/30659\/"},"modified":"2025-10-25T09:57:07","modified_gmt":"2025-10-25T09:57:07","slug":"video-haoss-aiz-restem-sarkozi-cietuma-tiek-nodrosinata-papildu-apsardze","status":"publish","type":"post","link":"https:\/\/www.europesays.com\/lv\/30659\/","title":{"rendered":"VIDEO. Haoss aiz rest\u0113m: Sarkoz\u012b cietum\u0101 tiek nodro\u0161in\u0101ta papildu apsardze"},"content":{"rendered":"<p class=\"descr\">P\u0113c tam, kad biju\u0161ais Francijas prezidents Nikol\u0101 Sarkoz\u012b ierad\u0101s Par\u012bzes La Sant\u00e9 cietum\u0101, tr\u012bs ieslodz\u012btie tika aiztur\u0113ti par draudu izteik\u0161anu vi\u0146am, zi\u0146o &#8220;Nexta&#8221;.<\/p>\n<p>Tie\u0161saist\u0113 cirkul\u0113jo\u0161\u0101 video dzirdami kliedzieni un apvainojumi, kas n\u0101k no cietuma kameru logiem. <a href=\"https:\/\/nra.lv\/pasaule\/504790-bijuso-francijas-prezidentu-cietuma-sarga-drosibas-dienests.htm\" data-item-link=\"true\" data-item-id=\"504790\" rel=\"nofollow noopener\" target=\"_blank\">Sarkoz\u012b<\/a>, kas paz\u012bstams k\u0101 skarbs krustnesis c\u012b\u0146\u0101 pret noziedz\u012bbu, tagad dz\u012bvo starp tiem, kurus vi\u0146\u0161 reiz nos\u016bt\u012bja uz cietumu.<\/p>\n<p>Vi\u0146u 24 stundas diennakt\u012b apsarg\u0101 divi bru\u0146oti virsnieki \u2014 vien\u012bgie cilv\u0113ki cietum\u0101, kuriem at\u013cauts n\u0113s\u0101t iero\u010dus \u2014, kas ir sadusmojis person\u0101lu.<\/p>\n<p>Pastiprin\u0101t\u0101s dro\u0161\u012bbas un priv\u0101t\u0101s kameras d\u0113\u013c Sarkoz\u012b aiz\u0146em aptuveni \u010detras reizes vair\u0101k vietas nek\u0101 parastie ieslodz\u012btie, lai gan cietums jau t\u0101 ir \u013coti p\u0101rpild\u012bts.<\/p>\n<blockquote class=\"twitter-tweet\">\n<p lang=\"en\" dir=\"ltr\">\ufffd Chaos behind bars: Sarkozy met with shouts and threats in prison<\/p>\n<p>After former French President Nicolas Sarkozy arrived at Paris\u2019s La Sant\u00e9 prison, three inmates were detained for making threats against him. A video circulating online captures shouts and insults coming from\u2026 <a href=\"https:\/\/t.co\/qfVdWJqOnY\" rel=\"nofollow\">https:\/\/t.co\/qfVdWJqOnY<\/a> <a href=\"https:\/\/t.co\/E2bLz64RiM\" rel=\"nofollow\">pic.twitter.com\/E2bLz64RiM<\/a><\/p>\n<p>\u2014 NEXTA (@nexta_tv) <a href=\"https:\/\/twitter.com\/nexta_tv\/status\/1981652380362879458?ref_src=twsrc%5Etfw\" rel=\"nofollow noopener\" target=\"_blank\">October 24, 2025<\/a><\/p><\/blockquote>\n<p>\t\t\t\t\t\tinfo<\/p>\n<p>Uzzini pirmais<br \/>kas interesants noticis Latvij\u0101 un pasaul\u0113,<br \/>pievienojoties mums <a href=\"https:\/\/t.me\/neatkariga\" rel=\"nofollow\">Telegram<\/a> vai <a href=\"https:\/\/whatsapp.com\/channel\/0029VaMLFUH5K3zLU5s4wm3y\" rel=\"nofollow noopener\" target=\"_blank\">Whatsapp<\/a> kan\u0101l\u0101<\/p>\n<p>\t\t\t\t\t\t\t\t\t<script async src=\"https:\/\/platform.twitter.com\/widgets.js\" charset=\"utf-8\"><\/script><\/p>\n","protected":false},"excerpt":{"rendered":"P\u0113c tam, kad biju\u0161ais Francijas prezidents Nikol\u0101 Sarkoz\u012b ierad\u0101s Par\u012bzes La Sant\u00e9 cietum\u0101, tr\u012bs ieslodz\u012btie tika aiztur\u0113ti par&hellip;\n","protected":false},"author":2,"featured_media":30660,"comment_status":"","ping_status":"","sticky":false,"template":"","format":"standard","meta":{"footnotes":""},"categories":[14],"tags":[23,57,28,29,32,33,22,30,31,35,39,38,36,37,34,40,20,26,27,24,25,54,55,56,21,58],"class_list":{"0":"post-30659","1":"post","2":"type-post","3":"status-publish","4":"format-standard","5":"has-post-thumbnail","7":"category-zinas-no-arvalstim","8":"tag-aktualitates","9":"tag-arvalstim","10":"tag-breaking-news","11":"tag-breakingnews","12":"tag-featured-news","13":"tag-featurednews","14":"tag-headlines","15":"tag-latest-news","16":"tag-latestnews","17":"tag-latvia","18":"tag-latvian","19":"tag-latviesu","20":"tag-latviesu-valoda","21":"tag-latviesuvaloda","22":"tag-latvija","23":"tag-lv","24":"tag-news","25":"tag-popularakas-zinas","26":"tag-popularakaszinas","27":"tag-top-stories","28":"tag-topstories","29":"tag-world","30":"tag-world-news","31":"tag-worldnews","32":"tag-zinas","33":"tag-zinas-no-arvalstim"},"share_on_mastodon":{"url":"https:\/\/pubeurope.com\/@lv\/115434215385832381","error":""},"_links":{"self":[{"href":"https:\/\/www.europesays.com\/lv\/wp-json\/wp\/v2\/posts\/30659","targetHints":{"allow":["GET"]}}],"collection":[{"href":"https:\/\/www.europesays.com\/lv\/wp-json\/wp\/v2\/posts"}],"about":[{"href":"https:\/\/www.europesays.com\/lv\/wp-json\/wp\/v2\/types\/post"}],"author":[{"embeddable":true,"href":"https:\/\/www.europesays.com\/lv\/wp-json\/wp\/v2\/users\/2"}],"replies":[{"embeddable":true,"href":"https:\/\/www.europesays.com\/lv\/wp-json\/wp\/v2\/comments?post=30659"}],"version-history":[{"count":0,"href":"https:\/\/www.europesays.com\/lv\/wp-json\/wp\/v2\/posts\/30659\/revisions"}],"wp:featuredmedia":[{"embeddable":true,"href":"https:\/\/www.europesays.com\/lv\/wp-json\/wp\/v2\/media\/30660"}],"wp:attachment":[{"href":"https:\/\/www.europesays.com\/lv\/wp-json\/wp\/v2\/media?parent=30659"}],"wp:term":[{"taxonomy":"category","embeddable":true,"href":"https:\/\/www.europesays.com\/lv\/wp-json\/wp\/v2\/categories?post=30659"},{"taxonomy":"post_tag","embeddable":true,"href":"https:\/\/www.europesays.com\/lv\/wp-json\/wp\/v2\/tags?post=30659"}],"curies":[{"name":"wp","href":"https:\/\/api.w.org\/{rel}","templated":true}]}}