{"id":30667,"date":"2025-10-25T10:07:07","date_gmt":"2025-10-25T10:07:07","guid":{"rendered":"https:\/\/www.europesays.com\/lv\/30667\/"},"modified":"2025-10-25T10:07:07","modified_gmt":"2025-10-25T10:07:07","slug":"merzlikinam-paliekot-reerve-blue-jackets-kapitule-maca-pret-capitals","status":"publish","type":"post","link":"https:\/\/www.europesays.com\/lv\/30667\/","title":{"rendered":"Merz\u013cikinam paliekot reerv\u0113, &#8220;Blue Jackets&#8221; kapitul\u0113 ma\u010d\u0101 pret &#8220;Capitals&#8221;"},"content":{"rendered":"<p>&#8220;Blue Jackets&#8221; m\u0101j\u0101s ar rezult\u0101tu 1:5 (0:0, 0:1, 1:4) zaud\u0113ja Va\u0161ingtonas &#8220;Capitals&#8221; komandai, kas izc\u012bn\u012bja sesto pan\u0101kumu septi\u0146\u0101s sp\u0113l\u0113s.<\/p>\n<p>Otraj\u0101 period\u0101 viesus vad\u012bb\u0101 izvirz\u012bja D\u017eons Karlons, bet tre\u0161\u0101 perioda ievad\u0101 aptuveni min\u016btes laik\u0101 v\u0113l v\u0101rtus guva Aleksandrs Ove\u010dkins un D\u017eastins S\u016brdifs.<\/p>\n<p>Tre\u0161\u0101s tre\u0161da\u013cas vid\u016b vien\u012bgos m\u0101jinieku v\u0101rtsu guva Dentons Matei\u010duks, uz ko viesi atbild\u0113ja v\u0113l ar Toma Vilsona un Konora Makmaikla prec\u012bziem metieniem vair\u0101kumos, Va\u0161ingtonas komandai tiekot pie p\u0101rliecino\u0161a pan\u0101kuma.<\/p>\n<p>Merz\u013cikinam paliekot uz rezervistu soli\u0146a, m\u0101jinieku v\u0101rtus sarg\u0101ja D\u017eets Gr\u012bvss, kur\u0161 tika gal\u0101 ar 25 no 30 pretinieku metieniem.<\/p>\n<p>&#8220;Blue Jackets&#8221; ar se\u0161iem punktiem septi\u0146\u0101s sp\u0113l\u0113s ie\u0146em 14. vietu Austrumu konferenc\u0113 un n\u0101kamo ma\u010du aizvad\u012bs sestdien, kad viesos sp\u0113l\u0113s ar Art\u016bra \u0160ilova p\u0101rst\u0101v\u0113to Pitsburgas &#8220;Penguins&#8221;.<\/p>\n","protected":false},"excerpt":{"rendered":"&#8220;Blue Jackets&#8221; m\u0101j\u0101s ar rezult\u0101tu 1:5 (0:0, 0:1, 1:4) zaud\u0113ja Va\u0161ingtonas &#8220;Capitals&#8221; komandai, kas izc\u012bn\u012bja sesto pan\u0101kumu septi\u0146\u0101s&hellip;\n","protected":false},"author":2,"featured_media":30668,"comment_status":"","ping_status":"","sticky":false,"template":"","format":"standard","meta":{"footnotes":""},"categories":[17],"tags":[1436,836,838,394,721,1519,35,39,38,36,37,34,40,835,67,839],"class_list":{"0":"post-30667","1":"post","2":"type-post","3":"status-publish","4":"format-standard","5":"has-post-thumbnail","7":"category-sports","8":"tag-elvis-merzlikins","9":"tag-hokeja-jaunumi","10":"tag-hokejisti-arzemes","11":"tag-hokejs","12":"tag-hokejs-pasaule","13":"tag-kolumbusas-blue-jackets","14":"tag-latvia","15":"tag-latvian","16":"tag-latviesu","17":"tag-latviesu-valoda","18":"tag-latviesuvaloda","19":"tag-latvija","20":"tag-lv","21":"tag-nhl","22":"tag-sports","23":"tag-vasingtonas-capitals"},"share_on_mastodon":{"url":"https:\/\/pubeurope.com\/@lv\/115434254712586925","error":""},"_links":{"self":[{"href":"https:\/\/www.europesays.com\/lv\/wp-json\/wp\/v2\/posts\/30667","targetHints":{"allow":["GET"]}}],"collection":[{"href":"https:\/\/www.europesays.com\/lv\/wp-json\/wp\/v2\/posts"}],"about":[{"href":"https:\/\/www.europesays.com\/lv\/wp-json\/wp\/v2\/types\/post"}],"author":[{"embeddable":true,"href":"https:\/\/www.europesays.com\/lv\/wp-json\/wp\/v2\/users\/2"}],"replies":[{"embeddable":true,"href":"https:\/\/www.europesays.com\/lv\/wp-json\/wp\/v2\/comments?post=30667"}],"version-history":[{"count":0,"href":"https:\/\/www.europesays.com\/lv\/wp-json\/wp\/v2\/posts\/30667\/revisions"}],"wp:featuredmedia":[{"embeddable":true,"href":"https:\/\/www.europesays.com\/lv\/wp-json\/wp\/v2\/media\/30668"}],"wp:attachment":[{"href":"https:\/\/www.europesays.com\/lv\/wp-json\/wp\/v2\/media?parent=30667"}],"wp:term":[{"taxonomy":"category","embeddable":true,"href":"https:\/\/www.europesays.com\/lv\/wp-json\/wp\/v2\/categories?post=30667"},{"taxonomy":"post_tag","embeddable":true,"href":"https:\/\/www.europesays.com\/lv\/wp-json\/wp\/v2\/tags?post=30667"}],"curies":[{"name":"wp","href":"https:\/\/api.w.org\/{rel}","templated":true}]}}